{"id":440030,"date":"2026-03-25T11:35:56","date_gmt":"2026-03-25T14:35:56","guid":{"rendered":"https:\/\/notinor.com\/jujuy\/?p=440030"},"modified":"2026-03-25T11:35:58","modified_gmt":"2026-03-25T14:35:58","slug":"ley-de-glaciares-con-mas-de-102-mil-inscriptos-arrancaron-las-audiencias-en-un-clima-de-tension","status":"publish","type":"post","link":"https:\/\/notinor.com\/jujuy\/ley-de-glaciares-con-mas-de-102-mil-inscriptos-arrancaron-las-audiencias-en-un-clima-de-tension\/","title":{"rendered":"Ley de Glaciares: con m\u00e1s de 102 mil inscriptos, arrancaron las audiencias en un clima de tensi\u00f3n"},"content":{"rendered":"\n<p class=\"has-medium-font-size\"><strong><em>La C\u00e1mara de Diputados inici\u00f3 un debate atravesado por inscripciones r\u00e9cord, cuestionamientos por el cupo y una sesi\u00f3n prevista para abril.<\/em><\/strong><\/p>\n\n\n<div class=\"wp-block-image\">\n<figure class=\"aligncenter\"><img decoding=\"async\" src=\"https:\/\/tn.com.ar\/resizer\/v2\/diputados-arrancaron-las-audiencias-por-la-ley-de-glaciares-foto-camara-de-diputados-TIWCA4DZU5GJFKD7GK2OZZKUFU.jfif?auth=9c12e152cfb451787c86eca336e543cf8acc3f9d7884664d4af16e2613009dd4&amp;width=767\" alt=\"Diputados: arrancaron las audiencias por la Ley de Glaciares. (Foto: C\u00e1mara de Diputados)\"\/><figcaption class=\"wp-element-caption\">Diputados: arrancaron las audiencias por la Ley de Glaciares<\/figcaption><\/figure><\/div>\n\n\n<p>Pese a la inscripci\u00f3n in\u00e9dita de 102.000 personas para exponer en las audiencias por la <strong>reforma de la Ley de Glaciares\u00a0<\/strong>en Diputados, las jornadas de participaci\u00f3n ciudadana est\u00e1n limitadas a menos de 400 personas durante este mi\u00e9rcoles y jueves.<\/p>\n\n\n\n<p>A principios de marzo, el oficialismo habilit\u00f3 la inscripci\u00f3n para participar de dos audiencias p\u00fablicas: una presencial en la C\u00e1mara Baja&nbsp;<strong>el 25 de marzo y otra virtual el 26.<\/strong><\/p>\n\n\n\n<p>Pero ante un n\u00famero creciente, el oficialismo decidi\u00f3 que solamente se iban a seleccionar para exponer a algunas personas de cada provincia. El resto podr\u00eda enviar un video por YouTube. Organizaciones ambientales pusieron una medida cautelar para que se les d\u00e9 lugar a todos, pero el juez federal Enrique Alonso Regueira, a cargo del Juzgado Contencioso Administrativo Federal N\u00b05,&nbsp;<strong>la desestim\u00f3.<\/strong><\/p>\n\n\n\n<p>De esta manera, el Congreso avanzar\u00e1 con un esquema de participaci\u00f3n mixto que combinar\u00e1&nbsp;<strong>exposiciones presenciales, intervenciones virtuales y la posibilidad de presentar aportes por escrito o en formato audiovisual<\/strong>.<\/p>\n\n\n<div class=\"wp-block-image\">\n<figure class=\"aligncenter\"><img decoding=\"async\" src=\"https:\/\/tn.com.ar\/resizer\/v2\/los-diputados-libertarios-jose-peluc-y-nicolas-mayoraz-presidentes-de-las-comisiones-de-recursos-naturales-y-asuntos-constitucionales-foto-diputados-7HNIPOOD7RHETMZFXZLKM7S6GY.JPG?auth=7918149fb5fc5c88a7fb793444dca57ece4a587681808c8b6e61c7bf70166af7&amp;width=767\" alt=\"Los diputados libertarios Jos\u00e9 Peluc y Nicol\u00e1s Mayor\u00e1z, presidentes de las comisiones de Recursos Naturales y Asuntos Constitucionales. (Foto Diputados)\"\/><figcaption class=\"wp-element-caption\">Los diputados libertarios Jos\u00e9 Peluc y Nicol\u00e1s Mayor\u00e1z, presidentes de las comisiones de Recursos Naturales y Asuntos Constitucionales<\/figcaption><\/figure><\/div>\n\n\n<p>Seg\u00fan el esquema definido por las comisiones de Recursos Naturales y de Asuntos Constitucionales,&nbsp;<strong>habr\u00e1 un total de 360 expositores<\/strong>: 180 participar\u00e1n de forma presencial el mi\u00e9rcoles y otros 180 lo har\u00e1n de manera remota el jueves. Las audiencias comenzar\u00e1n a las 10 en la sala del piso 2 del anexo C.<\/p>\n\n\n\n<p>El resto de los inscriptos pudo enviar un video de hasta cinco minutos o un documento escrito que ser\u00e1 incorporado al expediente legislativo como insumo para el debate.<\/p>\n\n\n\n<p>Sin embargo, el criterio de selecci\u00f3n \u2014que prioriza a los primeros anotados de cada provincia para garantizar representaci\u00f3n federal\u2014 gener\u00f3 fuertes cr\u00edticas. Desde sectores de la oposici\u00f3n y organizaciones socioambientales denunciaron que&nbsp;<strong>el mecanismo deja afuera a la gran mayor\u00eda de los interesados<\/strong>, ya que menos del 0,3% podr\u00e1 tomar la palabra en vivo.<\/p>\n\n\n\n<p>En ese contexto, distintas agrupaciones convocaron a una&nbsp;<strong>movilizaci\u00f3n frente al Congreso<\/strong>&nbsp;bajo la consigna \u201cHacer fila hasta que nos dejen hablar\u201d.<\/p>\n\n\n\n<p>La protesta est\u00e1 prevista para<strong>&nbsp;este mi\u00e9rcoles a las 17<\/strong>&nbsp;y cuenta con el respaldo de organizaciones ambientalistas, movimientos sociales, representantes de pueblos originarios y espacios pol\u00edticos de la oposici\u00f3n, entre ellos sectores del PJ, la izquierda, la Coalici\u00f3n C\u00edvica y parte del radicalismo.<\/p>\n\n\n\n<p><strong>El Gobierno desplegar\u00e1 un intenso operativo de seguridad<\/strong>&nbsp;y recomienda evitar la zona.<\/p>\n\n\n<div class=\"wp-block-image\">\n<figure class=\"aligncenter\"><img decoding=\"async\" src=\"https:\/\/tn.com.ar\/resizer\/v2\/sesion-en-el-senado-por-el-acuerdo-union-europea-mercosur-y-la-reforma-de-la-ley-de-glaciares-foto-x-senadoargentina-JMMIS34KVBAP7N23SR2PV65J64.jpg?auth=7007506a52d6f1a0cb50f438639a0be65ff7d75a19d4a908285b1ac374582826&amp;width=767\" alt=\"Sesi\u00f3n en el Senado por el acuerdo Uni\u00f3n Europea - Mercosur y la reforma de la Ley de Glaciares. (Foto: X @SenadoArgentina)\"\/><figcaption class=\"wp-element-caption\">Sesi\u00f3n en el Senado por el acuerdo Uni\u00f3n Europea - Mercosur y la reforma de la Ley de Glaciares<\/figcaption><\/figure><\/div>\n\n\n<p>Las cr\u00edticas tambi\u00e9n apuntan a que&nbsp;<strong>el formato adoptado podr\u00eda contradecir est\u00e1ndares de participaci\u00f3n p\u00fablica<\/strong>&nbsp;establecidos en acuerdos internacionales y en la legislaci\u00f3n ambiental vigente. Desde el oficialismo, en cambio, defendieron la modalidad al asegurar que permite una intervenci\u00f3n amplia y federal, incluso para quienes no puedan exponer oralmente.<\/p>\n\n\n\n<p>El proyecto de reforma, que ya cuenta con media sanci\u00f3n del Senado, propone&nbsp;<strong>introducir cambios en la protecci\u00f3n de las zonas periglaciares<\/strong>.<\/p>\n\n\n\n<p>En t\u00e9rminos generales, busca<strong>&nbsp;acotar el alcance de la normativa vigente<\/strong>, limitando la protecci\u00f3n a aquellas formaciones que cumplan una funci\u00f3n h\u00eddrica comprobable. Tambi\u00e9n plantea otorgar mayor protagonismo a las provincias en la actualizaci\u00f3n del inventario de glaciares, una tarea que actualmente realiza un organismo cient\u00edfico nacional.<\/p>\n","protected":false},"excerpt":{"rendered":"<p>La C\u00e1mara de Diputados inici\u00f3 un debate atravesado por inscripciones r\u00e9cord, cuestionamientos por el cupo y una sesi\u00f3n prevista para abril. Pese a la inscripci\u00f3n in\u00e9dita de 102.000 personas para exponer en las audiencias por la reforma de la Ley de Glaciares\u00a0en Diputados, las jornadas de participaci\u00f3n ciudadana est\u00e1n limitadas a menos de 400 personas [&hellip;]<\/p>\n","protected":false},"author":5,"featured_media":440031,"comment_status":"open","ping_status":"open","sticky":false,"template":"","format":"standard","meta":{"_stopmodifiedupdate":false,"_modified_date":"","inline_featured_image":false,"spay_email":"","jetpack_publicize_message":""},"categories":[501],"tags":[],"jetpack_featured_media_url":"https:\/\/notinor.com\/jujuy\/wp-content\/uploads\/2026\/03\/SENAD.jpg","jetpack_publicize_connections":[],"_links":{"self":[{"href":"https:\/\/notinor.com\/jujuy\/wp-json\/wp\/v2\/posts\/440030"}],"collection":[{"href":"https:\/\/notinor.com\/jujuy\/wp-json\/wp\/v2\/posts"}],"about":[{"href":"https:\/\/notinor.com\/jujuy\/wp-json\/wp\/v2\/types\/post"}],"author":[{"embeddable":true,"href":"https:\/\/notinor.com\/jujuy\/wp-json\/wp\/v2\/users\/5"}],"replies":[{"embeddable":true,"href":"https:\/\/notinor.com\/jujuy\/wp-json\/wp\/v2\/comments?post=440030"}],"version-history":[{"count":1,"href":"https:\/\/notinor.com\/jujuy\/wp-json\/wp\/v2\/posts\/440030\/revisions"}],"predecessor-version":[{"id":440032,"href":"https:\/\/notinor.com\/jujuy\/wp-json\/wp\/v2\/posts\/440030\/revisions\/440032"}],"wp:featuredmedia":[{"embeddable":true,"href":"https:\/\/notinor.com\/jujuy\/wp-json\/wp\/v2\/media\/440031"}],"wp:attachment":[{"href":"https:\/\/notinor.com\/jujuy\/wp-json\/wp\/v2\/media?parent=440030"}],"wp:term":[{"taxonomy":"category","embeddable":true,"href":"https:\/\/notinor.com\/jujuy\/wp-json\/wp\/v2\/categories?post=440030"},{"taxonomy":"post_tag","embeddable":true,"href":"https:\/\/notinor.com\/jujuy\/wp-json\/wp\/v2\/tags?post=440030"}],"curies":[{"name":"wp","href":"https:\/\/api.w.org\/{rel}","templated":true}]}}