{"id":440021,"date":"2026-03-25T10:34:07","date_gmt":"2026-03-25T13:34:07","guid":{"rendered":"https:\/\/notinor.com\/jujuy\/?p=440021"},"modified":"2026-03-25T10:34:09","modified_gmt":"2026-03-25T13:34:09","slug":"agostina-paez-no-ira-a-prision-pero-el-precio-de-su-libertad-es-un-escandalo","status":"publish","type":"post","link":"https:\/\/notinor.com\/jujuy\/agostina-paez-no-ira-a-prision-pero-el-precio-de-su-libertad-es-un-escandalo\/","title":{"rendered":"Agostina P\u00e1ez no ir\u00e1 a prisi\u00f3n, pero el precio de su libertad es un esc\u00e1ndalo"},"content":{"rendered":"\n<p class=\"has-medium-font-size\"><strong><em>Tras el fallo que le permite volver a Santiago del Estero, Mariano P\u00e1ez, padre de la abogada, denunci\u00f3 un ensa\u00f1amiento desmedido y una reparaci\u00f3n econ\u00f3mica que calific\u00f3 de \"estafa\".<\/em><\/strong><\/p>\n\n\n\n<p class=\"has-text-align-center\"><img decoding=\"async\" src=\"https:\/\/images-tools.cadena3.com\/tools\/r\/9fb200a7-b7d0-4caa-9e10-7e2283495cd7.jpg?width=1200&amp;height=772\" alt=\"archivo.\">El calvario de Agostina en Brasil: \"Fue una causa armada para dar un ejemplo\"<\/p>\n\n\n\n<p><strong>Mariano P\u00e1ez<\/strong>\u00a0no oculta el alivio, pero tampoco la indignaci\u00f3n. En di\u00e1logo con\u00a0Cadena 3\u00a0tras conocerse que su hija,\u00a0<strong>Agostina P\u00e1ez<\/strong>, podr\u00e1 regresar a la\u00a0<strong>Argentina<\/strong>, el hombre describi\u00f3 meses de p\u00e1nico, depresi\u00f3n y lo que considera una\u00a0<strong>\"causa armada\"<\/strong>.<\/p>\n\n\n\n<p>Aunque la joven abogada&nbsp;<strong>santiague\u00f1a<\/strong>&nbsp;evit\u00f3 la prisi\u00f3n, el costo de su libertad ambulatoria incluye tareas comunitarias y una cifra de dinero que la familia tilda de&nbsp;<strong>desprop\u00f3sito<\/strong>.<\/p>\n\n\n\n<p>\u201cEs un alivio terrible, un peso que nos sacamos de encima, sobre todo&nbsp;<strong>Agostina<\/strong>&nbsp;que todav\u00eda est\u00e1 deprimida\u201d, confes\u00f3&nbsp;<strong>P\u00e1ez<\/strong>. Seg\u00fan el relato del padre, la&nbsp;<strong>fiscal\u00eda brasile\u00f1a<\/strong>&nbsp;redujo los cargos tras detectar contradicciones entre los denunciantes, aunque mantuvo la acusaci\u00f3n por el gesto racista que la joven admiti\u00f3 haber realizado.<a href=\"https:\/\/www.cadena3.com\/noticia\/sociedad\/agostina-paez-regresara-a-argentina-tras-audiencia-en-brasil-por-injuria-racial_533008\"><\/a><\/p>\n\n\n\n<p><strong>Una reparaci\u00f3n econ\u00f3mica bajo la lupa<\/strong><\/p>\n\n\n\n<p>El punto m\u00e1s conflictivo del acuerdo judicial es el&nbsp;<strong>resarcimiento econ\u00f3mico<\/strong>.&nbsp;<strong>Mariano P\u00e1ez<\/strong>&nbsp;denunci\u00f3 que las v\u00edctimas exigen sumas astron\u00f3micas para cerrar el proceso. \u201cPiden 40 mil d\u00f3lares por cada v\u00edctima (ser\u00edan tres). Es una estafa total\u201d, sentenci\u00f3, asegurando que deber\u00e1 recurrir a pr\u00e9stamos de amigos para afrontar los gastos tras meses de sostener la estad\u00eda y la defensa legal en&nbsp;<strong>Brasil<\/strong>.<\/p>\n\n\n\n<p><strong>El fantasma del \"caso testigo\"<\/strong><\/p>\n\n\n\n<p>Para la familia,&nbsp;<strong>Agostina<\/strong>&nbsp;fue utilizada como un escarmiento para el turismo extranjero.&nbsp;<strong>P\u00e1ez<\/strong>&nbsp;destac\u00f3 que su hija sufri\u00f3 amenazas de&nbsp;<strong>\"grupos pesados\"<\/strong>&nbsp;y que incluso se realizaron spots publicitarios en su contra. \"Quer\u00edan dar un ejemplo con ella cuando los hechos no eran ver\u00eddicos. No justifico el gesto racista, ella se arrepinti\u00f3 y pidi\u00f3 disculpas, pero lo otro fue una&nbsp;<strong>exageraci\u00f3n<\/strong>\", explic\u00f3.<\/p>\n\n\n\n<p><strong>El regreso a Santiago del Estero<\/strong><\/p>\n\n\n\n<p>Si los tr\u00e1mites protocolares avanzan sin trabas,\u00a0<strong>Agostina P\u00e1ez<\/strong>\u00a0podr\u00eda estar de regreso en\u00a0<strong>Santiago del Estero<\/strong>\u00a0a principios de la pr\u00f3xima semana.\u00a0<\/p>\n\n\n\n<p>All\u00ed deber\u00e1 cumplir con los trabajos comunitarios impuestos, que consistir\u00edan en brindar charlas sobre&nbsp;<strong>racismo<\/strong>. \u201cMe quedo acompa\u00f1\u00e1ndola hasta que vuelva\u201d, concluy\u00f3 su padre, marcando el final de lo que&nbsp;<strong>Agostina<\/strong>&nbsp;defini\u00f3 como&nbsp;<strong>\"la peor experiencia de su vida\"<\/strong>.<\/p>\n","protected":false},"excerpt":{"rendered":"<p>Tras el fallo que le permite volver a Santiago del Estero, Mariano P\u00e1ez, padre de la abogada, denunci\u00f3 un ensa\u00f1amiento desmedido y una reparaci\u00f3n econ\u00f3mica que calific\u00f3 de \"estafa\". El calvario de Agostina en Brasil: \"Fue una causa armada para dar un ejemplo\" Mariano P\u00e1ez\u00a0no oculta el alivio, pero tampoco la indignaci\u00f3n. En di\u00e1logo con\u00a0Cadena [&hellip;]<\/p>\n","protected":false},"author":5,"featured_media":440022,"comment_status":"open","ping_status":"open","sticky":false,"template":"","format":"standard","meta":{"_stopmodifiedupdate":false,"_modified_date":"","inline_featured_image":false,"spay_email":"","jetpack_publicize_message":""},"categories":[5],"tags":[],"jetpack_featured_media_url":"https:\/\/notinor.com\/jujuy\/wp-content\/uploads\/2026\/03\/AGOSTINA.jpg","jetpack_publicize_connections":[],"_links":{"self":[{"href":"https:\/\/notinor.com\/jujuy\/wp-json\/wp\/v2\/posts\/440021"}],"collection":[{"href":"https:\/\/notinor.com\/jujuy\/wp-json\/wp\/v2\/posts"}],"about":[{"href":"https:\/\/notinor.com\/jujuy\/wp-json\/wp\/v2\/types\/post"}],"author":[{"embeddable":true,"href":"https:\/\/notinor.com\/jujuy\/wp-json\/wp\/v2\/users\/5"}],"replies":[{"embeddable":true,"href":"https:\/\/notinor.com\/jujuy\/wp-json\/wp\/v2\/comments?post=440021"}],"version-history":[{"count":1,"href":"https:\/\/notinor.com\/jujuy\/wp-json\/wp\/v2\/posts\/440021\/revisions"}],"predecessor-version":[{"id":440023,"href":"https:\/\/notinor.com\/jujuy\/wp-json\/wp\/v2\/posts\/440021\/revisions\/440023"}],"wp:featuredmedia":[{"embeddable":true,"href":"https:\/\/notinor.com\/jujuy\/wp-json\/wp\/v2\/media\/440022"}],"wp:attachment":[{"href":"https:\/\/notinor.com\/jujuy\/wp-json\/wp\/v2\/media?parent=440021"}],"wp:term":[{"taxonomy":"category","embeddable":true,"href":"https:\/\/notinor.com\/jujuy\/wp-json\/wp\/v2\/categories?post=440021"},{"taxonomy":"post_tag","embeddable":true,"href":"https:\/\/notinor.com\/jujuy\/wp-json\/wp\/v2\/tags?post=440021"}],"curies":[{"name":"wp","href":"https:\/\/api.w.org\/{rel}","templated":true}]}}