{"id":440013,"date":"2026-03-25T10:18:22","date_gmt":"2026-03-25T13:18:22","guid":{"rendered":"https:\/\/notinor.com\/jujuy\/?p=440013"},"modified":"2026-03-25T10:18:25","modified_gmt":"2026-03-25T13:18:25","slug":"jujuy-recordo-a-las-victimas-del-terrorismo-de-estado-a-50-anos-del-golpe","status":"publish","type":"post","link":"https:\/\/notinor.com\/jujuy\/jujuy-recordo-a-las-victimas-del-terrorismo-de-estado-a-50-anos-del-golpe\/","title":{"rendered":"Jujuy record\u00f3 a las v\u00edctimas del terrorismo de Estado a 50 a\u00f1os del golpe"},"content":{"rendered":"\n<h2 class=\"has-medium-font-size\">La <strong><em>Secretar\u00eda de Derechos Humanos destac\u00f3 la importancia de sostener y fortalecer el compromiso con la memoria, la verdad y la justicia a cinco d\u00e9cadas del golpe de Estado.<\/em><\/strong><\/h2>\n\n\n<div class=\"wp-block-image\">\n<figure class=\"aligncenter size-full\"><img decoding=\"async\" loading=\"lazy\" width=\"689\" height=\"461\" src=\"https:\/\/notinor.com\/jujuy\/wp-content\/uploads\/2026\/03\/HOMENAJE.jpg\" alt=\"\" class=\"wp-image-440014\" srcset=\"https:\/\/notinor.com\/jujuy\/wp-content\/uploads\/2026\/03\/HOMENAJE.jpg 689w, https:\/\/notinor.com\/jujuy\/wp-content\/uploads\/2026\/03\/HOMENAJE-546x365.jpg 546w\" sizes=\"(max-width: 689px) 100vw, 689px\" \/><figcaption class=\"wp-element-caption\">Mesa conmemorativa<\/figcaption><\/figure><\/div>\n\n\n<p>En el marco del 24 de marzo, se llev\u00f3 a cabo la<strong>&nbsp;Mesa Conmemorativa \u2013 50 A\u00f1os del Golpe de Estado (1976\u20132026)&nbsp;<\/strong>en las instalaciones de la Secretar\u00eda de Derechos Humanos de la Provincia de Jujuy, con la participaci\u00f3n de organismos de derechos humanos, actores institucionales y p\u00fablico en general.<\/p>\n\n\n<div class=\"wp-block-image\">\n<figure class=\"aligncenter size-full\"><img decoding=\"async\" loading=\"lazy\" width=\"645\" height=\"448\" src=\"https:\/\/notinor.com\/jujuy\/wp-content\/uploads\/2026\/03\/MEMORIA1-1.jpg\" alt=\"\" class=\"wp-image-440017\" srcset=\"https:\/\/notinor.com\/jujuy\/wp-content\/uploads\/2026\/03\/MEMORIA1-1.jpg 645w, https:\/\/notinor.com\/jujuy\/wp-content\/uploads\/2026\/03\/MEMORIA1-1-526x365.jpg 526w\" sizes=\"(max-width: 645px) 100vw, 645px\" \/><\/figure><\/div>\n\n\n<p>La actividad, impulsada por la Direcci\u00f3n Provincial de Derechos Humanos el \u00faltimo jueves, comenz\u00f3 con la proyecci\u00f3n de la galer\u00eda de rostros de los&nbsp;<strong>144 juje\u00f1os detenidos-desaparecidos<\/strong>, en un emotivo espacio de memoria y reflexi\u00f3n.<\/p>\n\n\n<div class=\"wp-block-image\">\n<figure class=\"aligncenter size-full\"><img decoding=\"async\" loading=\"lazy\" width=\"654\" height=\"396\" src=\"https:\/\/notinor.com\/jujuy\/wp-content\/uploads\/2026\/03\/MEMORIA1-2.jpg\" alt=\"\" class=\"wp-image-440018\" srcset=\"https:\/\/notinor.com\/jujuy\/wp-content\/uploads\/2026\/03\/MEMORIA1-2.jpg 654w, https:\/\/notinor.com\/jujuy\/wp-content\/uploads\/2026\/03\/MEMORIA1-2-603x365.jpg 603w\" sizes=\"(max-width: 654px) 100vw, 654px\" \/><\/figure><\/div>\n\n\n<p>La apertura institucional estuvo a cargo de la directora de Derechos Humanos, <strong>Yolanda Suruguay<\/strong>, a cargo de la Secretar\u00eda de Derechos Humanos, quien destac\u00f3 la importancia de sostener y fortalecer las pol\u00edticas p\u00fablicas de memoria, verdad y justicia a cinco d\u00e9cadas del golpe de Estado.<\/p>\n\n\n<div class=\"wp-block-image\">\n<figure class=\"aligncenter size-full\"><img decoding=\"async\" loading=\"lazy\" width=\"702\" height=\"475\" src=\"https:\/\/notinor.com\/jujuy\/wp-content\/uploads\/2026\/03\/MEMORIA-1.jpg\" alt=\"\" class=\"wp-image-440019\" srcset=\"https:\/\/notinor.com\/jujuy\/wp-content\/uploads\/2026\/03\/MEMORIA-1.jpg 702w, https:\/\/notinor.com\/jujuy\/wp-content\/uploads\/2026\/03\/MEMORIA-1-539x365.jpg 539w\" sizes=\"(max-width: 702px) 100vw, 702px\" \/><\/figure><\/div>\n\n\n<p>La jornada cont\u00f3 adem\u00e1s con el acompa\u00f1amiento de la directora provincial de Relaciones con la Sociedad Civil, <strong>Elisa Ingrid Carretero<\/strong>, y de la secretaria de Justicia, <strong>Mar\u00eda Marcela Infante,<\/strong> quienes participaron de las distintas instancias del encuentro.\u00a0<\/p>\n\n\n\n<p>Posteriormente, se present\u00f3 el marco institucional de trabajo del organismo, seguido de la socializaci\u00f3n de la resoluci\u00f3n que convoca a la conformaci\u00f3n de una mesa interinstitucional, destinada a articular acciones entre distintos actores comprometidos con la defensa de los derechos humanos.<\/p>\n\n\n\n<p><strong>Construcci\u00f3n de la memoria colectiva a 50 a\u00f1os del golpe de Estado<\/strong><\/p>\n\n\n\n<p>Uno de los momentos centrales fue el di\u00e1logo abierto entre organismos y participantes, donde<strong>&nbsp;se compartieron reflexiones, experiencias y propuestas en torno a la construcci\u00f3n colectiva de la memoria<\/strong>.&nbsp;<\/p>\n\n\n\n<p>La jornada continu\u00f3 con la colocaci\u00f3n de una ofrenda floral y un minuto de silencio en homenaje a las v\u00edctimas del terrorismo de Estado, reafirmando el compromiso con la memoria y el Nunca M\u00e1s.&nbsp;<\/p>\n\n\n\n<p>Asimismo, se realiz\u00f3 la entrega de reconocimientos conmemorativos a personas e instituciones que acompa\u00f1an y fortalecen el trabajo por los derechos humanos en la provincia.&nbsp;<\/p>\n\n\n\n<p>El encuentro consolid\u00f3 un espacio de reflexi\u00f3n, memoria y compromiso colectivo en el marco de una fecha profundamente significativa para la historia argentina.<\/p>\n","protected":false},"excerpt":{"rendered":"<p>La Secretar\u00eda de Derechos Humanos destac\u00f3 la importancia de sostener y fortalecer el compromiso con la memoria, la verdad y la justicia a cinco d\u00e9cadas del golpe de Estado. En el marco del 24 de marzo, se llev\u00f3 a cabo la&nbsp;Mesa Conmemorativa \u2013 50 A\u00f1os del Golpe de Estado (1976\u20132026)&nbsp;en las instalaciones de la Secretar\u00eda [&hellip;]<\/p>\n","protected":false},"author":5,"featured_media":440016,"comment_status":"open","ping_status":"open","sticky":false,"template":"","format":"standard","meta":{"_stopmodifiedupdate":false,"_modified_date":"","inline_featured_image":false,"spay_email":"","jetpack_publicize_message":""},"categories":[2],"tags":[],"jetpack_featured_media_url":"https:\/\/notinor.com\/jujuy\/wp-content\/uploads\/2026\/03\/MEMORIA1.jpg","jetpack_publicize_connections":[],"_links":{"self":[{"href":"https:\/\/notinor.com\/jujuy\/wp-json\/wp\/v2\/posts\/440013"}],"collection":[{"href":"https:\/\/notinor.com\/jujuy\/wp-json\/wp\/v2\/posts"}],"about":[{"href":"https:\/\/notinor.com\/jujuy\/wp-json\/wp\/v2\/types\/post"}],"author":[{"embeddable":true,"href":"https:\/\/notinor.com\/jujuy\/wp-json\/wp\/v2\/users\/5"}],"replies":[{"embeddable":true,"href":"https:\/\/notinor.com\/jujuy\/wp-json\/wp\/v2\/comments?post=440013"}],"version-history":[{"count":1,"href":"https:\/\/notinor.com\/jujuy\/wp-json\/wp\/v2\/posts\/440013\/revisions"}],"predecessor-version":[{"id":440020,"href":"https:\/\/notinor.com\/jujuy\/wp-json\/wp\/v2\/posts\/440013\/revisions\/440020"}],"wp:featuredmedia":[{"embeddable":true,"href":"https:\/\/notinor.com\/jujuy\/wp-json\/wp\/v2\/media\/440016"}],"wp:attachment":[{"href":"https:\/\/notinor.com\/jujuy\/wp-json\/wp\/v2\/media?parent=440013"}],"wp:term":[{"taxonomy":"category","embeddable":true,"href":"https:\/\/notinor.com\/jujuy\/wp-json\/wp\/v2\/categories?post=440013"},{"taxonomy":"post_tag","embeddable":true,"href":"https:\/\/notinor.com\/jujuy\/wp-json\/wp\/v2\/tags?post=440013"}],"curies":[{"name":"wp","href":"https:\/\/api.w.org\/{rel}","templated":true}]}}