{"id":439712,"date":"2026-03-16T21:00:00","date_gmt":"2026-03-17T00:00:00","guid":{"rendered":"https:\/\/notinor.com\/jujuy\/?p=439712"},"modified":"2026-03-16T09:00:26","modified_gmt":"2026-03-16T09:00:26","slug":"recambio-e-izamiento-de-banderas","status":"publish","type":"post","link":"https:\/\/notinor.com\/jujuy\/recambio-e-izamiento-de-banderas\/","title":{"rendered":"Recambio e Izamiento de Banderas"},"content":{"rendered":"\n<p class=\"has-medium-font-size\"><em><strong>En el Parque C\u00edvico de las Banderas situado en el Acceso Sur de la Ciudad, se realiz\u00f3 esta ma\u00f1ana la reposici\u00f3n y el izamiento de las Bandera Nacional y la Bandera Nacional de la Libertad Civil, actividad que estuvo a cargo del Concejo Deliberante de San Salvador de Jujuy y Gendarmer\u00eda Nacional.<\/strong><\/em><\/p>\n\n\n<div class=\"wp-block-image\">\n<figure class=\"aligncenter size-large\"><img decoding=\"async\" loading=\"lazy\" width=\"720\" height=\"480\" src=\"https:\/\/notinor.com\/jujuy\/wp-content\/uploads\/2026\/03\/ACTO1-5-720x480.jpg\" alt=\"\" class=\"wp-image-439714\" srcset=\"https:\/\/notinor.com\/jujuy\/wp-content\/uploads\/2026\/03\/ACTO1-5-720x480.jpg 720w, https:\/\/notinor.com\/jujuy\/wp-content\/uploads\/2026\/03\/ACTO1-5-548x365.jpg 548w, https:\/\/notinor.com\/jujuy\/wp-content\/uploads\/2026\/03\/ACTO1-5-768x512.jpg 768w, https:\/\/notinor.com\/jujuy\/wp-content\/uploads\/2026\/03\/ACTO1-5-1536x1024.jpg 1536w, https:\/\/notinor.com\/jujuy\/wp-content\/uploads\/2026\/03\/ACTO1-5-2048x1365.jpg 2048w, https:\/\/notinor.com\/jujuy\/wp-content\/uploads\/2026\/03\/ACTO1-5-750x500.jpg 750w, https:\/\/notinor.com\/jujuy\/wp-content\/uploads\/2026\/03\/ACTO1-5-1140x760.jpg 1140w\" sizes=\"(max-width: 720px) 100vw, 720px\" \/><\/figure><\/div>\n\n\n<p>Participaron del acto, el Intendente Ra\u00fal \"Chuli\" Jorge, el presidente del Concejo Deliberante, Dr. <strong>Gast\u00f3n Mill\u00f3n, <\/strong>los concejales <strong>N\u00e9stor Barrios,<\/strong> <strong>Ramiro Tejeda<\/strong>, <strong>Brenda Carabajal<\/strong>, <strong>Blanca Ontiveros,<\/strong> <strong>Gustavo Mart\u00ednez,<\/strong> <strong>Roberto D\u00edaz,<\/strong> <strong>Graciela Carrasco <\/strong>y <strong>Liliana Gim\u00e9nez.<\/strong><\/p>\n\n\n<div class=\"wp-block-image\">\n<figure class=\"aligncenter size-large\"><img decoding=\"async\" loading=\"lazy\" width=\"720\" height=\"480\" src=\"https:\/\/notinor.com\/jujuy\/wp-content\/uploads\/2026\/03\/ACTO1-6-720x480.jpg\" alt=\"\" class=\"wp-image-439715\" srcset=\"https:\/\/notinor.com\/jujuy\/wp-content\/uploads\/2026\/03\/ACTO1-6-720x480.jpg 720w, https:\/\/notinor.com\/jujuy\/wp-content\/uploads\/2026\/03\/ACTO1-6-547x365.jpg 547w, https:\/\/notinor.com\/jujuy\/wp-content\/uploads\/2026\/03\/ACTO1-6-768x512.jpg 768w, https:\/\/notinor.com\/jujuy\/wp-content\/uploads\/2026\/03\/ACTO1-6-1536x1024.jpg 1536w, https:\/\/notinor.com\/jujuy\/wp-content\/uploads\/2026\/03\/ACTO1-6-2048x1366.jpg 2048w, https:\/\/notinor.com\/jujuy\/wp-content\/uploads\/2026\/03\/ACTO1-6-750x500.jpg 750w, https:\/\/notinor.com\/jujuy\/wp-content\/uploads\/2026\/03\/ACTO1-6-1140x760.jpg 1140w\" sizes=\"(max-width: 720px) 100vw, 720px\" \/><\/figure><\/div>\n\n\n<p>Al respecto, Gast\u00f3n Mill\u00f3n manifest\u00f3: \"Estamos en el acceso Sur, en este Parque del cual somos custodios Gendarmer\u00eda y el Concejo Deliberante, realizamos el cambio de bandera\". Y continu\u00f3: \"Un acto como reci\u00e9n dije, no solo protocolar, sino tambi\u00e9n un compromiso con la patria. Recordar que con esta Bandera celeste y blanca somos todos argentinos y con esta bandera de la Libertad Civil, recordamos y reforzamos el compromiso del pueblo juje\u00f1o con la patria\".<\/p>\n\n\n<div class=\"wp-block-image\">\n<figure class=\"aligncenter size-large\"><img decoding=\"async\" loading=\"lazy\" width=\"720\" height=\"480\" src=\"https:\/\/notinor.com\/jujuy\/wp-content\/uploads\/2026\/03\/ACTO1-7-720x480.jpg\" alt=\"\" class=\"wp-image-439716\" srcset=\"https:\/\/notinor.com\/jujuy\/wp-content\/uploads\/2026\/03\/ACTO1-7-720x480.jpg 720w, https:\/\/notinor.com\/jujuy\/wp-content\/uploads\/2026\/03\/ACTO1-7-548x365.jpg 548w, https:\/\/notinor.com\/jujuy\/wp-content\/uploads\/2026\/03\/ACTO1-7-768x512.jpg 768w, https:\/\/notinor.com\/jujuy\/wp-content\/uploads\/2026\/03\/ACTO1-7-1536x1024.jpg 1536w, https:\/\/notinor.com\/jujuy\/wp-content\/uploads\/2026\/03\/ACTO1-7-2048x1365.jpg 2048w, https:\/\/notinor.com\/jujuy\/wp-content\/uploads\/2026\/03\/ACTO1-7-750x500.jpg 750w, https:\/\/notinor.com\/jujuy\/wp-content\/uploads\/2026\/03\/ACTO1-7-1140x760.jpg 1140w\" sizes=\"(max-width: 720px) 100vw, 720px\" \/><\/figure><\/div>\n\n\n<p>Para finalizar, el edil radical remarc\u00f3: \"Estas banderas nos dicen qui\u00e9nes somos y que la fuerza de un pueblo no est\u00e1 dada por pensar igual, sino por caminar juntos\".<\/p>\n\n\n<div class=\"wp-block-image\">\n<figure class=\"aligncenter size-full\"><img decoding=\"async\" loading=\"lazy\" width=\"800\" height=\"174\" src=\"https:\/\/notinor.com\/jujuy\/wp-content\/uploads\/2026\/03\/ACTO1-8.jpg\" alt=\"\" class=\"wp-image-439717\" srcset=\"https:\/\/notinor.com\/jujuy\/wp-content\/uploads\/2026\/03\/ACTO1-8.jpg 800w, https:\/\/notinor.com\/jujuy\/wp-content\/uploads\/2026\/03\/ACTO1-8-660x144.jpg 660w, https:\/\/notinor.com\/jujuy\/wp-content\/uploads\/2026\/03\/ACTO1-8-768x167.jpg 768w, https:\/\/notinor.com\/jujuy\/wp-content\/uploads\/2026\/03\/ACTO1-8-750x163.jpg 750w\" sizes=\"(max-width: 800px) 100vw, 800px\" \/><\/figure><\/div>\n\n\n<p>Nota Audiovisual:&nbsp;<a href=\"https:\/\/youtu.be\/Cl--HIdeo60\" target=\"_blank\" rel=\"noreferrer noopener\">https:\/\/youtu.be\/Cl--HIdeo60<\/a><\/p>\n","protected":false},"excerpt":{"rendered":"<p>En el Parque C\u00edvico de las Banderas situado en el Acceso Sur de la Ciudad, se realiz\u00f3 esta ma\u00f1ana la reposici\u00f3n y el izamiento de las Bandera Nacional y la Bandera Nacional de la Libertad Civil, actividad que estuvo a cargo del Concejo Deliberante de San Salvador de Jujuy y Gendarmer\u00eda Nacional. Participaron del acto, [&hellip;]<\/p>\n","protected":false},"author":5,"featured_media":439713,"comment_status":"open","ping_status":"open","sticky":false,"template":"","format":"standard","meta":{"_stopmodifiedupdate":false,"_modified_date":"","inline_featured_image":false,"spay_email":"","jetpack_publicize_message":""},"categories":[514],"tags":[],"jetpack_featured_media_url":"https:\/\/notinor.com\/jujuy\/wp-content\/uploads\/2026\/03\/ACTO-1-scaled.jpg","jetpack_publicize_connections":[],"_links":{"self":[{"href":"https:\/\/notinor.com\/jujuy\/wp-json\/wp\/v2\/posts\/439712"}],"collection":[{"href":"https:\/\/notinor.com\/jujuy\/wp-json\/wp\/v2\/posts"}],"about":[{"href":"https:\/\/notinor.com\/jujuy\/wp-json\/wp\/v2\/types\/post"}],"author":[{"embeddable":true,"href":"https:\/\/notinor.com\/jujuy\/wp-json\/wp\/v2\/users\/5"}],"replies":[{"embeddable":true,"href":"https:\/\/notinor.com\/jujuy\/wp-json\/wp\/v2\/comments?post=439712"}],"version-history":[{"count":1,"href":"https:\/\/notinor.com\/jujuy\/wp-json\/wp\/v2\/posts\/439712\/revisions"}],"predecessor-version":[{"id":439718,"href":"https:\/\/notinor.com\/jujuy\/wp-json\/wp\/v2\/posts\/439712\/revisions\/439718"}],"wp:featuredmedia":[{"embeddable":true,"href":"https:\/\/notinor.com\/jujuy\/wp-json\/wp\/v2\/media\/439713"}],"wp:attachment":[{"href":"https:\/\/notinor.com\/jujuy\/wp-json\/wp\/v2\/media?parent=439712"}],"wp:term":[{"taxonomy":"category","embeddable":true,"href":"https:\/\/notinor.com\/jujuy\/wp-json\/wp\/v2\/categories?post=439712"},{"taxonomy":"post_tag","embeddable":true,"href":"https:\/\/notinor.com\/jujuy\/wp-json\/wp\/v2\/tags?post=439712"}],"curies":[{"name":"wp","href":"https:\/\/api.w.org\/{rel}","templated":true}]}}