{"id":439691,"date":"2026-03-16T14:10:51","date_gmt":"2026-03-16T17:10:51","guid":{"rendered":"https:\/\/notinor.com\/jujuy\/?p=439691"},"modified":"2026-03-16T14:10:53","modified_gmt":"2026-03-16T17:10:53","slug":"agenda-cultural-de-jujuy-con-foco-en-la-identidad-local-y-la-musica-de-camara","status":"publish","type":"post","link":"https:\/\/notinor.com\/jujuy\/agenda-cultural-de-jujuy-con-foco-en-la-identidad-local-y-la-musica-de-camara\/","title":{"rendered":"Agenda cultural de Jujuy con foco en la identidad local y la m\u00fasica de c\u00e1mara"},"content":{"rendered":"\n<p class=\"has-medium-font-size\"><strong><em>El secretario de Cultura, Jos\u00e9 Rodr\u00edguez B\u00e1rcena, detall\u00f3 la programaci\u00f3n que recorrer\u00e1 la provincia durante las pr\u00f3ximas semanas.<\/em><\/strong> <\/p>\n\n\n<div class=\"wp-block-image\">\n<figure class=\"aligncenter size-full is-resized\"><img decoding=\"async\" loading=\"lazy\" src=\"https:\/\/notinor.com\/jujuy\/wp-content\/uploads\/2026\/03\/BARCENA1.jpg\" alt=\"\" class=\"wp-image-439693\" width=\"651\" height=\"509\" srcset=\"https:\/\/notinor.com\/jujuy\/wp-content\/uploads\/2026\/03\/BARCENA1.jpg 514w, https:\/\/notinor.com\/jujuy\/wp-content\/uploads\/2026\/03\/BARCENA1-467x365.jpg 467w\" sizes=\"(max-width: 651px) 100vw, 651px\" \/><figcaption class=\"wp-element-caption\">Jos\u00e9 Rodr\u00edguez B\u00e1rcena<\/figcaption><\/figure><\/div>\n\n\n<p>En el marco de un plan de descentralizaci\u00f3n y puesta en valor del patrimonio juje\u00f1o, el secretario de Cultura de Jujuy,&nbsp;<strong>Jos\u00e9 Rodr\u00edguez B\u00e1rcena<\/strong>, destac\u00f3 la renovada cartelera de actividades art\u00edsticas y sociales que busca integrar a la comunidad con sus espacios hist\u00f3ricos.<\/p>\n\n\n\n<p><strong>Fiestas Patronales en Perico<\/strong><\/p>\n\n\n\n<p>La ciudad de&nbsp;<strong>Perico<\/strong>&nbsp;se encamina hacia su jornada central en honor a&nbsp;<strong>San Jos\u00e9<\/strong>. Seg\u00fan indic\u00f3 el funcionario, el municipio ha dise\u00f1ado un cronograma que vincula la liturgia religiosa con actividades complementarias.<\/p>\n\n\n\n<p>\"Anoche acompa\u00f1amos a la ciudad con un concierto de m\u00fasica de c\u00e1mara y la agenda continuar\u00e1 hasta desembocar en el 19 de marzo, d\u00eda principal de las festividades, que cerrar\u00e1 con un gran festival nocturno\", destac\u00f3 Rodr\u00edguez B\u00e1rcena.&nbsp;<\/p>\n\n\n\n<p>La tradicional&nbsp;<strong>Serenata en honor al Santo Patrono<\/strong>&nbsp;ser\u00e1 a partir de las 21:00 en el predio del aut\u00f3dromo. Con una propuesta pensada para el disfrute familiar, el evento contar\u00e1 con la potencia de artistas como Christian Herrera y la trayectoria de Las Voces de Or\u00e1n y Pit\u00edn Zalazar, sumando adem\u00e1s el color festivo de Piko Fran y el cierre bailable con Adri\u00e1n y D\u00e9bora y Los Dados Negros.&nbsp;<\/p>\n\n\n\n<p><strong>Relanzamiento de los Centros Culturales<\/strong><\/p>\n\n\n\n<p>Bajo una modalidad de agenda org\u00e1nica y coordinada, la Secretar\u00eda busca potenciar el flujo de visitantes en los espacios p\u00fablicos emblem\u00e1ticos de la capital. Centros como&nbsp;<strong>Culturarte, CAJA, la Casa Macedonio Graz y la Casa de las Letras<\/strong>&nbsp;ya cuentan con muestras de arte inauguradas que permanecer\u00e1n abiertas hasta fines de marzo y abril.&nbsp;<\/p>\n\n\n\n<p>El secretario record\u00f3 que todas estas propuestas son de&nbsp;<strong>entrada libre y gratuita<\/strong>, funcionando como espacios din\u00e1micos que no solo exhiben arte est\u00e1tico, sino que proponen actividades interactivas para diversos p\u00fablicos.&nbsp;<\/p>\n\n\n<div class=\"wp-block-image\">\n<figure class=\"aligncenter size-full\"><img decoding=\"async\" loading=\"lazy\" width=\"546\" height=\"303\" src=\"https:\/\/notinor.com\/jujuy\/wp-content\/uploads\/2026\/03\/AGENDA.jpg\" alt=\"\" class=\"wp-image-439694\"\/><\/figure><\/div>\n\n\n<p><strong>El \u00e9xito de \"Capillas Musicales\"<\/strong><\/p>\n\n\n\n<p>Uno de los programas m\u00e1s ambiciosos de la gesti\u00f3n es&nbsp;<strong>Capillas Musicales<\/strong>, el cual inici\u00f3 en enero de 2025 y ha confirmado su continuidad durante todo el a\u00f1o&nbsp;<strong>2026<\/strong>. Esta iniciativa tiene un triple impacto:<\/p>\n\n\n\n<ul>\n<li><strong>Fomento Art\u00edstico:<\/strong>&nbsp;Brinda un escenario a orquestas, coros y agrupaciones de c\u00e1mara locales.<\/li>\n\n\n\n<li><strong>Patrimonio Arquitect\u00f3nico:<\/strong>&nbsp;Pone en valor templos y capillas con siglos de historia.<\/li>\n\n\n\n<li><strong>Sentido Social:<\/strong>&nbsp;Integra tanto a iglesias hist\u00f3ricas como a construcciones modernas que cumplen un rol fundamental en sus comunidades.<\/li>\n<\/ul>\n\n\n\n<p><strong>Cultura en 7 d\u00edas<\/strong><\/p>\n\n\n\n<p>Para finalizar, Rodr\u00edguez B\u00e1rcena inst\u00f3 a la poblaci\u00f3n a mantenerse informada a trav\u00e9s de los canales oficiales. La provincia ha implementado el programa de comunicaci\u00f3n&nbsp;<strong>\"Cultura en 7 d\u00edas\"<\/strong>, disponible en las redes sociales de la Secretar\u00eda de Cultura, donde se actualizan semana a semana las alternativas de una agenda que se mantiene en constante renovaci\u00f3n.&nbsp;<\/p>\n\n\n\n<p>IG: @culturajujuy @culturayturismojujuy&nbsp;<\/p>\n\n\n\n<p>FB: Secretaria de Cultura de Jujuy&nbsp;<\/p>\n","protected":false},"excerpt":{"rendered":"<p>El secretario de Cultura, Jos\u00e9 Rodr\u00edguez B\u00e1rcena, detall\u00f3 la programaci\u00f3n que recorrer\u00e1 la provincia durante las pr\u00f3ximas semanas. En el marco de un plan de descentralizaci\u00f3n y puesta en valor del patrimonio juje\u00f1o, el secretario de Cultura de Jujuy,&nbsp;Jos\u00e9 Rodr\u00edguez B\u00e1rcena, destac\u00f3 la renovada cartelera de actividades art\u00edsticas y sociales que busca integrar a la [&hellip;]<\/p>\n","protected":false},"author":5,"featured_media":439693,"comment_status":"open","ping_status":"open","sticky":false,"template":"","format":"standard","meta":{"_stopmodifiedupdate":false,"_modified_date":"","inline_featured_image":false,"spay_email":"","jetpack_publicize_message":""},"categories":[832],"tags":[],"jetpack_featured_media_url":"https:\/\/notinor.com\/jujuy\/wp-content\/uploads\/2026\/03\/BARCENA1.jpg","jetpack_publicize_connections":[],"_links":{"self":[{"href":"https:\/\/notinor.com\/jujuy\/wp-json\/wp\/v2\/posts\/439691"}],"collection":[{"href":"https:\/\/notinor.com\/jujuy\/wp-json\/wp\/v2\/posts"}],"about":[{"href":"https:\/\/notinor.com\/jujuy\/wp-json\/wp\/v2\/types\/post"}],"author":[{"embeddable":true,"href":"https:\/\/notinor.com\/jujuy\/wp-json\/wp\/v2\/users\/5"}],"replies":[{"embeddable":true,"href":"https:\/\/notinor.com\/jujuy\/wp-json\/wp\/v2\/comments?post=439691"}],"version-history":[{"count":1,"href":"https:\/\/notinor.com\/jujuy\/wp-json\/wp\/v2\/posts\/439691\/revisions"}],"predecessor-version":[{"id":439695,"href":"https:\/\/notinor.com\/jujuy\/wp-json\/wp\/v2\/posts\/439691\/revisions\/439695"}],"wp:featuredmedia":[{"embeddable":true,"href":"https:\/\/notinor.com\/jujuy\/wp-json\/wp\/v2\/media\/439693"}],"wp:attachment":[{"href":"https:\/\/notinor.com\/jujuy\/wp-json\/wp\/v2\/media?parent=439691"}],"wp:term":[{"taxonomy":"category","embeddable":true,"href":"https:\/\/notinor.com\/jujuy\/wp-json\/wp\/v2\/categories?post=439691"},{"taxonomy":"post_tag","embeddable":true,"href":"https:\/\/notinor.com\/jujuy\/wp-json\/wp\/v2\/tags?post=439691"}],"curies":[{"name":"wp","href":"https:\/\/api.w.org\/{rel}","templated":true}]}}