{"id":439070,"date":"2026-02-27T11:17:23","date_gmt":"2026-02-27T14:17:23","guid":{"rendered":"https:\/\/notinor.com\/jujuy\/?p=439070"},"modified":"2026-02-27T11:17:25","modified_gmt":"2026-02-27T14:17:25","slug":"esta-reforma-fortalece-el-federalismo-ambiental-dijo-flavia-royon-sobre-la-ley-de-glaciares","status":"publish","type":"post","link":"https:\/\/notinor.com\/jujuy\/esta-reforma-fortalece-el-federalismo-ambiental-dijo-flavia-royon-sobre-la-ley-de-glaciares\/","title":{"rendered":"\u201cEsta reforma fortalece el federalismo ambiental\u201d, dijo Flavia Roy\u00f3n sobre la Ley de Glaciares"},"content":{"rendered":"\n<p class=\"has-medium-font-size\"><strong><em>\u201cCuidar los glaciares es, ante todo, cuidar el agua de los argentinos\", dijo la senadora nacional salte\u00f1a.<\/em><\/strong><\/p>\n\n\n<div class=\"wp-block-image\">\n<figure class=\"aligncenter\"><img decoding=\"async\" src=\"https:\/\/uscdn.eltribuno.com\/022026\/1772151549159.webp?cw=1155&amp;ch=650&amp;extw=jpg\" alt=\"\u201cEsta reforma fortalece el federalismo ambiental\u201d, dijo Flavia Roy\u00f3n sobre la Ley de Glaciares\" title=\"\u201cEsta reforma fortalece el federalismo ambiental\u201d, dijo Flavia Roy\u00f3n sobre la Ley de Glaciares\"\/><figcaption class=\"wp-element-caption\">Senadora Flavia Royon<\/figcaption><\/figure><\/div>\n\n\n<p>La senadora nacional por Salta, <strong>Flavia Roy\u00f3n<\/strong>, afirm\u00f3 que la <strong>Ley 26.639<\/strong> es necesaria y que <strong>la protecci\u00f3n de los glaciares como reservas estrat\u00e9gicas de agua no est\u00e1 en discusi\u00f3n.<\/strong> \u201c<strong>Cuidar los glaciares es, ante todo, cuidar el agua de los argentinos<\/strong>. No podemos dar discusiones ambientales de espaldas al interior productivo ni desconociendo el rol que la Constituci\u00f3n le reconoce a las provincias sobre sus recursos naturales\u201d, sostuvo.<\/p>\n\n\n\n<p>Se\u00f1al\u00f3 que el debate est\u00e1 en la aplicaci\u00f3n de la norma, especialmente en el ambiente periglacial y en determinar qu\u00e9 formaciones cumplen efectivamente funci\u00f3n h\u00eddrica. \u201cNo implica un retroceso en la protecci\u00f3n ambiental, sino una mejora en la calidad institucional de la norma\u201d, afirm\u00f3, y agreg\u00f3: \u201cLa defensa del agua y el cuidado de nuestros glaciares deben ir de la mano del respeto por las autonom\u00edas provinciales. <strong>No hay verdadera pol\u00edtica ambiental sin federalismo<\/strong>\u201d.<\/p>\n\n\n\n<p>Finalmente, explic\u00f3 que la modificaci\u00f3n busca mayor precisi\u00f3n t\u00e9cnica y evitar prohibiciones generales sin sustento cient\u00edfico. \u201cSin desarrollo no hay protecci\u00f3n ambiental posible. Esta reforma representa un paso hacia una legislaci\u00f3n m\u00e1s clara, equilibrada y eficaz, que protege de manera efectiva el recurso h\u00eddrico estrat\u00e9gico de la Argentina, brinda previsibilidad y reafirma el compromiso con un desarrollo sostenible y verdaderamente federal\u201d.<\/p>\n","protected":false},"excerpt":{"rendered":"<p>\u201cCuidar los glaciares es, ante todo, cuidar el agua de los argentinos\", dijo la senadora nacional salte\u00f1a. La senadora nacional por Salta, Flavia Roy\u00f3n, afirm\u00f3 que la Ley 26.639 es necesaria y que la protecci\u00f3n de los glaciares como reservas estrat\u00e9gicas de agua no est\u00e1 en discusi\u00f3n. \u201cCuidar los glaciares es, ante todo, cuidar el [&hellip;]<\/p>\n","protected":false},"author":5,"featured_media":439071,"comment_status":"open","ping_status":"open","sticky":false,"template":"","format":"standard","meta":{"_stopmodifiedupdate":false,"_modified_date":"","inline_featured_image":false,"spay_email":"","jetpack_publicize_message":""},"categories":[501],"tags":[],"jetpack_featured_media_url":"https:\/\/notinor.com\/jujuy\/wp-content\/uploads\/2026\/02\/ROYON.jpg","jetpack_publicize_connections":[],"_links":{"self":[{"href":"https:\/\/notinor.com\/jujuy\/wp-json\/wp\/v2\/posts\/439070"}],"collection":[{"href":"https:\/\/notinor.com\/jujuy\/wp-json\/wp\/v2\/posts"}],"about":[{"href":"https:\/\/notinor.com\/jujuy\/wp-json\/wp\/v2\/types\/post"}],"author":[{"embeddable":true,"href":"https:\/\/notinor.com\/jujuy\/wp-json\/wp\/v2\/users\/5"}],"replies":[{"embeddable":true,"href":"https:\/\/notinor.com\/jujuy\/wp-json\/wp\/v2\/comments?post=439070"}],"version-history":[{"count":1,"href":"https:\/\/notinor.com\/jujuy\/wp-json\/wp\/v2\/posts\/439070\/revisions"}],"predecessor-version":[{"id":439072,"href":"https:\/\/notinor.com\/jujuy\/wp-json\/wp\/v2\/posts\/439070\/revisions\/439072"}],"wp:featuredmedia":[{"embeddable":true,"href":"https:\/\/notinor.com\/jujuy\/wp-json\/wp\/v2\/media\/439071"}],"wp:attachment":[{"href":"https:\/\/notinor.com\/jujuy\/wp-json\/wp\/v2\/media?parent=439070"}],"wp:term":[{"taxonomy":"category","embeddable":true,"href":"https:\/\/notinor.com\/jujuy\/wp-json\/wp\/v2\/categories?post=439070"},{"taxonomy":"post_tag","embeddable":true,"href":"https:\/\/notinor.com\/jujuy\/wp-json\/wp\/v2\/tags?post=439070"}],"curies":[{"name":"wp","href":"https:\/\/api.w.org\/{rel}","templated":true}]}}