{"id":439066,"date":"2026-02-27T11:07:38","date_gmt":"2026-02-27T14:07:38","guid":{"rendered":"https:\/\/notinor.com\/jujuy\/?p=439066"},"modified":"2026-02-27T11:07:40","modified_gmt":"2026-02-27T14:07:40","slug":"prevencion-del-dengue-la-municipalidad-participo-en-un-nuevo-operativo-de-descacharrado-en-alto-comedero","status":"publish","type":"post","link":"https:\/\/notinor.com\/jujuy\/prevencion-del-dengue-la-municipalidad-participo-en-un-nuevo-operativo-de-descacharrado-en-alto-comedero\/","title":{"rendered":"Prevenci\u00f3n del dengue: la Municipalidad particip\u00f3 en un nuevo operativo de descacharrado en Alto Comedero"},"content":{"rendered":"\n<p class=\"has-medium-font-size\"><strong><em>La Municipalidad de San Salvador de Jujuy, a trav\u00e9s del CIC Copacabana, form\u00f3 parte del \u00faltimo operativo de descacharrado realizado en el sector de Alto Comedero, donde se encuentra emplazado el centro comunitario.<\/em><\/strong><\/p>\n\n\n<div class=\"wp-block-image\">\n<figure class=\"aligncenter\"><img decoding=\"async\" src=\"https:\/\/www.sansalvadordejujuy.gob.ar\/wp-content\/uploads\/2026\/02\/Descacacharreo-2-1024x576.jpeg\" alt=\"\" class=\"wp-image-100658\"\/><\/figure><\/div>\n\n\n<p>La jornada se desarroll\u00f3 en el marco de un trabajo articulado con el Gobierno de la Provincia de Jujuy, con el objetivo de fortalecer las acciones de prevenci\u00f3n contra el dengue en la ciudad.<\/p>\n\n\n\n<p>Durante el operativo se recolectaron neum\u00e1ticos y diversos elementos en desuso que pueden acumular agua y convertirse en potenciales criaderos del mosquito transmisor de la enfermedad. Esta intervenci\u00f3n corresponde a la segunda etapa del plan que se ejecuta en el sector, donde la Municipalidad trabaja de manera coordinada con el gobierno provincial.<\/p>\n\n\n<div class=\"wp-block-image\">\n<figure class=\"aligncenter\"><img decoding=\"async\" src=\"https:\/\/www.sansalvadordejujuy.gob.ar\/wp-content\/uploads\/2026\/02\/Descacacharreo-3-1024x768.jpeg\" alt=\"\" class=\"wp-image-100659\"\/><\/figure><\/div>\n\n\n<p>Para llevar adelante las tareas, la Provincia facilit\u00f3 bateas de gran porte y tractores, adem\u00e1s el municipio puso a disposici\u00f3n personal proveniente de la administraci\u00f3n central, lo que permiti\u00f3 agilizar la recolecci\u00f3n y el retiro de los elementos acumulados.<\/p>\n\n\n<div class=\"wp-block-image\">\n<figure class=\"aligncenter\"><img decoding=\"async\" src=\"https:\/\/www.sansalvadordejujuy.gob.ar\/wp-content\/uploads\/2026\/02\/Descacacharreo-1-1024x768.jpeg\" alt=\"\" class=\"wp-image-100656\"\/><\/figure><\/div>\n\n\n<p>Desde el municipio destacaron la importancia del compromiso conjunto entre los distintos niveles del Estado y la comunidad, subrayando que la eliminaci\u00f3n de recipientes que acumulen agua es una de las principales medidas para prevenir la proliferaci\u00f3n del mosquito y reducir el riesgo de contagio de dengue.<\/p>\n\n\n<div class=\"wp-block-image\">\n<figure class=\"aligncenter\"><img decoding=\"async\" src=\"https:\/\/www.sansalvadordejujuy.gob.ar\/wp-content\/uploads\/2026\/02\/Descacacharreo-4-1024x768.jpeg\" alt=\"\" class=\"wp-image-100657\"\/><\/figure><\/div>","protected":false},"excerpt":{"rendered":"<p>La Municipalidad de San Salvador de Jujuy, a trav\u00e9s del CIC Copacabana, form\u00f3 parte del \u00faltimo operativo de descacharrado realizado en el sector de Alto Comedero, donde se encuentra emplazado el centro comunitario. La jornada se desarroll\u00f3 en el marco de un trabajo articulado con el Gobierno de la Provincia de Jujuy, con el objetivo [&hellip;]<\/p>\n","protected":false},"author":5,"featured_media":439068,"comment_status":"open","ping_status":"open","sticky":false,"template":"","format":"standard","meta":{"_stopmodifiedupdate":false,"_modified_date":"","inline_featured_image":false,"spay_email":"","jetpack_publicize_message":""},"categories":[514],"tags":[],"jetpack_featured_media_url":"https:\/\/notinor.com\/jujuy\/wp-content\/uploads\/2026\/02\/DENGUE.jpg","jetpack_publicize_connections":[],"_links":{"self":[{"href":"https:\/\/notinor.com\/jujuy\/wp-json\/wp\/v2\/posts\/439066"}],"collection":[{"href":"https:\/\/notinor.com\/jujuy\/wp-json\/wp\/v2\/posts"}],"about":[{"href":"https:\/\/notinor.com\/jujuy\/wp-json\/wp\/v2\/types\/post"}],"author":[{"embeddable":true,"href":"https:\/\/notinor.com\/jujuy\/wp-json\/wp\/v2\/users\/5"}],"replies":[{"embeddable":true,"href":"https:\/\/notinor.com\/jujuy\/wp-json\/wp\/v2\/comments?post=439066"}],"version-history":[{"count":1,"href":"https:\/\/notinor.com\/jujuy\/wp-json\/wp\/v2\/posts\/439066\/revisions"}],"predecessor-version":[{"id":439069,"href":"https:\/\/notinor.com\/jujuy\/wp-json\/wp\/v2\/posts\/439066\/revisions\/439069"}],"wp:featuredmedia":[{"embeddable":true,"href":"https:\/\/notinor.com\/jujuy\/wp-json\/wp\/v2\/media\/439068"}],"wp:attachment":[{"href":"https:\/\/notinor.com\/jujuy\/wp-json\/wp\/v2\/media?parent=439066"}],"wp:term":[{"taxonomy":"category","embeddable":true,"href":"https:\/\/notinor.com\/jujuy\/wp-json\/wp\/v2\/categories?post=439066"},{"taxonomy":"post_tag","embeddable":true,"href":"https:\/\/notinor.com\/jujuy\/wp-json\/wp\/v2\/tags?post=439066"}],"curies":[{"name":"wp","href":"https:\/\/api.w.org\/{rel}","templated":true}]}}