{"id":439055,"date":"2026-02-26T21:36:00","date_gmt":"2026-02-27T00:36:00","guid":{"rendered":"https:\/\/notinor.com\/jujuy\/?p=439055"},"modified":"2026-02-26T09:36:50","modified_gmt":"2026-02-26T09:36:50","slug":"el-municipio-inicio-las-obras-del-tercer-ascensor-urbano-en-la-ciudad","status":"publish","type":"post","link":"https:\/\/notinor.com\/jujuy\/el-municipio-inicio-las-obras-del-tercer-ascensor-urbano-en-la-ciudad\/","title":{"rendered":"El Municipio inici\u00f3 las obras del tercer ascensor urbano en la ciudad"},"content":{"rendered":"\n<p class=\"has-medium-font-size\"><strong><em>El intendente Ra\u00fal Jorge realiz\u00f3 un recorrido de obra y destac\u00f3 el inicio de una nueva etapa del plan de conectividad urbana al se\u00f1alar que \u201cnuestro plan de ascensores urbanos tiene una ejecuci\u00f3n contundente\u201d, en el marco de la puesta en marcha del tercer ascensor de la ciudad, que se construye en barrio San Mart\u00edn.<\/em><\/strong><\/p>\n\n\n<div class=\"wp-block-image\">\n<figure class=\"aligncenter\"><img decoding=\"async\" src=\"https:\/\/www.sansalvadordejujuy.gob.ar\/wp-content\/uploads\/2026\/02\/3er-Ascensor-urbano-Prensa-Muni-Jujuy1-1024x688.jpg\" alt=\"\" class=\"wp-image-100610\"\/><\/figure><\/div>\n\n\n<p>Durante el recorrido de obra realizado, el jefe comunal destac\u00f3 la continuidad del proyecto y record\u00f3 los avances previos en otros sectores de la capital, \u201ceste es un plan tal cual lo anunciamos hace m\u00e1s de dos a\u00f1os, cuando comenzamos con el primer desaf\u00edo del gran ascensor de Mariano Moreno, seguimos en barrio Belgrano, estamos ahora en barrio San Mart\u00edn, y estamos proyectando dos ascensores m\u00e1s\u201d, expres\u00f3.<\/p>\n\n\n\n<p>El mandatario remarc\u00f3 adem\u00e1s el impacto urbano y social de la obra, \u201cesto es un modelo de integraci\u00f3n urbana que nos permite ir conectando las distintas terrazas que tiene la ciudad con barrios densamente poblados donde tambi\u00e9n se har\u00e1n obras complementarias para mejorar toda la infraestructura para el acceso a este ascensor que da a la avenida Jos\u00e9 Hern\u00e1ndez, donde se encuentra todo el transporte p\u00fablico de la ciudad, el Hospital Materno Infantil, el Parque San Mart\u00edn, muchos elementos urbanos m\u00e1s que interesantes para llevar esta buena noticia a este importante barrio de la ciudad que tiene m\u00e1s de 60 a\u00f1os y que tiene esta gran necesidad, teniendo en cuenta la poblaci\u00f3n\u201d.<\/p>\n\n\n<div class=\"wp-block-image\">\n<figure class=\"aligncenter\"><img decoding=\"async\" src=\"https:\/\/www.sansalvadordejujuy.gob.ar\/wp-content\/uploads\/2026\/02\/3er-Ascensor-urbano-Prensa-Muni-Jujuy6-1024x574.jpg\" alt=\"\" class=\"wp-image-100653\"\/><\/figure><\/div>\n\n\n<p>En ese sentido, subray\u00f3 la decisi\u00f3n pol\u00edtica de sostener el plan de infraestructura: \u201csumar esto significa que nuestro plan pensado hace m\u00e1s de 2 a\u00f1os tiene una contundente ejecuci\u00f3n y decisi\u00f3n del ejecutivo de continuar con estas metas\u201d.<\/p>\n\n\n\n<p>Por su parte, el secretario de Obras P\u00fablicas, <strong>Aldo Montiel, <\/strong>brind\u00f3 detalles t\u00e9cnicos sobre el avance del proyecto, \u201ces el compromiso de la gesti\u00f3n del intendente Jorge, con la conectividad, con la posibilidad de que todos puedan acceder a los distintos lugares de la ciudad, nos llev\u00f3 a proyectar la obra del tercer ascensor urbano de la ciudad. En este caso, en barrio San Mart\u00edn, el ascensor conecta avenida Jos\u00e9 Hern\u00e1ndez en el centro de la ciudad, donde se encuentran hospitales, escuela, administraci\u00f3n, el Parque San Mart\u00edn, el 90% del transporte urbano de pasajeros; con calle Coronel Pastor en el barrio San Mart\u00edn, que es el eje del barrio, as\u00ed que avanzando con la obra\u201d, se\u00f1al\u00f3.<\/p>\n\n\n<div class=\"wp-block-image\">\n<figure class=\"aligncenter\"><img decoding=\"async\" src=\"https:\/\/www.sansalvadordejujuy.gob.ar\/wp-content\/uploads\/2026\/02\/3er-Ascensor-urbano-Prensa-Muni-Jujuy5-1024x647.jpg\" alt=\"\" class=\"wp-image-100608\"\/><\/figure><\/div>\n\n\n<p>Asimismo, explic\u00f3 las particularidades de la ejecuci\u00f3n, \u201ces una obra compleja porque se tuvo que desarrollar en la mitad de una escalera existente, por lo cual los espacios f\u00edsicos eran muy acotados, en estos momentos estamos trabajando en la ejecuci\u00f3n de las fundaciones de la torre propiamente dicha, donde van los elementos mec\u00e1nicos, las cabinas de los ascensores, para luego poder avanzar con una columna intermedia en el tramo de la pasarela que llegar\u00eda a esta torre hacia la vereda\u201d.<\/p>\n\n\n<div class=\"wp-block-image\">\n<figure class=\"aligncenter\"><img decoding=\"async\" src=\"https:\/\/www.sansalvadordejujuy.gob.ar\/wp-content\/uploads\/2026\/02\/3er-Ascensor-urbano-Prensa-Muni-Jujuy7-1024x625.jpg\" alt=\"\" class=\"wp-image-100652\"\/><\/figure><\/div>\n\n\n<p>Finalmente, Montiel destac\u00f3 que el equipamiento ya fue adquirido y que el cronograma avanza seg\u00fan lo previsto, \u201ctodas las m\u00e1quinas se compraron el a\u00f1o pasado, el 100% del equipamiento est\u00e1 comprado, estamos avanzando sin ning\u00fan tipo de complicaciones y con el objetivo de terminar lo antes posible\u201d.<\/p>\n\n\n\n<p><strong>Nota audiovisual:<\/strong>&nbsp;<a href=\"https:\/\/youtu.be\/eiDl9PUevX4\">https:\/\/youtu.be\/eiDl9PUevX4<\/a><\/p>\n","protected":false},"excerpt":{"rendered":"<p>El intendente Ra\u00fal Jorge realiz\u00f3 un recorrido de obra y destac\u00f3 el inicio de una nueva etapa del plan de conectividad urbana al se\u00f1alar que \u201cnuestro plan de ascensores urbanos tiene una ejecuci\u00f3n contundente\u201d, en el marco de la puesta en marcha del tercer ascensor de la ciudad, que se construye en barrio San Mart\u00edn. [&hellip;]<\/p>\n","protected":false},"author":5,"featured_media":439056,"comment_status":"open","ping_status":"open","sticky":false,"template":"","format":"standard","meta":{"_stopmodifiedupdate":false,"_modified_date":"","inline_featured_image":false,"spay_email":"","jetpack_publicize_message":""},"categories":[514],"tags":[],"jetpack_featured_media_url":"https:\/\/notinor.com\/jujuy\/wp-content\/uploads\/2026\/02\/3ER-ASCENSOR.jpg","jetpack_publicize_connections":[],"_links":{"self":[{"href":"https:\/\/notinor.com\/jujuy\/wp-json\/wp\/v2\/posts\/439055"}],"collection":[{"href":"https:\/\/notinor.com\/jujuy\/wp-json\/wp\/v2\/posts"}],"about":[{"href":"https:\/\/notinor.com\/jujuy\/wp-json\/wp\/v2\/types\/post"}],"author":[{"embeddable":true,"href":"https:\/\/notinor.com\/jujuy\/wp-json\/wp\/v2\/users\/5"}],"replies":[{"embeddable":true,"href":"https:\/\/notinor.com\/jujuy\/wp-json\/wp\/v2\/comments?post=439055"}],"version-history":[{"count":1,"href":"https:\/\/notinor.com\/jujuy\/wp-json\/wp\/v2\/posts\/439055\/revisions"}],"predecessor-version":[{"id":439057,"href":"https:\/\/notinor.com\/jujuy\/wp-json\/wp\/v2\/posts\/439055\/revisions\/439057"}],"wp:featuredmedia":[{"embeddable":true,"href":"https:\/\/notinor.com\/jujuy\/wp-json\/wp\/v2\/media\/439056"}],"wp:attachment":[{"href":"https:\/\/notinor.com\/jujuy\/wp-json\/wp\/v2\/media?parent=439055"}],"wp:term":[{"taxonomy":"category","embeddable":true,"href":"https:\/\/notinor.com\/jujuy\/wp-json\/wp\/v2\/categories?post=439055"},{"taxonomy":"post_tag","embeddable":true,"href":"https:\/\/notinor.com\/jujuy\/wp-json\/wp\/v2\/tags?post=439055"}],"curies":[{"name":"wp","href":"https:\/\/api.w.org\/{rel}","templated":true}]}}