{"id":439044,"date":"2026-02-26T23:51:23","date_gmt":"2026-02-27T02:51:23","guid":{"rendered":"https:\/\/notinor.com\/jujuy\/?p=439044"},"modified":"2026-02-26T23:51:25","modified_gmt":"2026-02-27T02:51:25","slug":"este-viernes-se-desarrollara-la-165-apertura-de-sesiones-ordinarias-en-la-legislatura-de-jujuy","status":"publish","type":"post","link":"https:\/\/notinor.com\/jujuy\/este-viernes-se-desarrollara-la-165-apertura-de-sesiones-ordinarias-en-la-legislatura-de-jujuy\/","title":{"rendered":"Este viernes se desarrollar\u00e1 la 165\u00b0 Apertura de Sesiones Ordinarias en la Legislatura de Jujuy"},"content":{"rendered":"\n<p class=\"has-medium-font-size\"><strong><em>El gobernador Carlos Sadir brindar\u00e1 el discurso de apertura al per\u00edodo legislativo este viernes 27 de febrero, desde las 17 horas.<\/em><\/strong><\/p>\n\n\n\n<p><\/p>\n\n\n<div class=\"wp-block-image\">\n<figure class=\"aligncenter size-full\"><img decoding=\"async\" loading=\"lazy\" width=\"800\" height=\"450\" src=\"https:\/\/notinor.com\/jujuy\/wp-content\/uploads\/2025\/11\/legislatura-de-jujuy.jpg\" alt=\"\" class=\"wp-image-435308\" srcset=\"https:\/\/notinor.com\/jujuy\/wp-content\/uploads\/2025\/11\/legislatura-de-jujuy.jpg 800w, https:\/\/notinor.com\/jujuy\/wp-content\/uploads\/2025\/11\/legislatura-de-jujuy-649x365.jpg 649w, https:\/\/notinor.com\/jujuy\/wp-content\/uploads\/2025\/11\/legislatura-de-jujuy-500x280.jpg 500w, https:\/\/notinor.com\/jujuy\/wp-content\/uploads\/2025\/11\/legislatura-de-jujuy-768x432.jpg 768w, https:\/\/notinor.com\/jujuy\/wp-content\/uploads\/2025\/11\/legislatura-de-jujuy-750x422.jpg 750w\" sizes=\"(max-width: 800px) 100vw, 800px\" \/><\/figure><\/div>\n\n\n<p><\/p>\n\n\n\n<p>Este viernes 27 de febrero a las 17 horas tendr\u00e1 lugar la 165\u00b0 Apertura de Sesiones Ordinarias en la Legislatura de Jujuy. El gobernador Carlos Sadir brindar\u00e1 el discurso con el que comenzar\u00e1 el periodo de actividad en la Casa de Piedra.<\/p>\n\n\n\n<p>El mandatario provincial realizar\u00e1 un balance del \u00faltimo a\u00f1o de gesti\u00f3n, planteando los ejes de trabajo para el 2026, frente a los diputados y las diputadas, autoridades del Poder Ejecutivo, del Poder Judicial y de organismos provinciales y municipales.<\/p>\n\n\n\n<p>Tras el discurso, quedar\u00e1 formalmente inaugurado el per\u00edodo de sesiones ordinarias en la Legislatura de la provincia, en un acto que reafirma el compromiso institucional con el fortalecimiento democr\u00e1tico, el di\u00e1logo entre los poderes del Estado y la construcci\u00f3n de pol\u00edticas p\u00fablicas orientadas al desarrollo y bienestar de todos los juje\u00f1os.<\/p>\n","protected":false},"excerpt":{"rendered":"<p>El gobernador Carlos Sadir brindar\u00e1 el discurso de apertura al per\u00edodo legislativo este viernes 27 de febrero, desde las 17 horas. Este viernes 27 de febrero a las 17 horas tendr\u00e1 lugar la 165\u00b0 Apertura de Sesiones Ordinarias en la Legislatura de Jujuy. El gobernador Carlos Sadir brindar\u00e1 el discurso con el que comenzar\u00e1 el [&hellip;]<\/p>\n","protected":false},"author":49,"featured_media":435308,"comment_status":"open","ping_status":"open","sticky":false,"template":"","format":"standard","meta":{"_stopmodifiedupdate":false,"_modified_date":"","inline_featured_image":false,"spay_email":"","jetpack_publicize_message":""},"categories":[2,514],"tags":[],"jetpack_featured_media_url":"https:\/\/notinor.com\/jujuy\/wp-content\/uploads\/2025\/11\/legislatura-de-jujuy.jpg","jetpack_publicize_connections":[],"_links":{"self":[{"href":"https:\/\/notinor.com\/jujuy\/wp-json\/wp\/v2\/posts\/439044"}],"collection":[{"href":"https:\/\/notinor.com\/jujuy\/wp-json\/wp\/v2\/posts"}],"about":[{"href":"https:\/\/notinor.com\/jujuy\/wp-json\/wp\/v2\/types\/post"}],"author":[{"embeddable":true,"href":"https:\/\/notinor.com\/jujuy\/wp-json\/wp\/v2\/users\/49"}],"replies":[{"embeddable":true,"href":"https:\/\/notinor.com\/jujuy\/wp-json\/wp\/v2\/comments?post=439044"}],"version-history":[{"count":1,"href":"https:\/\/notinor.com\/jujuy\/wp-json\/wp\/v2\/posts\/439044\/revisions"}],"predecessor-version":[{"id":439045,"href":"https:\/\/notinor.com\/jujuy\/wp-json\/wp\/v2\/posts\/439044\/revisions\/439045"}],"wp:featuredmedia":[{"embeddable":true,"href":"https:\/\/notinor.com\/jujuy\/wp-json\/wp\/v2\/media\/435308"}],"wp:attachment":[{"href":"https:\/\/notinor.com\/jujuy\/wp-json\/wp\/v2\/media?parent=439044"}],"wp:term":[{"taxonomy":"category","embeddable":true,"href":"https:\/\/notinor.com\/jujuy\/wp-json\/wp\/v2\/categories?post=439044"},{"taxonomy":"post_tag","embeddable":true,"href":"https:\/\/notinor.com\/jujuy\/wp-json\/wp\/v2\/tags?post=439044"}],"curies":[{"name":"wp","href":"https:\/\/api.w.org\/{rel}","templated":true}]}}