{"id":439026,"date":"2026-02-26T11:04:32","date_gmt":"2026-02-26T14:04:32","guid":{"rendered":"https:\/\/notinor.com\/jujuy\/?p=439026"},"modified":"2026-02-26T11:04:34","modified_gmt":"2026-02-26T14:04:34","slug":"sadir-en-el-relanzamiento-de-la-llama-que-llama-en-huacalera-nos-siguen-eligiendo","status":"publish","type":"post","link":"https:\/\/notinor.com\/jujuy\/sadir-en-el-relanzamiento-de-la-llama-que-llama-en-huacalera-nos-siguen-eligiendo\/","title":{"rendered":"Sadir en el relanzamiento de \"La llama que llama\" en Huacalera: \"Nos siguen eligiendo\""},"content":{"rendered":"\n<p class=\"has-medium-font-size\"><strong><em>El gobernador particip\u00f3 del evento de lanzamiento de la serie que tiene como protagonista al ic\u00f3nico personaje juje\u00f1o y destac\u00f3 que permitir\u00e1 seguir potenciando a Jujuy como destino.<\/em><\/strong><\/p>\n\n\n<div class=\"wp-block-image\">\n<figure class=\"aligncenter size-full\"><img decoding=\"async\" loading=\"lazy\" width=\"650\" height=\"437\" src=\"https:\/\/notinor.com\/jujuy\/wp-content\/uploads\/2026\/02\/PUBLICIDAD1.jpg\" alt=\"\" class=\"wp-image-439028\" srcset=\"https:\/\/notinor.com\/jujuy\/wp-content\/uploads\/2026\/02\/PUBLICIDAD1.jpg 650w, https:\/\/notinor.com\/jujuy\/wp-content\/uploads\/2026\/02\/PUBLICIDAD1-543x365.jpg 543w\" sizes=\"(max-width: 650px) 100vw, 650px\" \/><figcaption class=\"wp-element-caption\">El gobernador Carlos Sadir form\u00f3 parte del relanzamiento de \"La llama que llama\"<\/figcaption><\/figure><\/div>\n\n\n<p><strong>El gobernador<\/strong> <strong>Carlos Sadir form\u00f3 parte del relanzamiento de \"La llama que llama\"<\/strong>, el \u00edcono publicitario que vuelve a la pantalla a trav\u00e9s de una serie de Personal Flow. El evento se realiz\u00f3 en Huacalera, con la participaci\u00f3n de autoridades de la provincia y de la compa\u00f1\u00eda de comunicaciones.<\/p>\n\n\n\n<p>El mandatario agradeci\u00f3 y destac\u00f3 la decisi\u00f3n de la empresa de elegir Jujuy, y espec\u00edficamente Huacalera, para su producto. Sadir recalc\u00f3 la importancia de optar por \"nuestra Quebrada de Humahuaca, que es un patrimonio\".<\/p>\n\n\n<div class=\"wp-block-image\">\n<figure class=\"aligncenter\"><img decoding=\"async\" src=\"https:\/\/media.prensa.jujuy.gob.ar\/p\/c37e0d4de9e5c027aa6b9121ec8e77e5\/adjuntos\/301\/imagenes\/000\/423\/0000423488\/1200x0\/smart\/0c2a2636-copia.jpg\" alt=\"Sadir en el relanzamiento de La llama que llama en Huacalera: Nos siguen eligiendo\" title=\"Sadir en el relanzamiento de La llama que llama en Huacalera: Nos siguen eligiendo\"\/><\/figure><\/div>\n\n\n<p><a href=\"https:\/\/media.prensa.jujuy.gob.ar\/p\/c37e0d4de9e5c027aa6b9121ec8e77e5\/adjuntos\/301\/imagenes\/000\/423\/0000423488\/1200x0\/smart\/0c2a2636-copia.jpg\"><\/a><\/p>\n\n\n\n<p>\"<strong>Nos siguen eligiendo<\/strong>, hace 25 a\u00f1os eligieron nuestra llama y verlos volver es un gusto. Para Jujuy es un orgullo que una empresa tan importante est\u00e9 ac\u00e1 y nos elija\", expres\u00f3 el gobernador sobre la elecci\u00f3n del destino para relanzar \"La llama que llama\".<\/p>\n\n\n\n<p>Sadir tambi\u00e9n remarc\u00f3 que estas producciones constituyen \"una manera de mostrar nuestro Jujuy, nuestras bellezas naturales y nuestra gente\". En ese sentido, indic\u00f3: \"Jujuy viene trabajando much\u00edsimo en turismo y hoy tenemos una actividad continua, aument\u00f3 el pernocte, llegan turistas todo el a\u00f1o y el gran desaf\u00edo es seguir trabajando en esa l\u00ednea. Este lanzamiento viene en colaboraci\u00f3n para que la gente siga conociendo Jujuy\".<\/p>\n\n\n\n<p><strong>Jujuy Energ\u00eda Viva<\/strong><\/p>\n\n\n\n<p>Por su parte, el ministro de Turismo y Cultura, Federico Posadas, puso en valor la acci\u00f3n de co-branding entre Personal Flow y&nbsp;<strong>la marca Jujuy Energ\u00eda Viva<\/strong>, \"con el reconocimiento de que las llamas son juje\u00f1as, un animal ancestral que acompa\u00f1\u00f3 siempre la supervivencia en esta parte de la Argentina y de Sudam\u00e9rica\", ponder\u00f3.&nbsp;<\/p>\n\n\n\n<p>El funcionario valor\u00f3 el relanzamiento de la propuesta \"25 a\u00f1os despu\u00e9s y en un formato totalmente distinto\". Al respecto, detall\u00f3: \"ya no son publicidades convencionales sino que va a ser una serie con 8 cap\u00edtulos en donde la picard\u00eda de las llamas va a estar presente, con lo cual la marca Jujuy va a estar tambi\u00e9n presente\".&nbsp;<\/p>\n\n\n\n<p>\"Es una gran oportunidad de seguir posicionando el destino. Agradecemos a la empresa por haber elegido Huacalera para el lanzamiento, por elegir Jujuy y por refrescar tambi\u00e9n esta publicidad ic\u00f3nica. Sabemos toda la fuerza promocional del hecho de que las llamas est\u00e9n presentes en Flow y asociarlo a la provincia de Jujuy\", sostuvo.&nbsp;<\/p>\n\n\n\n<p>A su turno, Pedro L\u00f3pez Mateo, director de Comunicaciones Externas, Sustentabilidad y Medios de Personal, se refiri\u00f3 a la decisi\u00f3n de elegir la provincia para lanzar la campa\u00f1a. \"Elegimos Jujuy porque la llama es juje\u00f1a y porque esta provincia nos recibe siempre con una enorme calidez y amor\", expres\u00f3.&nbsp;<\/p>\n\n\n\n<p>Asimismo, destac\u00f3 que hay \"una identificaci\u00f3n imposible de negar de Jujuy y la llama, y por eso elegimos la provincia y especialmente Huacalera que es el lugar paradis\u00edaco\".&nbsp;<\/p>\n\n\n\n<p>Con relaci\u00f3n al contenido que se ver\u00e1 en Flow desde el viernes 27 de febrero, afirm\u00f3 que \"los cap\u00edtulos van a ser muy divertidos y, si bien la llama respeta la tradici\u00f3n de los personajes, se llaman igual y el beb\u00e9 sigue siendo de Gimnasia y Esgrima de Jujuy, van a estar actualizados con un humor a la moda\".&nbsp;<\/p>\n\n\n\n<p>\"Tenemos grandes expectativas de que realmente sean muy aceptados por todas las audiencias\", manifest\u00f3 L\u00f3pez Mateo. y agradeci\u00f3 el acompa\u00f1amiento del Gobierno de Jujuy. \"<strong>Contamos siempre con el apoyo del gobernador Carlos Sadir y del ministro Federico Posadas<\/strong>, realmente fue un gusto trabajar con ellos\", expres\u00f3.<\/p>\n","protected":false},"excerpt":{"rendered":"<p>El gobernador particip\u00f3 del evento de lanzamiento de la serie que tiene como protagonista al ic\u00f3nico personaje juje\u00f1o y destac\u00f3 que permitir\u00e1 seguir potenciando a Jujuy como destino. El gobernador Carlos Sadir form\u00f3 parte del relanzamiento de \"La llama que llama\", el \u00edcono publicitario que vuelve a la pantalla a trav\u00e9s de una serie de [&hellip;]<\/p>\n","protected":false},"author":5,"featured_media":439027,"comment_status":"open","ping_status":"open","sticky":false,"template":"","format":"standard","meta":{"_stopmodifiedupdate":false,"_modified_date":"","inline_featured_image":false,"spay_email":"","jetpack_publicize_message":""},"categories":[2],"tags":[],"jetpack_featured_media_url":"https:\/\/notinor.com\/jujuy\/wp-content\/uploads\/2026\/02\/PUBLICIDAD.jpg","jetpack_publicize_connections":[],"_links":{"self":[{"href":"https:\/\/notinor.com\/jujuy\/wp-json\/wp\/v2\/posts\/439026"}],"collection":[{"href":"https:\/\/notinor.com\/jujuy\/wp-json\/wp\/v2\/posts"}],"about":[{"href":"https:\/\/notinor.com\/jujuy\/wp-json\/wp\/v2\/types\/post"}],"author":[{"embeddable":true,"href":"https:\/\/notinor.com\/jujuy\/wp-json\/wp\/v2\/users\/5"}],"replies":[{"embeddable":true,"href":"https:\/\/notinor.com\/jujuy\/wp-json\/wp\/v2\/comments?post=439026"}],"version-history":[{"count":1,"href":"https:\/\/notinor.com\/jujuy\/wp-json\/wp\/v2\/posts\/439026\/revisions"}],"predecessor-version":[{"id":439029,"href":"https:\/\/notinor.com\/jujuy\/wp-json\/wp\/v2\/posts\/439026\/revisions\/439029"}],"wp:featuredmedia":[{"embeddable":true,"href":"https:\/\/notinor.com\/jujuy\/wp-json\/wp\/v2\/media\/439027"}],"wp:attachment":[{"href":"https:\/\/notinor.com\/jujuy\/wp-json\/wp\/v2\/media?parent=439026"}],"wp:term":[{"taxonomy":"category","embeddable":true,"href":"https:\/\/notinor.com\/jujuy\/wp-json\/wp\/v2\/categories?post=439026"},{"taxonomy":"post_tag","embeddable":true,"href":"https:\/\/notinor.com\/jujuy\/wp-json\/wp\/v2\/tags?post=439026"}],"curies":[{"name":"wp","href":"https:\/\/api.w.org\/{rel}","templated":true}]}}