{"id":438981,"date":"2026-02-25T12:55:24","date_gmt":"2026-02-25T15:55:24","guid":{"rendered":"https:\/\/notinor.com\/jujuy\/?p=438981"},"modified":"2026-02-25T12:55:26","modified_gmt":"2026-02-25T15:55:26","slug":"la-cgt-reune-a-su-mesa-chica-para-definir-la-estrategia-judicial-para-frenar-la-reforma-laboral","status":"publish","type":"post","link":"https:\/\/notinor.com\/jujuy\/la-cgt-reune-a-su-mesa-chica-para-definir-la-estrategia-judicial-para-frenar-la-reforma-laboral\/","title":{"rendered":"La CGT re\u00fane a su mesa chica para definir la estrategia judicial para frenar la reforma laboral"},"content":{"rendered":"\n<p class=\"has-medium-font-size\"><strong><em>La central obrera da por hecho que el oficialismo contar\u00e1 con los votos para que la ley quede sancionada esta semana. No convocar\u00e1n a un nuevo paro, pero discutir\u00e1n c\u00f3mo llevar el proyecto a los tribunales.<\/em><\/strong><\/p>\n\n\n<div class=\"wp-block-image\">\n<figure class=\"aligncenter\"><img decoding=\"async\" src=\"https:\/\/tn.com.ar\/resizer\/v2\/la-cgt-reunira-a-la-mesa-chica-este-miercoles-para-terminar-de-definir-la-estrategia-judicial-contra-la-reforma-laboral-foto-captura-de-tv-PTPJDMOZOVHSXAXQVYW2WIMYFE.jpeg?auth=32d82c7dd4a53a4f3ddf86ddafa5344a0cf9e1751370c13375473a60c3c1a9eb&amp;width=767\" alt=\"La CGT reunir\u00e1 a la mesa chica este mi\u00e9rcoles para terminar de definir la estrategia judicial contra la reforma laboral (Foto: Captura de TV).\"\/><figcaption class=\"wp-element-caption\">La CGT reunir\u00e1 a la mesa chica este mi\u00e9rcoles para terminar de definir la estrategia judicial contra la reforma laboral <\/figcaption><\/figure><\/div>\n\n\n<p>La\u00a0<strong>mesa chica de la<\/strong> <strong>Confederaci\u00f3n General del Trabajo (CGT) <\/strong>\u00a0<strong>se reunir\u00e1 este mi\u00e9rcoles\u00a0<\/strong>para definir la estrategia judicial con la que buscar\u00e1\u00a0<strong>frenar la reforma laboral\u00a0<\/strong>que impulsa el Gobierno de <strong>Javier Milei.<\/strong> En la central obrera dan por hecho que el oficialismo contar\u00e1 con los votos para que el Senado ratifique las modificaciones introducidas en Diputados y que la ley quedar\u00e1 sancionada esta semana; por eso,\u00a0<strong>apostar\u00e1n a la ofensiva judicial.<\/strong><\/p>\n\n\n\n<p>Con ese escenario, en el que la v\u00eda parlamentaria aparece cerrada, la conducci\u00f3n sindical decidi\u00f3 que&nbsp;<strong>no convocar\u00e1 a un nuevo paro general<\/strong>, como piden los gremios combativos. La evaluaci\u00f3n interna es que una huelga en la antesala de una votaci\u00f3n que dan por encaminada tendr\u00eda bajo impacto en la votaci\u00f3n del Senado y alto costo pol\u00edtico.<\/p>\n\n\n\n<p>La discusi\u00f3n pasar\u00e1 entonces por la presentaci\u00f3n de un<strong>&nbsp;recurso de inconstitucionalidad&nbsp;<\/strong>contra la ley en caso de que sea sancionada. Ser\u00e1 el principal instrumento para cuestionar art\u00edculos que, seg\u00fan sostienen, vulneran derechos consagrados en la Constituci\u00f3n.<\/p>\n\n\n\n<p>El dato pol\u00edtico es que&nbsp;<strong>tampoco habr\u00e1 una huelga impulsada por los sectores m\u00e1s duros<\/strong>. Los gremios combativos&nbsp;<strong>optaron por organizar una movilizaci\u00f3n al Congreso&nbsp;<\/strong>este viernes, d\u00eda de la sesi\u00f3n en el Senado, sin paro nacional, lo que expone una diferencia t\u00e1ctica, pero evita una ruptura formal con la CGT.<\/p>\n\n\n\n<p><strong>La v\u00eda judicial como estrategia central<\/strong><\/p>\n\n\n\n<p>En la CGT sostienen que la reforma vulnera principios constitucionales b\u00e1sicos en materia laboral. Entre los ejes que analizan los equipos jur\u00eddicos sindicales \u2014que trabajan hace semanas sobre el texto\u2014 para la presentaci\u00f3n judicial figuran el&nbsp;<strong>principio de protecci\u00f3n del trabajador consagrado en el art\u00edculo 14 bis&nbsp;<\/strong>y la&nbsp;<strong>no regresividad&nbsp;<\/strong>de los derechos sociales.<\/p>\n\n\n<div class=\"wp-block-image\">\n<figure class=\"aligncenter\"><img decoding=\"async\" src=\"https:\/\/tn.com.ar\/resizer\/v2\/los-gremios-combativos-volveran-a-movilizarse-este-viernes-en-rechazo-a-la-reforma-laboral-foto-ate-BOZTRJEXLVAS3LU3CLUQ7YBWGA.jpeg?auth=9f0cee7f731140589bbb4a3d432a6b569bca08696465c9276864c8cc1176ac0b&amp;width=767\" alt=\"Los gremios combativos volver\u00e1n a movilizarse este viernes en rechazo a la reforma laboral (Foto: ATE).\"\/><figcaption class=\"wp-element-caption\">Los gremios combativos volver\u00e1n a movilizarse este viernes en rechazo a la reforma laboral <\/figcaption><\/figure><\/div>\n\n\n<p>La central obrera apunta especialmente a los cambios vinculados con el derecho de huelga, la ampliaci\u00f3n del per\u00edodo de prueba y la posibilidad de modificar esquemas indemnizatorios a trav\u00e9s de convenios colectivos. Tambi\u00e9n cuestiona la redefinici\u00f3n de conceptos salariales que podr\u00edan impactar en el c\u00e1lculo de indemnizaciones.<\/p>\n\n\n\n<p>El planteo se preparar\u00e1 para ser presentado ante el&nbsp;<strong>Fuero Contencioso Administrativo Federal<\/strong>&nbsp;con la intenci\u00f3n de que se declare la inconstitucionalidad de la ley. En la conducci\u00f3n cegetista admiten que la Corte Suprema podr\u00eda no frenar la norma en bloque y que<strong>&nbsp;muchos planteos deber\u00e1n resolverse caso por caso<\/strong>. Aun as\u00ed, consideran que la judicializaci\u00f3n es el \u00fanico camino con chances de impacto institucional una vez agotada la instancia legislativa.<\/p>\n\n\n\n<p><strong>Sin paro y con movilizaci\u00f3n de los gremios combativos<\/strong><\/p>\n\n\n\n<p>La decisi\u00f3n de no convocar a un nuevo paro general ya est\u00e1 tomada. En la mesa chica de la CGT coinciden en que el \u00faltimo cese de actividades dej\u00f3 una se\u00f1al pol\u00edtica y que repetir la medida no modificar\u00eda el resultado legislativo.<\/p>\n\n\n\n<p>En cambio, los gremios alineados en el espacio m\u00e1s combativo, agrupados en el Frente de Sindicatos Unidos (FreSU), que en las \u00faltimas semanas presionaron por una postura m\u00e1s dura, resolvieron avanzar con una movilizaci\u00f3n al Congreso. La protesta no incluir\u00e1&nbsp;<strong>huelga<\/strong>, aunque algunos sindicatos podr\u00edan adoptar medidas propias, como ya lo anunci\u00f3 la Asociaci\u00f3n de Trabajadores del Estado (<strong>ATE<\/strong>).<\/p>\n\n\n\n<p>Las opciones que se barajar\u00e1n en la reuni\u00f3n de este mi\u00e9rcoles de la mesa chica de la CGT ser\u00e1n las de&nbsp;<strong>acompa\u00f1ar formalmente la convocatoria a la movilizaci\u00f3n<\/strong>, mantener una&nbsp;<strong>presencia institucional&nbsp;<\/strong>sin involucrarse en la organizaci\u00f3n o&nbsp;<strong>dar libertad de acci\u00f3n a los gremios&nbsp;<\/strong>que quieran sumarse a la marcha.<\/p>\n\n\n\n<p>La postura busca evitar una nueva exposici\u00f3n de diferencias internas entre el sector dialoguista y el ala dura del sindicalismo y pretende ordenar la estrategia en torno de la judicializaci\u00f3n y&nbsp;<strong>preservar margen de acci\u00f3n para el escenario posterior&nbsp;<\/strong>a la eventual sanci\u00f3n de la ley.<\/p>\n\n\n\n<p>Adem\u00e1s, algunos dirigentes sindicales anticiparon que, si la ley es aprobada, buscar\u00e1n exponer a los senadores que acompa\u00f1en la iniciativa, en especial a aquellos vinculados al peronismo. Consideran que la reforma implicar\u00e1 un retroceso en derechos laborales y que el costo deber\u00e1 asumirse en el plano pol\u00edtico.<\/p>\n","protected":false},"excerpt":{"rendered":"<p>La central obrera da por hecho que el oficialismo contar\u00e1 con los votos para que la ley quede sancionada esta semana. No convocar\u00e1n a un nuevo paro, pero discutir\u00e1n c\u00f3mo llevar el proyecto a los tribunales. La\u00a0mesa chica de la Confederaci\u00f3n General del Trabajo (CGT) \u00a0se reunir\u00e1 este mi\u00e9rcoles\u00a0para definir la estrategia judicial con la [&hellip;]<\/p>\n","protected":false},"author":5,"featured_media":438982,"comment_status":"open","ping_status":"open","sticky":false,"template":"","format":"standard","meta":{"_stopmodifiedupdate":false,"_modified_date":"","inline_featured_image":false,"spay_email":"","jetpack_publicize_message":""},"categories":[501],"tags":[],"jetpack_featured_media_url":"https:\/\/notinor.com\/jujuy\/wp-content\/uploads\/2026\/02\/CGT-1.jpg","jetpack_publicize_connections":[],"_links":{"self":[{"href":"https:\/\/notinor.com\/jujuy\/wp-json\/wp\/v2\/posts\/438981"}],"collection":[{"href":"https:\/\/notinor.com\/jujuy\/wp-json\/wp\/v2\/posts"}],"about":[{"href":"https:\/\/notinor.com\/jujuy\/wp-json\/wp\/v2\/types\/post"}],"author":[{"embeddable":true,"href":"https:\/\/notinor.com\/jujuy\/wp-json\/wp\/v2\/users\/5"}],"replies":[{"embeddable":true,"href":"https:\/\/notinor.com\/jujuy\/wp-json\/wp\/v2\/comments?post=438981"}],"version-history":[{"count":1,"href":"https:\/\/notinor.com\/jujuy\/wp-json\/wp\/v2\/posts\/438981\/revisions"}],"predecessor-version":[{"id":438983,"href":"https:\/\/notinor.com\/jujuy\/wp-json\/wp\/v2\/posts\/438981\/revisions\/438983"}],"wp:featuredmedia":[{"embeddable":true,"href":"https:\/\/notinor.com\/jujuy\/wp-json\/wp\/v2\/media\/438982"}],"wp:attachment":[{"href":"https:\/\/notinor.com\/jujuy\/wp-json\/wp\/v2\/media?parent=438981"}],"wp:term":[{"taxonomy":"category","embeddable":true,"href":"https:\/\/notinor.com\/jujuy\/wp-json\/wp\/v2\/categories?post=438981"},{"taxonomy":"post_tag","embeddable":true,"href":"https:\/\/notinor.com\/jujuy\/wp-json\/wp\/v2\/tags?post=438981"}],"curies":[{"name":"wp","href":"https:\/\/api.w.org\/{rel}","templated":true}]}}