{"id":438932,"date":"2026-02-24T11:54:14","date_gmt":"2026-02-24T14:54:14","guid":{"rendered":"https:\/\/notinor.com\/jujuy\/?p=438932"},"modified":"2026-02-24T11:54:16","modified_gmt":"2026-02-24T14:54:16","slug":"al-menos-20-muertos-y-decenas-de-desaparecidos-por-lluvias-extremas-en-el-sureste-de-brasil","status":"publish","type":"post","link":"https:\/\/notinor.com\/jujuy\/al-menos-20-muertos-y-decenas-de-desaparecidos-por-lluvias-extremas-en-el-sureste-de-brasil\/","title":{"rendered":"Al menos 20 muertos y decenas de desaparecidos por lluvias extremas en el sureste de Brasil"},"content":{"rendered":"\n<p class=\"has-medium-font-size\"><strong><em>Las condiciones clim\u00e1ticas extremas que golpearon el estado de Minas Gerais provocaron inundaciones, desplazamientos de tierra, derrumbes y el desbordamiento de un r\u00edo<\/em><\/strong>.<\/p>\n\n\n<div class=\"wp-block-image\">\n<figure class=\"aligncenter size-full\"><img decoding=\"async\" loading=\"lazy\" width=\"701\" height=\"460\" src=\"https:\/\/notinor.com\/jujuy\/wp-content\/uploads\/2026\/02\/BRASIL.jpg\" alt=\"\" class=\"wp-image-438933\" srcset=\"https:\/\/notinor.com\/jujuy\/wp-content\/uploads\/2026\/02\/BRASIL.jpg 701w, https:\/\/notinor.com\/jujuy\/wp-content\/uploads\/2026\/02\/BRASIL-556x365.jpg 556w\" sizes=\"(max-width: 701px) 100vw, 701px\" \/><figcaption class=\"wp-element-caption\">Inundaciones en Juiz de Fora, Minas Gerais<\/figcaption><\/figure><\/div>\n\n\n<p>Al menos <strong>20 personas murieron <\/strong>y m\u00e1s de <strong>400 perdieron sus hogares por lluvias torrenciales que<\/strong> azotan el estado de <strong>Minas Gerais,<\/strong> en el sureste de <strong>Brasil,<\/strong> desde la noche del lunes, seg\u00fan informaron las autoridades el martes.<\/p>\n\n\n\n<p>El municipio de <strong>Juiz de Fora <\/strong>indic\u00f3 en su cuenta de X que <strong>tambi\u00e9n hay desaparecidos <\/strong>-aunque no precis\u00f3 el n\u00famero- por la tragedia, que incluy\u00f3 el desbordamiento de un r\u00edo, inundaciones, derrumbes de edificaciones y deslizamientos de tierra.<\/p>\n\n\n\n<p><strong>La prensa local inform\u00f3 sobre 45 desaparecidos<\/strong>. Un vocero de los bomberos de Minas Gerais dijo a la AFP que \u201cen principio\u201d confirma esa informaci\u00f3n, pero que todav\u00eda es prematuro dar una cifra exacta.<\/p>\n\n\n\n<p>El municipio inform\u00f3 que los deslizamientos que dejaron v\u00edctimas fatales ocurrieron en los barrios <strong>JK, Santa Rita, Vila Ideal, Lourdes, Vila Alpina, S\u00e3o Benedito y Vila Olavo Costa.<\/strong> La Defensa Civil registr\u00f3 251 incidentes a lo largo del d\u00eda.<\/p>\n\n\n\n<p>\u201c<strong>Quien intent\u00f3 desplazarse por la ciudad hoy sabe que los barrios est\u00e1n aislados.<\/strong> El r\u00edo Paraibuna se desbord\u00f3, lo que tambi\u00e9n es algo hist\u00f3rico. Los arroyos est\u00e1n absolutamente desbordados. Entonces, es una situaci\u00f3n de calamidad\u201d, dijo la intendenta <strong>Margarida Salom\u00e3o<\/strong>, en un comunicado difundido en las redes sociales en la madrugada de este martes.<\/p>\n\n\n\n<p>\u201c<strong>Los barrios est\u00e1n aislados\u201d<\/strong> y la <strong>situaci\u00f3n es \u201cextrema\u201d<\/strong>, agreg\u00f3 Salom\u00e3o, quien indic\u00f3 que hubo al menos 20 deslizamientos de tierra.<\/p>\n\n\n\n<p>El mes de febrero ya registr\u00f3 <strong>584 mil\u00edmetros de lluvia<\/strong>, convirti\u00e9ndose en el <strong>m\u00e1s lluvioso en la historia de la ciudad.<\/strong> El r\u00e9cord anterior era de febrero de 1988, cuando el acumulado alcanz\u00f3 456 mil\u00edmetros. De acuerdo al municipio, el volumen registrado este mes <strong>corresponde al 270% del total esperado para febrero<\/strong>, que era de 170,3 mil\u00edmetros.<\/p>\n\n\n\n<p>\u201c<strong>Calamidad p\u00fablica\u201d<\/strong><br>Ya en la madrugada del martes, las autoridades de Juiz de Fora \u2013donde viven unas <strong>540.000 persona<\/strong>s, seg\u00fan datos oficiales\u2013 decretaron el \u201c<strong>estado de calamidad p\u00fablica<\/strong>\u201d, que regir\u00e1 por 180 d\u00edas. Los empleados p\u00fablicos fueron autorizados a trabajar de forma remota por el d\u00eda, mientras que las clases en las escuelas municipales fueron suspendidas.<\/p>\n\n\n\n<p>\u201c<strong>Esto nos permite recibir recursos federales y estaduales, humanos y materiales<\/strong> para enfrentar esta grave situaci\u00f3n. El estado de calamidad tambi\u00e9n permite la participaci\u00f3n de voluntarios, para que podamos superar esta dificultad muy grande que est\u00e1n viviendo las personas\u201d, explic\u00f3 la intendenta. \u201c<strong>Es una situaci\u00f3n extrema que exige medidas extremas\u201d<\/strong>, agreg\u00f3.<\/p>\n\n\n\n<p>La municipalidad tambi\u00e9n inform\u00f3 que <strong>hay tres escuelas funcionando como puntos de acogida para los damnificados:<\/strong> la Escuela Municipal Paulo Rog\u00e9rio dos Santos, la Escuela Municipal Murilo Mendes y la Escuela Municipal Camilo Ayupe.<\/p>\n\n\n<div class=\"wp-block-image\">\n<figure class=\"aligncenter size-full is-resized\"><img decoding=\"async\" loading=\"lazy\" src=\"https:\/\/notinor.com\/jujuy\/wp-content\/uploads\/2026\/02\/BRASIL1.jpg\" alt=\"\" class=\"wp-image-438934\" width=\"659\" height=\"470\" srcset=\"https:\/\/notinor.com\/jujuy\/wp-content\/uploads\/2026\/02\/BRASIL1.jpg 583w, https:\/\/notinor.com\/jujuy\/wp-content\/uploads\/2026\/02\/BRASIL1-512x365.jpg 512w, https:\/\/notinor.com\/jujuy\/wp-content\/uploads\/2026\/02\/BRASIL1-120x86.jpg 120w, https:\/\/notinor.com\/jujuy\/wp-content\/uploads\/2026\/02\/BRASIL1-350x250.jpg 350w\" sizes=\"(max-width: 659px) 100vw, 659px\" \/><\/figure><\/div>\n\n\n<p>Los bomberos fueron convocados para atender \u201c<strong>incidentes de inundaciones, deslizamientos de tierra y riesgo estructural en m\u00e1rgenes y \u00e1reas pr\u00f3ximas al r\u00edo<\/strong>\u201d que desbord\u00f3, indic\u00f3 el teniente <strong>Henrique Barcellos<\/strong>, del Cuerpo de Bomberos de Minas Gerais.<\/p>\n\n\n\n<p>\u201cLos equipos act\u00faan en la atenci\u00f3n de incidentes de inundaciones, sepultamientos, inmuebles con riesgo estructural y evacuaci\u00f3n preventiva de residentes en \u00e1reas vulnerables. El refuerzo operativo incluye militares especializados, <strong>perros de b\u00fasqueda y equipos espec\u00edficos para actuar en desastres<\/strong>\u201d, inform\u00f3 el cuerpo de bomberos.<\/p>\n\n\n\n<p>Brasil ha sufrido <strong>diferentes tragedias en los \u00faltimos a\u00f1os<\/strong> <strong>vinculadas a eventos clim\u00e1ticos extremos<\/strong>, desde inundaciones a sequ\u00edas, pasando por intensas olas de calor.<\/p>\n\n\n\n<p>En 2024, unas inundaciones in\u00e9ditas golpearon el sur del pa\u00eds y dejaron m\u00e1s de <strong>200 muertos y 2 millones de habitantes afectados<\/strong>, en una de las peores cat\u00e1strofes naturales de la historia del pa\u00eds.<\/p>\n\n\n\n<p>En 2022, <strong>otro fuerte temporal dej\u00f3 241 muertos<\/strong> en la ciudad de Petr\u00f3polis, en Rio de Janeiro.<\/p>\n\n\n\n<p>Expertos vincularon la mayor\u00eda de estos eventos a los efectos del cambio clim\u00e1tico.<\/p>\n\n\n\n<p>Juiz de Fora es el municipio donde el expresidente de derecha <strong>Jair Bolsonar<\/strong>o recibi\u00f3 una pu\u00f1alada durante un acto electoral en 2018, que le acarrea problemas de salud hasta el d\u00eda de hoy.<\/p>\n","protected":false},"excerpt":{"rendered":"<p>Las condiciones clim\u00e1ticas extremas que golpearon el estado de Minas Gerais provocaron inundaciones, desplazamientos de tierra, derrumbes y el desbordamiento de un r\u00edo. Al menos 20 personas murieron y m\u00e1s de 400 perdieron sus hogares por lluvias torrenciales que azotan el estado de Minas Gerais, en el sureste de Brasil, desde la noche del lunes, [&hellip;]<\/p>\n","protected":false},"author":5,"featured_media":438935,"comment_status":"open","ping_status":"open","sticky":false,"template":"","format":"standard","meta":{"_stopmodifiedupdate":false,"_modified_date":"","inline_featured_image":false,"spay_email":"","jetpack_publicize_message":""},"categories":[6],"tags":[],"jetpack_featured_media_url":"https:\/\/notinor.com\/jujuy\/wp-content\/uploads\/2026\/02\/BRASIL2.jpg","jetpack_publicize_connections":[],"_links":{"self":[{"href":"https:\/\/notinor.com\/jujuy\/wp-json\/wp\/v2\/posts\/438932"}],"collection":[{"href":"https:\/\/notinor.com\/jujuy\/wp-json\/wp\/v2\/posts"}],"about":[{"href":"https:\/\/notinor.com\/jujuy\/wp-json\/wp\/v2\/types\/post"}],"author":[{"embeddable":true,"href":"https:\/\/notinor.com\/jujuy\/wp-json\/wp\/v2\/users\/5"}],"replies":[{"embeddable":true,"href":"https:\/\/notinor.com\/jujuy\/wp-json\/wp\/v2\/comments?post=438932"}],"version-history":[{"count":1,"href":"https:\/\/notinor.com\/jujuy\/wp-json\/wp\/v2\/posts\/438932\/revisions"}],"predecessor-version":[{"id":438936,"href":"https:\/\/notinor.com\/jujuy\/wp-json\/wp\/v2\/posts\/438932\/revisions\/438936"}],"wp:featuredmedia":[{"embeddable":true,"href":"https:\/\/notinor.com\/jujuy\/wp-json\/wp\/v2\/media\/438935"}],"wp:attachment":[{"href":"https:\/\/notinor.com\/jujuy\/wp-json\/wp\/v2\/media?parent=438932"}],"wp:term":[{"taxonomy":"category","embeddable":true,"href":"https:\/\/notinor.com\/jujuy\/wp-json\/wp\/v2\/categories?post=438932"},{"taxonomy":"post_tag","embeddable":true,"href":"https:\/\/notinor.com\/jujuy\/wp-json\/wp\/v2\/tags?post=438932"}],"curies":[{"name":"wp","href":"https:\/\/api.w.org\/{rel}","templated":true}]}}