{"id":438865,"date":"2026-02-23T12:17:09","date_gmt":"2026-02-23T15:17:09","guid":{"rendered":"https:\/\/notinor.com\/jujuy\/?p=438865"},"modified":"2026-02-23T12:17:11","modified_gmt":"2026-02-23T15:17:11","slug":"milei-abrira-las-sesiones-ordinarias-del-congreso-el-proximo-domingo-nueva-hegemonia-libertaria-paquete-de-reformas-y-desbandada-peronista","status":"publish","type":"post","link":"https:\/\/notinor.com\/jujuy\/milei-abrira-las-sesiones-ordinarias-del-congreso-el-proximo-domingo-nueva-hegemonia-libertaria-paquete-de-reformas-y-desbandada-peronista\/","title":{"rendered":"Milei abrir\u00e1 las sesiones ordinarias del Congreso el pr\u00f3ximo domingo: nueva hegemon\u00eda libertaria, paquete de reformas y desbandada peronista"},"content":{"rendered":"\n<p class=\"has-medium-font-size\"><strong><em>El Presidente inaugura el tercer ciclo de su mandato con un oficialismo consolidado y enemigos a la defensiva. La agenda \u201cdel Congreso m\u00e1s reformista de la historia\u201d, las internas del PJ y el factor Villarruel.<\/em><\/strong><\/p>\n\n\n\n<p class=\"has-text-align-center\"><img decoding=\"async\" loading=\"lazy\" height=\"1280\" width=\"1920\" src=\"https:\/\/www.infobae.com\/resizer\/v2\/FUZQVG3SJBHRFGFATPTG5TD7GQ.jpg?auth=c128220375cf443d21b4d53ebdd1d7d344e2eef13e454853345f571728665265&amp;smart=true&amp;width=350&amp;height=233&amp;quality=85\" alt=\"La segunda. Milei, el a\u00f1o\">La segunda. Milei, el a\u00f1o pasado, en la apertura de sesiones ordinarias del Congreso<\/p>\n\n\n\n<p>El pr\u00f3ximo domingo 1\u00b0 de marzo, a las 21, el presidente&nbsp;<strong>Javier Milei<\/strong>&nbsp;volver\u00e1 a pararse frente a los 257 diputados, los 72 senadores y la vicepresidenta&nbsp;<strong>Victoria Villarruel<\/strong>&nbsp;para inaugurar el per\u00edodo ordinario de sesiones. Ser\u00e1 su tercera apertura. La escena es conocida: cadena nacional, recinto colmado, liturgia libertaria. Pero el contexto es in\u00e9dito.<\/p>\n\n\n\n<p>Si esta semana no ocurre ning\u00fan cataclismo pol\u00edtico ni un imprevisto de \u00faltimo momento, Milei llegar\u00e1 al recinto despu\u00e9s de haber cumplido los tres objetivos que se hab\u00eda trazado para las&nbsp;<strong>sesiones extraordinarias de diciembre y febrero<\/strong>. Consigui\u00f3 la aprobaci\u00f3n del&nbsp;<strong>Presupuesto<\/strong>, algo que la&nbsp;<strong>Argentina<\/strong>&nbsp;no lograba desde hac\u00eda dos a\u00f1os fiscales, y entre jueves y viernes el Gobierno se encamina a sancionar la&nbsp;<strong>baja de la edad de imputabilidad \u2014nuevo r\u00e9gimen penal juvenil\u2014 y la reforma laboral<\/strong>. Dos reformas que durante a\u00f1os fueron anatema para el&nbsp;<strong>peronismo<\/strong>&nbsp;y que hoy avanzan bajo un Gobierno no peronista.<\/p>\n\n\n\n<p>Ese dato explica el clima que atraviesa la&nbsp;<strong>Casa Rosada<\/strong>: Milei llegar\u00e1, si no hay contratiempos, victorioso. Pero no se trata solo de entusiasmo. Se trata de poder.<\/p>\n\n\n\n<p>La nueva hegemon\u00eda, que se consolid\u00f3 en los \u00faltimos meses, no descansa en una mayor\u00eda autom\u00e1tica. Tiene&nbsp;<strong>95 diputados propios y 21 senadores propios<\/strong>. Ese es el piso. Pero alrededor de ese n\u00facleo se consolid\u00f3 un anillo de aliados que, en los momentos decisivos, acompa\u00f1\u00f3 todas las leyes impulsadas por el oficialismo. Los gobernadores&nbsp;<strong>Gustavo S\u00e1enz<\/strong>&nbsp;(Salta),<strong>&nbsp;Ra\u00fal Jalil&nbsp;<\/strong>(Catamarca)<strong>, Osvaldo Jaldo<\/strong>&nbsp;(Tucum\u00e1n) y el misionero&nbsp;<strong>Hugo Passalacqua<\/strong>&nbsp;\u2014vicario pol\u00edtico del caudillo&nbsp;<strong>Carlos Rovira<\/strong>\u2014, junto con los bloques del&nbsp;<strong>PRO<\/strong>&nbsp;y sectores clave de la&nbsp;<strong>UCR<\/strong>, dieron pruebas decisivas de adhesi\u00f3n y solidaridad parlamentaria.<\/p>\n\n\n\n<p>Si bien Milei todav\u00eda necesita&nbsp;<strong>34 diputados y 16 senadores<\/strong>&nbsp;para alcanzar mayor\u00eda propia, lo relevante es que el peronismo duro -sobre todo el identificado como kirchnerista- ya dej\u00f3 de tener poder de veto. La aritm\u00e9tica sigue siendo exigente, pero la correlaci\u00f3n pol\u00edtica cambi\u00f3 de manera dram\u00e1tica.<\/p>\n\n\n\n<p>El Congreso que escuchar\u00e1 el discurso -que ya empez\u00f3 a borronearse- no es el mismo que hace un a\u00f1o. En las filas de\u00a0<strong>La Libertad Avanza<\/strong>\u00a0la disciplina es hoy un dato tangible. El oficialismo logr\u00f3 condensar conducci\u00f3n interna despu\u00e9s de desmalezar disidencias, rebeld\u00edas y libres pensadores que hab\u00edan llegado -como todo en el ecosistema libertario- de manera aluvional.<\/p>\n\n\n\n<p class=\"has-text-align-center\"><img decoding=\"async\" loading=\"lazy\" height=\"2454\" width=\"3680\" src=\"https:\/\/www.infobae.com\/resizer\/v2\/G7SRER5BCJFQ7AJLDMTGRBD7EY.jpg?auth=dcf60b89e7064f47f0b9173f3add1467b72070a7ec8d4395c13a079e346813de&amp;smart=true&amp;width=350&amp;height=233&amp;quality=85\" alt=\"Karina Milei, Manuel Adorni y\">Karina Milei, Manuel Adorni y Diego Santilli celebran la aprobaci\u00f3n de la Reforma Laboral en el Congreso<\/p>\n\n\n\n<p>El kirchnerismo supo gobernar las lealtades parlamentarias mediante l\u00e1tigo y chequera;&nbsp;<strong>La Libertad Avanza<\/strong>&nbsp;lo hace con l\u00e1tigo, pero sin chequera. Gestiona con una administraci\u00f3n homeop\u00e1tica de recursos nacionales. No hay premios exuberantes; hay agenda y presi\u00f3n.<\/p>\n\n\n\n<p>Del otro lado, el peronismo transita un proceso de desorientaci\u00f3n y desconcierto. En el Senado, el bloque qued\u00f3 reducido a&nbsp;<strong>28 miembros<\/strong>&nbsp;y podr\u00eda caer a 25 con la ruptura inminente de parte de&nbsp;<strong>Convicci\u00f3n Federal<\/strong>. La juje\u00f1a&nbsp;<strong>Carolina Mois\u00e9s<\/strong>&nbsp;podr\u00eda arrastrar a otros dos senadores que ya fueron acusados de \u201ctraici\u00f3n\u201d por haber acompa\u00f1ado iniciativas de la&nbsp;<strong>Casa Rosada<\/strong>. El presidente del bloque, el formose\u00f1o&nbsp;<strong>Jos\u00e9 Mayans<\/strong>, dej\u00f3 una frase brutal en una comisi\u00f3n, que expone de manera cabal el paisaje entero:&nbsp;<strong>\u201cAc\u00e1 hacen lo que se les canta las pelotas\u201d<\/strong>. No fue una provocaci\u00f3n. Hablaba de los senadores del Gobierno, pero podr\u00eda caberle perfectamente a los de sus filas.<\/p>\n\n\n\n<p>En Diputados, el deterioro adquiri\u00f3 ribetes grotescos.&nbsp;<strong>Florencia Carignano<\/strong>&nbsp;desenchuf\u00f3 cables en plena sesi\u00f3n de la reforma laboral.&nbsp;<strong>Horacio Pietragalla<\/strong>&nbsp;llev\u00f3 cadenas al estrado donde&nbsp;<strong>Mart\u00edn Menem<\/strong>&nbsp;presid\u00eda el debate, en un operativo de demolici\u00f3n que fracas\u00f3 por la resistencia de&nbsp;<strong>Luis Petri<\/strong>&nbsp;a dejarse correr de la conducci\u00f3n del cuerpo, y la sagacidad parlamentaria de&nbsp;<strong>Silvana Giudici<\/strong>.<\/p>\n\n\n\n<p>Esos antecedentes explican la inquietud que atraviesa despachos del Ejecutivo y del Congreso ante la apertura del domingo.\u00a0<strong>\u201cSeguro que la van a querer pudrir. No esperamos nada bueno de los kukas\u201d<\/strong>, desliza, sin eufemismos, un operador oficialista. La pregunta circula en los pasillos: \u00bfQu\u00e9 se traer\u00e1n entre manos los\u00a0<em>creativos<\/em>\u00a0del kirchnerismo para la noche del 1\u00b0 de marzo?<\/p>\n\n\n\n<p class=\"has-text-align-center\"><img decoding=\"async\" loading=\"lazy\" height=\"5463\" width=\"8194\" src=\"https:\/\/www.infobae.com\/resizer\/v2\/PA6WSXJTEND4RJNYW6EEWYQCEA.jpg?auth=348660b33ce2363169965da6786db78092b34151f6dd291803f3f2dcb780bcce&amp;smart=true&amp;width=350&amp;height=233&amp;quality=85\" alt=\"La votaci\u00f3n re Diputados result\u00f3\">La votaci\u00f3n re Diputados result\u00f3 135 a favor y 115 en contra <\/p>\n\n\n\n<p>Sin embargo, el margen de maniobra opositor parece acotado. El paro general del viernes pasado no logr\u00f3 consolidar una din\u00e1mica sostenida de conflictividad. En el Gobierno nadie cree que la&nbsp;<strong>CGT<\/strong>&nbsp;pueda arrastrar nuevamente a todos los gremios a una medida de igual magnitud en el corto plazo. Tampoco imaginan que&nbsp;<strong>Roberto Fern\u00e1ndez<\/strong>, el jefe de la&nbsp;<strong>UTA<\/strong>, vuelva a paralizar los colectivos. Los tambores de guerra suenan, pero se escuchan poco.<\/p>\n\n\n\n<p>En el edificio hist\u00f3rico de la calle Azopardo se podr\u00edan excusar en la estrategia de la judicializaci\u00f3n para disimular la incapacidad de hacer una contundente demostraci\u00f3n de fuerza, cuando las manos se levanten para convertir en ley la reforma laboral.<\/p>\n\n\n\n<p>Seg\u00fan pudo confirmar&nbsp;<strong>Infobae<\/strong>, el Presidente prepara un discurso que promete una dosis recargada de reformas. Este medio anticip\u00f3 que Milei pidi\u00f3 al menos&nbsp;<strong>diez propuestas a cada ministerio y a la Jefatura de Gabinete<\/strong>. Son insumos para la narrativa que pronunciar\u00e1 desde la tarima.<\/p>\n\n\n\n<p>No piensa hablarle solamente al Congreso; piensa hablarle a la sociedad. La narrativa de la \u201cbatalla cultural\u201d volver\u00e1 a ser el eje.&nbsp;<strong>Javier y Karina Milei<\/strong>&nbsp;quieren cumplir la promesa formulada desde la campa\u00f1a: convertir este per\u00edodo en&nbsp;<strong>\u201cel Congreso m\u00e1s reformista de la historia\u201d<\/strong>.&nbsp;<strong>Sergio \u201cTronco\u201d Figliuolo<\/strong>&nbsp;cont\u00f3 que Karina le agradeci\u00f3 con esa referencia cuando acept\u00f3 ser candidato. Es la vigencia plena del&nbsp;<strong>TMAP \u2014Todo Marcha Acorde Al Plan\u2014<\/strong>&nbsp;de&nbsp;<strong>Santiago Caputo<\/strong>. El apetito reformista estaba presente en el dise\u00f1o mismo de las listas.<\/p>\n\n\n\n<p><strong>El peronismo y FATE como s\u00edndrome<\/strong><\/p>\n\n\n\n<p>Mientras La Libertad Avanza se consolida como centro de gravedad de la pol\u00edtica, el peronismo se desordena y enfrenta el riesgo de consolidar una federaci\u00f3n de partidos provinciales, sin una conducci\u00f3n nacional, que unifique posiciones y establezca estrategia comunes.<\/p>\n\n\n\n<p>El cierre de&nbsp;<strong>FATE<\/strong>, la f\u00e1brica de neum\u00e1ticos de&nbsp;<strong>Javier Madanes Quintanilla<\/strong>, concentra -como un Aleph borgeano- la forma y el fondo del modelo que Milei impulsa en la econom\u00eda y la pol\u00edtica.<\/p>\n\n\n\n<p>Su idea la plante\u00f3 el 24 de septiembre de 2024, durante la celebraci\u00f3n del&nbsp;<strong>D\u00eda de la Industria<\/strong>. Revisitar esas definiciones sirven en este contexto de dispersi\u00f3n opositora, despu\u00e9s de un a\u00f1o de asedio y resistencia parlamentaria:<\/p>\n\n\n\n<p><em>\u201c<\/em>Con el aumento en competitividad que traer\u00e1n las reformas profundas que estamos emprendiendo va a haber un boom industrial genuino, que todav\u00eda no podemos ni siquiera imaginar. \u00bfEsto quiere decir que todos van a ganar? No, porque eso ser\u00eda mentir (\u2026) cuando aparecen estos procesos, algunos progresan, otros se adaptan y algunos tambi\u00e9n quedan en el camino. Aqu\u00ed tenemos que ser sinceros, somos pocos y nos conocemos bien. Muchos han disfrutado por demasiado tiempo del benepl\u00e1cito que el conjunto de<em> <\/em>los argentinos les dio en subsidios, exenciones y aranceles a la competencia. Tuvieron d\u00e9cadas de cazar en el zool\u00f3gico, amparados en el cuento de preparar su matriz productiva y modelo de negocios para poder competir en su propia ley\u201d.El discurso de Javier Milei en la Uni\u00f3n Industrial Argentina<\/p>\n\n\n\n<p>No fue una met\u00e1fora al pasar. Fue un programa. La destrucci\u00f3n creativa no era un concepto acad\u00e9mico sino una advertencia econ\u00f3mica y a la vez pol\u00edtica. El fin de un modelo implica costos, reconversiones y tambi\u00e9n desplazamientos.<\/p>\n\n\n\n<p>La pregunta que sobrevuela el recinto es si el peronismo no est\u00e1 atravesando su propia versi\u00f3n de ese proceso. Sin haber colgado todav\u00eda el cartel de cierre, exhibe s\u00edntomas de desgaste estructural: minor\u00eda in\u00e9dita en el Senado, escenas grotescas en Diputados, descoordinaci\u00f3n e incapacidad de bloquear reformas que durante a\u00f1os consider\u00f3 intocables.<\/p>\n\n\n\n<p>El domingo pr\u00f3ximo, cuando\u00a0<strong>Milei<\/strong>\u00a0hable ante el Congreso, no estar\u00e1 simplemente inaugurando un per\u00edodo legislativo. Estar\u00e1 consolidando una hegemon\u00eda que no se mide solo en bancas, sino en capacidad de imponer agenda, ritmo y marco conceptual. La hegemon\u00eda no se proclama. Y bajo las luces del recinto, Milei podr\u00e1 mostrar que ya la ejerce.<\/p>\n\n\n\n<p>Fuente Infobae<\/p>\n","protected":false},"excerpt":{"rendered":"<p>El Presidente inaugura el tercer ciclo de su mandato con un oficialismo consolidado y enemigos a la defensiva. La agenda \u201cdel Congreso m\u00e1s reformista de la historia\u201d, las internas del PJ y el factor Villarruel. La segunda. Milei, el a\u00f1o pasado, en la apertura de sesiones ordinarias del Congreso El pr\u00f3ximo domingo 1\u00b0 de marzo, [&hellip;]<\/p>\n","protected":false},"author":5,"featured_media":438866,"comment_status":"open","ping_status":"open","sticky":false,"template":"","format":"standard","meta":{"_stopmodifiedupdate":false,"_modified_date":"","inline_featured_image":false,"spay_email":"","jetpack_publicize_message":""},"categories":[501],"tags":[],"jetpack_featured_media_url":"https:\/\/notinor.com\/jujuy\/wp-content\/uploads\/2026\/02\/MILEI.jpg","jetpack_publicize_connections":[],"_links":{"self":[{"href":"https:\/\/notinor.com\/jujuy\/wp-json\/wp\/v2\/posts\/438865"}],"collection":[{"href":"https:\/\/notinor.com\/jujuy\/wp-json\/wp\/v2\/posts"}],"about":[{"href":"https:\/\/notinor.com\/jujuy\/wp-json\/wp\/v2\/types\/post"}],"author":[{"embeddable":true,"href":"https:\/\/notinor.com\/jujuy\/wp-json\/wp\/v2\/users\/5"}],"replies":[{"embeddable":true,"href":"https:\/\/notinor.com\/jujuy\/wp-json\/wp\/v2\/comments?post=438865"}],"version-history":[{"count":1,"href":"https:\/\/notinor.com\/jujuy\/wp-json\/wp\/v2\/posts\/438865\/revisions"}],"predecessor-version":[{"id":438867,"href":"https:\/\/notinor.com\/jujuy\/wp-json\/wp\/v2\/posts\/438865\/revisions\/438867"}],"wp:featuredmedia":[{"embeddable":true,"href":"https:\/\/notinor.com\/jujuy\/wp-json\/wp\/v2\/media\/438866"}],"wp:attachment":[{"href":"https:\/\/notinor.com\/jujuy\/wp-json\/wp\/v2\/media?parent=438865"}],"wp:term":[{"taxonomy":"category","embeddable":true,"href":"https:\/\/notinor.com\/jujuy\/wp-json\/wp\/v2\/categories?post=438865"},{"taxonomy":"post_tag","embeddable":true,"href":"https:\/\/notinor.com\/jujuy\/wp-json\/wp\/v2\/tags?post=438865"}],"curies":[{"name":"wp","href":"https:\/\/api.w.org\/{rel}","templated":true}]}}