{"id":438858,"date":"2026-02-23T12:06:07","date_gmt":"2026-02-23T15:06:07","guid":{"rendered":"https:\/\/notinor.com\/jujuy\/?p=438858"},"modified":"2026-02-23T12:06:09","modified_gmt":"2026-02-23T15:06:09","slug":"descubrimiento-de-placa-en-homenaje-a-la-primera-comision-pro-templo","status":"publish","type":"post","link":"https:\/\/notinor.com\/jujuy\/descubrimiento-de-placa-en-homenaje-a-la-primera-comision-pro-templo\/","title":{"rendered":"Descubrimiento de placa en homenaje a la primera comisi\u00f3n Pro Templo"},"content":{"rendered":"\n<p class=\"has-medium-font-size\"><strong><em>El Concejo Deliberante de San Salvador de Jujuy particip\u00f3 de los festejos y descubrimiento de placa, en conmemoraci\u00f3n a los vecinos del a\u00f1o 1970, que conformaron la primera comisi\u00f3n Pro Templo, en el mercadito del B\u00ba Santa Rosa.<\/em><\/strong><\/p>\n\n\n<div class=\"wp-block-image\">\n<figure class=\"aligncenter size-large\"><img decoding=\"async\" loading=\"lazy\" width=\"720\" height=\"480\" src=\"https:\/\/notinor.com\/jujuy\/wp-content\/uploads\/2026\/02\/Descubrimiento1-720x480.jpg\" alt=\"\" class=\"wp-image-438860\" srcset=\"https:\/\/notinor.com\/jujuy\/wp-content\/uploads\/2026\/02\/Descubrimiento1-720x480.jpg 720w, https:\/\/notinor.com\/jujuy\/wp-content\/uploads\/2026\/02\/Descubrimiento1-548x365.jpg 548w, https:\/\/notinor.com\/jujuy\/wp-content\/uploads\/2026\/02\/Descubrimiento1-768x512.jpg 768w, https:\/\/notinor.com\/jujuy\/wp-content\/uploads\/2026\/02\/Descubrimiento1-1536x1024.jpg 1536w, https:\/\/notinor.com\/jujuy\/wp-content\/uploads\/2026\/02\/Descubrimiento1-2048x1365.jpg 2048w, https:\/\/notinor.com\/jujuy\/wp-content\/uploads\/2026\/02\/Descubrimiento1-750x500.jpg 750w, https:\/\/notinor.com\/jujuy\/wp-content\/uploads\/2026\/02\/Descubrimiento1-1140x760.jpg 1140w\" sizes=\"(max-width: 720px) 100vw, 720px\" \/><\/figure><\/div>\n\n\n<p>En este sentido, el presidente del Concejo Deliberante, Dr. <strong>Gast\u00f3n Mill\u00f3n,<\/strong> manifest\u00f3, \"Hoy se est\u00e1 homenajeando a todos los miembros de la comisi\u00f3n pro templo del Centro Vecinal del a\u00f1o 1970. 55 a\u00f1os ya, con todo el trabajo que hicieron por el barrio, contaron las historias de ellos, c\u00f3mo estaba el sector en ese momento. Esto realmente es un enorme homenaje al vecinalismo, al demostrar que ese trabajo comunitario, desinteresado, tiene un lado muy positivo, que es el lograr mejorar la vida de los vecinos. Por eso hoy en d\u00eda el\u00a0 vecinalismo sigue trabajando, impulsando, golpeando puertas y buscando ni m\u00e1s ni menos mejorar las condiciones del sector\".<\/p>\n\n\n<div class=\"wp-block-image\">\n<figure class=\"aligncenter size-large\"><img decoding=\"async\" loading=\"lazy\" width=\"720\" height=\"480\" src=\"https:\/\/notinor.com\/jujuy\/wp-content\/uploads\/2026\/02\/Descubrimiento1-1-720x480.jpg\" alt=\"\" class=\"wp-image-438861\" srcset=\"https:\/\/notinor.com\/jujuy\/wp-content\/uploads\/2026\/02\/Descubrimiento1-1-720x480.jpg 720w, https:\/\/notinor.com\/jujuy\/wp-content\/uploads\/2026\/02\/Descubrimiento1-1-548x365.jpg 548w, https:\/\/notinor.com\/jujuy\/wp-content\/uploads\/2026\/02\/Descubrimiento1-1-768x512.jpg 768w, https:\/\/notinor.com\/jujuy\/wp-content\/uploads\/2026\/02\/Descubrimiento1-1-1536x1024.jpg 1536w, https:\/\/notinor.com\/jujuy\/wp-content\/uploads\/2026\/02\/Descubrimiento1-1-2048x1365.jpg 2048w, https:\/\/notinor.com\/jujuy\/wp-content\/uploads\/2026\/02\/Descubrimiento1-1-750x500.jpg 750w, https:\/\/notinor.com\/jujuy\/wp-content\/uploads\/2026\/02\/Descubrimiento1-1-1140x760.jpg 1140w\" sizes=\"(max-width: 720px) 100vw, 720px\" \/><\/figure><\/div>\n\n\n<p>Asimismo, el edil radical a\u00f1adi\u00f3: \"Me siento honrado de haber sido invitado a este homenaje, donde se coloc\u00f3 una placa homenajeando a quienes fueron parte de ellos, se los mencion\u00f3 y se contaron algunas historias particulares\".<\/p>\n\n\n<div class=\"wp-block-image\">\n<figure class=\"aligncenter size-large\"><img decoding=\"async\" loading=\"lazy\" width=\"720\" height=\"480\" src=\"https:\/\/notinor.com\/jujuy\/wp-content\/uploads\/2026\/02\/Descubrimiento1-2-720x480.jpg\" alt=\"\" class=\"wp-image-438862\" srcset=\"https:\/\/notinor.com\/jujuy\/wp-content\/uploads\/2026\/02\/Descubrimiento1-2-720x480.jpg 720w, https:\/\/notinor.com\/jujuy\/wp-content\/uploads\/2026\/02\/Descubrimiento1-2-548x365.jpg 548w, https:\/\/notinor.com\/jujuy\/wp-content\/uploads\/2026\/02\/Descubrimiento1-2-768x512.jpg 768w, https:\/\/notinor.com\/jujuy\/wp-content\/uploads\/2026\/02\/Descubrimiento1-2-1536x1024.jpg 1536w, https:\/\/notinor.com\/jujuy\/wp-content\/uploads\/2026\/02\/Descubrimiento1-2-2048x1365.jpg 2048w, https:\/\/notinor.com\/jujuy\/wp-content\/uploads\/2026\/02\/Descubrimiento1-2-750x500.jpg 750w, https:\/\/notinor.com\/jujuy\/wp-content\/uploads\/2026\/02\/Descubrimiento1-2-1140x760.jpg 1140w\" sizes=\"(max-width: 720px) 100vw, 720px\" \/><\/figure><\/div>\n\n\n<p>A su turno, <strong>Ezequiel Reinoso<\/strong>, presidente del Centro Vecinal del barrio Santa Rosa, sostuvo, \"Estamos muy agradecidos, contentos por la gente que nos acompa\u00f1a, por la presencia del presidente del Concejo Deliberante, Dr. Gast\u00f3n Mill\u00f3n y la concejal Blanca Ontiveros. El anhelo m\u00edo es poder trabajar y devolver todo lo que ellos dieron a la gente de Santa Rosa\".<\/p>\n\n\n<div class=\"wp-block-image\">\n<figure class=\"aligncenter size-large\"><img decoding=\"async\" loading=\"lazy\" width=\"720\" height=\"480\" src=\"https:\/\/notinor.com\/jujuy\/wp-content\/uploads\/2026\/02\/Descubrimiento1-3-720x480.jpg\" alt=\"\" class=\"wp-image-438863\" srcset=\"https:\/\/notinor.com\/jujuy\/wp-content\/uploads\/2026\/02\/Descubrimiento1-3-720x480.jpg 720w, https:\/\/notinor.com\/jujuy\/wp-content\/uploads\/2026\/02\/Descubrimiento1-3-548x365.jpg 548w, https:\/\/notinor.com\/jujuy\/wp-content\/uploads\/2026\/02\/Descubrimiento1-3-768x512.jpg 768w, https:\/\/notinor.com\/jujuy\/wp-content\/uploads\/2026\/02\/Descubrimiento1-3-1536x1024.jpg 1536w, https:\/\/notinor.com\/jujuy\/wp-content\/uploads\/2026\/02\/Descubrimiento1-3-2048x1365.jpg 2048w, https:\/\/notinor.com\/jujuy\/wp-content\/uploads\/2026\/02\/Descubrimiento1-3-750x500.jpg 750w, https:\/\/notinor.com\/jujuy\/wp-content\/uploads\/2026\/02\/Descubrimiento1-3-1140x760.jpg 1140w\" sizes=\"(max-width: 720px) 100vw, 720px\" \/><\/figure><\/div>\n\n\n<p>Del acto<\/p>\n\n\n\n<p>En un emotivo encuentro entre vecinos, familiares y fundadores de la primera comisi\u00f3n pro-templo tuvo lugar el acto en conmemoraci\u00f3n a quienes comenzaron a construir un sue\u00f1o que hoy es historia y legado para toda la comunidad.<\/p>\n\n\n\n<p>El acto inici\u00f3 con el izamiento de la Bandera Nacional a cargo del presidente del deliberante capitalino, Dr. Gast\u00f3n Mill\u00f3n; junto a Ezequiel Reinoso, presidente del Centro Vecinal del B\u00ba Santa Rosa; adem\u00e1s de Berta Farf\u00e1n y Julio Taglioli, vecinos que fueron parte de la comisi\u00f3n pro-templo.<\/p>\n\n\n\n<p>Acto seguido se entonaron las estrofas del Himno Nacional Argentino; para continuar con un Toque de silencio en honor a vecinos que trabajaron con amor y solidaridad por la comunidad. Finalmente, se descubri\u00f3 la placa que eterniza a quienes iniciaron el camino del vecinalismo en dicho barrio. El acto cerr\u00f3 con tres canciones entonadas por la vecina y Veterinaria, Bel\u00e9n Fuentes y un Ballet que despleg\u00f3 su performance en la explanada del Mercadito.<\/p>\n\n\n\n<p>Estuvieron presentes, junto al presidente del Concejo Deliberante, Dr. Gast\u00f3n Mill\u00f3n; la concejala<strong> Blanca Ontiveros<\/strong>; el coordinador del Concejo Deliberante, <strong>Alejandro Soruco;<\/strong> <strong>Ezequiel Reinoso,<\/strong> presidente del Centro Vecinal Santa Rosa; <strong>Isabel Parada<\/strong>, secretaria del Centro Vecinal Santa Rosa, entre otras autoridades, familiares de la primera comisi\u00f3n pro-templo, vecinos y p\u00fablico en general.<\/p>\n\n\n\n<p>Nota Audiovisual:&nbsp;<a href=\"https:\/\/youtu.be\/QDfs9G8biJk\" target=\"_blank\" rel=\"noreferrer noopener\">https:\/\/youtu.be\/QDfs9G8biJk<\/a><\/p>\n","protected":false},"excerpt":{"rendered":"<p>El Concejo Deliberante de San Salvador de Jujuy particip\u00f3 de los festejos y descubrimiento de placa, en conmemoraci\u00f3n a los vecinos del a\u00f1o 1970, que conformaron la primera comisi\u00f3n Pro Templo, en el mercadito del B\u00ba Santa Rosa. En este sentido, el presidente del Concejo Deliberante, Dr. Gast\u00f3n Mill\u00f3n, manifest\u00f3, \"Hoy se est\u00e1 homenajeando a [&hellip;]<\/p>\n","protected":false},"author":5,"featured_media":438859,"comment_status":"open","ping_status":"open","sticky":false,"template":"","format":"standard","meta":{"_stopmodifiedupdate":false,"_modified_date":"","inline_featured_image":false,"spay_email":"","jetpack_publicize_message":""},"categories":[514],"tags":[],"jetpack_featured_media_url":"https:\/\/notinor.com\/jujuy\/wp-content\/uploads\/2026\/02\/Descubrimiento.jpg","jetpack_publicize_connections":[],"_links":{"self":[{"href":"https:\/\/notinor.com\/jujuy\/wp-json\/wp\/v2\/posts\/438858"}],"collection":[{"href":"https:\/\/notinor.com\/jujuy\/wp-json\/wp\/v2\/posts"}],"about":[{"href":"https:\/\/notinor.com\/jujuy\/wp-json\/wp\/v2\/types\/post"}],"author":[{"embeddable":true,"href":"https:\/\/notinor.com\/jujuy\/wp-json\/wp\/v2\/users\/5"}],"replies":[{"embeddable":true,"href":"https:\/\/notinor.com\/jujuy\/wp-json\/wp\/v2\/comments?post=438858"}],"version-history":[{"count":1,"href":"https:\/\/notinor.com\/jujuy\/wp-json\/wp\/v2\/posts\/438858\/revisions"}],"predecessor-version":[{"id":438864,"href":"https:\/\/notinor.com\/jujuy\/wp-json\/wp\/v2\/posts\/438858\/revisions\/438864"}],"wp:featuredmedia":[{"embeddable":true,"href":"https:\/\/notinor.com\/jujuy\/wp-json\/wp\/v2\/media\/438859"}],"wp:attachment":[{"href":"https:\/\/notinor.com\/jujuy\/wp-json\/wp\/v2\/media?parent=438858"}],"wp:term":[{"taxonomy":"category","embeddable":true,"href":"https:\/\/notinor.com\/jujuy\/wp-json\/wp\/v2\/categories?post=438858"},{"taxonomy":"post_tag","embeddable":true,"href":"https:\/\/notinor.com\/jujuy\/wp-json\/wp\/v2\/tags?post=438858"}],"curies":[{"name":"wp","href":"https:\/\/api.w.org\/{rel}","templated":true}]}}