{"id":438844,"date":"2026-02-23T10:28:22","date_gmt":"2026-02-23T13:28:22","guid":{"rendered":"https:\/\/notinor.com\/jujuy\/?p=438844"},"modified":"2026-02-23T10:28:24","modified_gmt":"2026-02-23T13:28:24","slug":"casi-un-siglo-de-leyenda-mirtha-legrand-soplara-sus-99-velitas","status":"publish","type":"post","link":"https:\/\/notinor.com\/jujuy\/casi-un-siglo-de-leyenda-mirtha-legrand-soplara-sus-99-velitas\/","title":{"rendered":"Casi un siglo de leyenda: Mirtha Legrand soplar\u00e1 sus 99 velitas"},"content":{"rendered":"\n<p class=\"has-medium-font-size\"><strong><em>La conductora celebrar\u00e1 este lunes su cumplea\u00f1os en la casa de su hija, Marcela, con la presencia de figuras del espect\u00e1culo que acompa\u00f1ar\u00e1n a la diva.<\/em><\/strong><\/p>\n\n\n\n<p><img decoding=\"async\" src=\"https:\/\/images-tools.cadena3.com\/tools\/r\/4408d212-57d4-4d7f-94af-eee8021fa21c.jpg?width=1200&amp;height=675\" alt=\"Mirtha Legrand. \"><\/p>\n\n\n\n<p>La celebraci\u00f3n promete combinar la\u00a0<strong>calidez familiar<\/strong>\u00a0con la presencia de\u00a0<strong>destacados referentes del espect\u00e1culo argentino<\/strong>\u00a0que se reunir\u00e1n para celebrar a la diva de los almuerzos.<\/p>\n\n\n\n<p>A tan solo horas de la celebraci\u00f3n organizada por\u00a0<strong>Marcela Tinayre<\/strong>,\u00a0<strong>Juana Viale<\/strong>\u00a0y\u00a0<strong>\u00c1mbar de Benedictis<\/strong>, el men\u00fa y los shows de la fiesta siguen siendo una inc\u00f3gnita... O casi: entre los allegados a la Chiqui, se supo que\u00a0<strong>ser\u00e1n 70 personas y, a la hora del show, Jairo est\u00e1 entre los convocados.<\/strong><\/p>\n\n\n\n<p>Entre los&nbsp;<strong>invitados<\/strong>&nbsp;se encuentran&nbsp;<strong>Susana Gim\u00e9nez<\/strong>,&nbsp;<strong>Adri\u00e1n Suar<\/strong>&nbsp;y&nbsp;<strong>Pablo Codevila<\/strong>, quienes se sumar\u00e1n a la mesa para homenajear a la conductora. La&nbsp;<strong>organizaci\u00f3n<\/strong>&nbsp;del evento est\u00e1 a cargo de&nbsp;<strong>Ramiro Arzuaga<\/strong>, el colaborador de&nbsp;<strong>Mirtha<\/strong>&nbsp;que hace m\u00e1s de 10 a\u00f1os es el encargado coordinar todos los detalles del evento.<\/p>\n\n\n\n<p><strong>Mirtha<\/strong>&nbsp;recibir\u00e1 a sus&nbsp;<strong>invitados<\/strong>&nbsp;en la noche del&nbsp;<strong>lunes<\/strong>. Adem\u00e1s, lucir\u00e1&nbsp;<strong>dos cambios de vestidos<\/strong>, realizados por&nbsp;<strong>Iara Alta Costura<\/strong>&nbsp;y&nbsp;<strong>Claudio Cosano<\/strong>, aunque todav\u00eda no se sabe cu\u00e1les ser\u00e1n los colores elegidos por la estrella m\u00e1xima de la TV.<\/p>\n\n\n\n<p>El&nbsp;<strong>cumplea\u00f1os<\/strong>&nbsp;de la conductora se convierte, a\u00f1o tras a\u00f1o, en un \u201cevento nacional\u201d esperado tanto por&nbsp;<strong>allegados<\/strong>&nbsp;como por la&nbsp;<strong>prensa<\/strong>&nbsp;que se dirige al lugar a cubrir el acontecimiento.<\/p>\n\n\n\n<p><strong>Mirtha Legrand<\/strong>&nbsp;es un&nbsp;<strong>\u00edcono de la cultura argentina<\/strong>&nbsp;y su cumplea\u00f1os ser\u00e1 una mezcla de homenaje, afectos y admiraci\u00f3n que refleja su vida y trayectoria de quien se mantiene vigente a lo largo de&nbsp;<strong>70 a\u00f1os de historia televisiva<\/strong>.<\/p>\n","protected":false},"excerpt":{"rendered":"<p>La conductora celebrar\u00e1 este lunes su cumplea\u00f1os en la casa de su hija, Marcela, con la presencia de figuras del espect\u00e1culo que acompa\u00f1ar\u00e1n a la diva. La celebraci\u00f3n promete combinar la\u00a0calidez familiar\u00a0con la presencia de\u00a0destacados referentes del espect\u00e1culo argentino\u00a0que se reunir\u00e1n para celebrar a la diva de los almuerzos. A tan solo horas de la [&hellip;]<\/p>\n","protected":false},"author":5,"featured_media":438845,"comment_status":"open","ping_status":"open","sticky":false,"template":"","format":"standard","meta":{"_stopmodifiedupdate":false,"_modified_date":"","inline_featured_image":false,"spay_email":"","jetpack_publicize_message":""},"categories":[2],"tags":[],"jetpack_featured_media_url":"https:\/\/notinor.com\/jujuy\/wp-content\/uploads\/2026\/02\/MIRTA.jpg","jetpack_publicize_connections":[],"_links":{"self":[{"href":"https:\/\/notinor.com\/jujuy\/wp-json\/wp\/v2\/posts\/438844"}],"collection":[{"href":"https:\/\/notinor.com\/jujuy\/wp-json\/wp\/v2\/posts"}],"about":[{"href":"https:\/\/notinor.com\/jujuy\/wp-json\/wp\/v2\/types\/post"}],"author":[{"embeddable":true,"href":"https:\/\/notinor.com\/jujuy\/wp-json\/wp\/v2\/users\/5"}],"replies":[{"embeddable":true,"href":"https:\/\/notinor.com\/jujuy\/wp-json\/wp\/v2\/comments?post=438844"}],"version-history":[{"count":1,"href":"https:\/\/notinor.com\/jujuy\/wp-json\/wp\/v2\/posts\/438844\/revisions"}],"predecessor-version":[{"id":438846,"href":"https:\/\/notinor.com\/jujuy\/wp-json\/wp\/v2\/posts\/438844\/revisions\/438846"}],"wp:featuredmedia":[{"embeddable":true,"href":"https:\/\/notinor.com\/jujuy\/wp-json\/wp\/v2\/media\/438845"}],"wp:attachment":[{"href":"https:\/\/notinor.com\/jujuy\/wp-json\/wp\/v2\/media?parent=438844"}],"wp:term":[{"taxonomy":"category","embeddable":true,"href":"https:\/\/notinor.com\/jujuy\/wp-json\/wp\/v2\/categories?post=438844"},{"taxonomy":"post_tag","embeddable":true,"href":"https:\/\/notinor.com\/jujuy\/wp-json\/wp\/v2\/tags?post=438844"}],"curies":[{"name":"wp","href":"https:\/\/api.w.org\/{rel}","templated":true}]}}