{"id":438837,"date":"2026-02-23T09:39:14","date_gmt":"2026-02-23T12:39:14","guid":{"rendered":"https:\/\/notinor.com\/jujuy\/?p=438837"},"modified":"2026-02-23T09:41:36","modified_gmt":"2026-02-23T12:41:36","slug":"que-es-el-cartel-jalisco-nueva-generacion-y-que-puede-pasar-tras-la-muerte-de-el-mencho","status":"publish","type":"post","link":"https:\/\/notinor.com\/jujuy\/que-es-el-cartel-jalisco-nueva-generacion-y-que-puede-pasar-tras-la-muerte-de-el-mencho\/","title":{"rendered":"Qu\u00e9 es el Cartel Jalisco Nueva Generaci\u00f3n y qu\u00e9 puede pasar tras la muerte de \u201cEl Mencho\u201d"},"content":{"rendered":"\n<p class=\"has-medium-font-size\"><em><strong>El abatimiento de su fundador expuso el poder territorial de la organizaci\u00f3n criminal y abri\u00f3 interrogantes sobre su continuidad, el riesgo de internas y el impacto en la violencia en M\u00e9xico.<\/strong><\/em><\/p>\n\n\n<div class=\"wp-block-image\">\n<figure class=\"aligncenter\"><img decoding=\"async\" src=\"https:\/\/tn.com.ar\/resizer\/v2\/operativo-en-jalisco-el-despliegue-militar-que-termino-con-la-muerte-de-el-mencho-desato-una-reaccion-violenta-en-varios-estados-de-mexico-foto-efe-ivan-villanueva-WBUTNADLDRAXZK74MSLZ3QTPPQ.jpg?auth=172fc81f825ab1797a5a07b44335cb26a226e77b6a2569ef542dbdf0e3de0b1d&amp;width=767\" alt=\"Operativo en Jalisco: el despliegue militar que termin\u00f3 con la muerte de \u201cEl Mencho\u201d desat\u00f3 una reacci\u00f3n violenta en varios estados de M\u00e9xico. (Foto: EFE\/ Iv\u00e1n Villanueva).\"\/><figcaption class=\"wp-element-caption\">Operativo en Jalisco: el despliegue militar que termin\u00f3 con la muerte de \u201cEl Mencho\u201d desat\u00f3 una reacci\u00f3n violenta en varios estados de M\u00e9xico<\/figcaption><\/figure><\/div>\n\n\n<p>El\u00a0<strong>ej\u00e9rcito mexicano<\/strong>\u00a0abati\u00f3 este domingo en\u00a0<strong>Tapalpa, Jalisco<\/strong>, a\u00a0<strong>Nemesio Oseguera Cervantes<\/strong>, alias \u201cEl Mencho\u201d, fundador y l\u00edder del <strong>Cartel Jalisco Nueva Generaci\u00f3n,<\/strong> considerado el grupo criminal m\u00e1s poderoso de M\u00e9xico.<\/p>\n\n\n\n<p>El operativo deriv\u00f3 en una<strong>&nbsp;reacci\u00f3n violenta<\/strong>&nbsp;con bloqueos, incendios y ataques en varios estados, y reabri\u00f3 el debate sobre el futuro de la organizaci\u00f3n sin su jefe hist\u00f3rico.<\/p>\n\n\n\n<figure class=\"wp-block-image\"><img decoding=\"async\" src=\"https:\/\/tn.com.ar\/resizer\/v2\/el-operativo-expuso-el-poder-de-fuego-y-la-capacidad-de-respuesta-de-la-organizacion-criminal-foto-instagrammorelifediares-via-reuters-6QWZPF7QIL7VIP3KXVHNI35DFU.jpg?auth=0d13ab45e6daa5cc1e9fab51d578488370f920a306373e939ad6014f56e1a88a&amp;width=767\" alt=\"El operativo expuso el poder de fuego y la capacidad de respuesta de la organizaci\u00f3n criminal. (Foto: Instagram\/@morelifediares via REUTERS).\"\/><figcaption class=\"wp-element-caption\">El operativo expuso el poder de fuego y la capacidad de respuesta de la organizaci\u00f3n criminal<\/figcaption><\/figure>\n\n\n\n<p><strong>Un cartel con poder militar, negocios diversificados y alcance nacional<\/strong><\/p>\n\n\n\n<p>Fundado en 2009 por Oseguera, el CJNG se consolid\u00f3 como una de las estructuras criminales m\u00e1s fuertes del pa\u00eds por su&nbsp;<strong>capacidad de reclutamiento, armamento y despliegue territorial<\/strong>. Seg\u00fan especialistas citados por&nbsp;<em>Agence France-Presse<\/em>, el grupo es clave en el tr\u00e1fico de&nbsp;<strong>hero\u00edna, coca\u00edna, metanfetamina y fentanilo<\/strong>&nbsp;hacia Estados Unidos.<\/p>\n\n\n\n<p>Adem\u00e1s del narcotr\u00e1fico, el cartel expandi\u00f3 sus ingresos a&nbsp;<strong>extorsi\u00f3n, robo de combustible y tr\u00e1fico de personas<\/strong>, lo que le permiti\u00f3 sostener una&nbsp;<strong>gran capacidad econ\u00f3mica<\/strong>.<\/p>\n\n\n<div class=\"wp-block-image\">\n<figure class=\"aligncenter\"><img decoding=\"async\" src=\"https:\/\/tn.com.ar\/resizer\/v2\/un-integrante-de-la-guardia-nacional-en-la-autopista-entre-ciudad-de-mexico-y-puebla-foto-reuterspaola-garcia-24H3KG3ZK2ZPMMUMB6FPPAX5DA.jpg?auth=13b046e8c8da1566b10ccee7c619a98646b88664dc8ea05c35106c3e65592cda&amp;width=767\" alt=\"Un integrante de la Guardia Nacional, en la autopista entre Ciudad de M\u00e9xico y Puebla. (Foto: REUTERS\/Paola Garcia).\"\/><figcaption class=\"wp-element-caption\">Un integrante de la Guardia Nacional, en la autopista entre Ciudad de M\u00e9xico y Puebla<\/figcaption><\/figure><\/div>\n\n\n<p>En el plano simb\u00f3lico y operativo, se caracteriz\u00f3 por&nbsp;<strong>desafiar abiertamente al Estado<\/strong>, difundiendo im\u00e1genes de sicarios con armas de alto poder y veh\u00edculos blindados. Entre los episodios m\u00e1s notorios se cuentan el&nbsp;<strong>atentado de 2020 contra Omar Garc\u00eda Harfuch<\/strong>, entonces jefe policial capitalino, y el&nbsp;<strong>asesinato del alcalde de Uruapan, Carlos Manzo<\/strong>, en 2023.<\/p>\n\n\n\n<p><strong>Violencia coordinada y un futuro incierto sin un sucesor claro<\/strong><\/p>\n\n\n\n<p>La respuesta al operativo fue inmediata y coordinada:&nbsp;<strong>bloqueos de rutas, quema de veh\u00edculos y ataques a comercios<\/strong>&nbsp;en&nbsp;<strong>Jalisco<\/strong>,&nbsp;<strong>Michoac\u00e1n<\/strong>,&nbsp;<strong>Puebla<\/strong>,&nbsp;<strong>Sinaloa<\/strong>,&nbsp;<strong>Guanajuato<\/strong>&nbsp;y&nbsp;<strong>Guerrero<\/strong>, adem\u00e1s del balneario de&nbsp;<strong>Puerto Vallarta<\/strong>. Para los analistas, la magnitud de los hechos mostr\u00f3&nbsp;<strong>d\u00f3nde opera el CJNG y hasta d\u00f3nde puede escalar la violencia<\/strong>, incluso m\u00e1s all\u00e1 de lo previsto por las autoridades.<\/p>\n\n\n\n<p>Pese a la reacci\u00f3n, el cartel&nbsp;<strong>no logr\u00f3 impedir<\/strong>&nbsp;que Oseguera muriera tras resultar herido y que su cuerpo fuera trasladado a&nbsp;<strong>Ciudad de M\u00e9xico<\/strong>. En t\u00e9rminos operativos, especialistas calificaron el procedimiento como&nbsp;<strong>exitoso<\/strong>.<\/p>\n\n\n\n<p>El escenario a mediano plazo es&nbsp;<strong>abierto<\/strong>. Oseguera ejerc\u00eda un liderazgo personalista,&nbsp;<strong>sin sucesores evidentes<\/strong>. Su hijo mayor,&nbsp;<strong>\u201cEl Menchito\u201d<\/strong>, fue condenado en Estados Unidos a&nbsp;<strong>cadena perpetua<\/strong>, lo que reduce las opciones de continuidad directa.<\/p>\n\n\n\n<p>Entre las hip\u00f3tesis que manejan los expertos figuran\u00a0<strong>la continuidad del negocio con mandos regionales<\/strong>\u00a0o\u00a0<strong>una guerra interna por el control<\/strong>, con el riesgo de un\u00a0<strong>incremento de la violencia homicida<\/strong>\u00a0por el vac\u00edo de poder y los reacomodamientos dentro de la organizaci\u00f3n.<\/p>\n\n\n\n<p>Fuente TN<\/p>\n","protected":false},"excerpt":{"rendered":"<p>El abatimiento de su fundador expuso el poder territorial de la organizaci\u00f3n criminal y abri\u00f3 interrogantes sobre su continuidad, el riesgo de internas y el impacto en la violencia en M\u00e9xico. El\u00a0ej\u00e9rcito mexicano\u00a0abati\u00f3 este domingo en\u00a0Tapalpa, Jalisco, a\u00a0Nemesio Oseguera Cervantes, alias \u201cEl Mencho\u201d, fundador y l\u00edder del Cartel Jalisco Nueva Generaci\u00f3n, considerado el grupo criminal [&hellip;]<\/p>\n","protected":false},"author":5,"featured_media":438838,"comment_status":"open","ping_status":"open","sticky":false,"template":"","format":"standard","meta":{"_stopmodifiedupdate":false,"_modified_date":"","inline_featured_image":false,"spay_email":"","jetpack_publicize_message":""},"categories":[6],"tags":[],"jetpack_featured_media_url":"https:\/\/notinor.com\/jujuy\/wp-content\/uploads\/2026\/02\/MEXICO.jpg","jetpack_publicize_connections":[],"_links":{"self":[{"href":"https:\/\/notinor.com\/jujuy\/wp-json\/wp\/v2\/posts\/438837"}],"collection":[{"href":"https:\/\/notinor.com\/jujuy\/wp-json\/wp\/v2\/posts"}],"about":[{"href":"https:\/\/notinor.com\/jujuy\/wp-json\/wp\/v2\/types\/post"}],"author":[{"embeddable":true,"href":"https:\/\/notinor.com\/jujuy\/wp-json\/wp\/v2\/users\/5"}],"replies":[{"embeddable":true,"href":"https:\/\/notinor.com\/jujuy\/wp-json\/wp\/v2\/comments?post=438837"}],"version-history":[{"count":2,"href":"https:\/\/notinor.com\/jujuy\/wp-json\/wp\/v2\/posts\/438837\/revisions"}],"predecessor-version":[{"id":438840,"href":"https:\/\/notinor.com\/jujuy\/wp-json\/wp\/v2\/posts\/438837\/revisions\/438840"}],"wp:featuredmedia":[{"embeddable":true,"href":"https:\/\/notinor.com\/jujuy\/wp-json\/wp\/v2\/media\/438838"}],"wp:attachment":[{"href":"https:\/\/notinor.com\/jujuy\/wp-json\/wp\/v2\/media?parent=438837"}],"wp:term":[{"taxonomy":"category","embeddable":true,"href":"https:\/\/notinor.com\/jujuy\/wp-json\/wp\/v2\/categories?post=438837"},{"taxonomy":"post_tag","embeddable":true,"href":"https:\/\/notinor.com\/jujuy\/wp-json\/wp\/v2\/tags?post=438837"}],"curies":[{"name":"wp","href":"https:\/\/api.w.org\/{rel}","templated":true}]}}