{"id":438770,"date":"2026-02-19T22:47:00","date_gmt":"2026-02-20T01:47:00","guid":{"rendered":"https:\/\/notinor.com\/jujuy\/?p=438770"},"modified":"2026-02-19T10:47:04","modified_gmt":"2026-02-19T10:47:04","slug":"corsos-capitalinos-se-disponen-cortes-de-transito-y-desvios-de-colectivos-en-gral-savio","status":"publish","type":"post","link":"https:\/\/notinor.com\/jujuy\/corsos-capitalinos-se-disponen-cortes-de-transito-y-desvios-de-colectivos-en-gral-savio\/","title":{"rendered":"Corsos Capitalinos: Se disponen cortes de tr\u00e1nsito y desv\u00edos de colectivos en Gral Savio."},"content":{"rendered":"\n<p class=\"has-medium-font-size\"><strong><em>La Secretar\u00eda de Servicios P\u00fablicos de la Municipalidad de San Salvador de Jujuy, a trav\u00e9s de la Direcci\u00f3n de Tr\u00e1nsito y Transporte, informa a la comunidad en general y a los conductores en particular que, con motivo de la realizaci\u00f3n de los tradicionales\u00a0Corsos Capitalinos, previstos para los d\u00edas\u00a0s\u00e1bado 21 y domingo 22 de febrero\u00a0sobre\u00a0Avenida General Savio, se implementar\u00e1n medidas especiales de ordenamiento vehicular y desv\u00edos en el transporte urbano.<\/em><\/strong><\/p>\n\n\n<div class=\"wp-block-image\">\n<figure class=\"aligncenter size-full\"><img decoding=\"async\" loading=\"lazy\" width=\"750\" height=\"497\" src=\"https:\/\/notinor.com\/jujuy\/wp-content\/uploads\/2017\/12\/Transito-cortes.jpg\" alt=\"\" class=\"wp-image-148334\"\/><\/figure><\/div>\n\n\n<p>En este sentido, se detallan los siguientes dispositivos que regir\u00e1n&nbsp;a partir de las 17:00 horas&nbsp;en ambas jornadas:<\/p>\n\n\n\n<h3>Cortes&nbsp; de tr\u00e1nsito<strong>&nbsp;<\/strong>(a partir de las 17:00 hs)<\/h3>\n\n\n\n<ul>\n<li>Calilegua y Av. El \u00c9xodo<\/li>\n\n\n\n<li>Tumusla y Av. El \u00c9xodo<\/li>\n\n\n\n<li>Tumusla y Humahuaca<\/li>\n\n\n\n<li>Av. Gral. Savio derivador Estadio 23 de Agosto<\/li>\n\n\n\n<li>Av. Gral. Savio y Lincoln<\/li>\n\n\n\n<li>Av. Savio y Av. El \u00c9xodo<\/li>\n\n\n\n<li>Humahuaca y Santa B\u00e1rbara<\/li>\n\n\n\n<li>Monteagudo y Pichincha<\/li>\n\n\n\n<li>Monteagudo y Echag\u00fce<\/li>\n\n\n\n<li>Keller y Monteagudo<\/li>\n\n\n\n<li>Derivador ingreso Av. Gral. Savio (Riobamba)<\/li>\n<\/ul>\n\n\n\n<h3>Desv\u00edo de unidades de transporte urbano (a partir de las 17:00 hs)<\/h3>\n\n\n\n<p><strong>Unidades con destino a zona sur:<\/strong><br>Av. El \u00c9xodo \u2013 Pueyrred\u00f3n \u2013 J. M. Gorriti \u2013 P\u00e1rroco Marshke \u2013 Paso Nivel Acceso a Riobamba \u2013 Av. Gral. Savio \u2013 recorrido habitual.<\/p>\n\n\n\n<p><strong>Unidades con destino al casco c\u00e9ntrico:<\/strong><br>Av. Gral. Savio \u2013 Derivador hacia P\u00e1rroco Marshke (altura Riobamba) \u2013 Chimborazo \u2013 Las Heras \u2013 Pasaje Las Pasadas \u2013 P\u00e1rroco Marshke \u2013 Hip\u00f3lito Yrigoyen \u2013 Iriarte \u2013 Lisandro de la Torre \u2013 recorrido habitual.<\/p>\n\n\n\n<p>Desde el Municipio se solicita a los vecinos circular con precauci\u00f3n, respetar la se\u00f1alizaci\u00f3n y las indicaciones del personal afectado al operativo, a fin de garantizar el normal desarrollo del evento y la seguridad de todos los asistentes<\/p>\n","protected":false},"excerpt":{"rendered":"<p>La Secretar\u00eda de Servicios P\u00fablicos de la Municipalidad de San Salvador de Jujuy, a trav\u00e9s de la Direcci\u00f3n de Tr\u00e1nsito y Transporte, informa a la comunidad en general y a los conductores en particular que, con motivo de la realizaci\u00f3n de los tradicionales\u00a0Corsos Capitalinos, previstos para los d\u00edas\u00a0s\u00e1bado 21 y domingo 22 de febrero\u00a0sobre\u00a0Avenida General [&hellip;]<\/p>\n","protected":false},"author":5,"featured_media":148334,"comment_status":"open","ping_status":"open","sticky":false,"template":"","format":"standard","meta":{"_stopmodifiedupdate":false,"_modified_date":"","inline_featured_image":false,"spay_email":"","jetpack_publicize_message":""},"categories":[514],"tags":[],"jetpack_featured_media_url":"https:\/\/notinor.com\/jujuy\/wp-content\/uploads\/2017\/12\/Transito-cortes.jpg","jetpack_publicize_connections":[],"_links":{"self":[{"href":"https:\/\/notinor.com\/jujuy\/wp-json\/wp\/v2\/posts\/438770"}],"collection":[{"href":"https:\/\/notinor.com\/jujuy\/wp-json\/wp\/v2\/posts"}],"about":[{"href":"https:\/\/notinor.com\/jujuy\/wp-json\/wp\/v2\/types\/post"}],"author":[{"embeddable":true,"href":"https:\/\/notinor.com\/jujuy\/wp-json\/wp\/v2\/users\/5"}],"replies":[{"embeddable":true,"href":"https:\/\/notinor.com\/jujuy\/wp-json\/wp\/v2\/comments?post=438770"}],"version-history":[{"count":1,"href":"https:\/\/notinor.com\/jujuy\/wp-json\/wp\/v2\/posts\/438770\/revisions"}],"predecessor-version":[{"id":438771,"href":"https:\/\/notinor.com\/jujuy\/wp-json\/wp\/v2\/posts\/438770\/revisions\/438771"}],"wp:featuredmedia":[{"embeddable":true,"href":"https:\/\/notinor.com\/jujuy\/wp-json\/wp\/v2\/media\/148334"}],"wp:attachment":[{"href":"https:\/\/notinor.com\/jujuy\/wp-json\/wp\/v2\/media?parent=438770"}],"wp:term":[{"taxonomy":"category","embeddable":true,"href":"https:\/\/notinor.com\/jujuy\/wp-json\/wp\/v2\/categories?post=438770"},{"taxonomy":"post_tag","embeddable":true,"href":"https:\/\/notinor.com\/jujuy\/wp-json\/wp\/v2\/tags?post=438770"}],"curies":[{"name":"wp","href":"https:\/\/api.w.org\/{rel}","templated":true}]}}