{"id":438767,"date":"2026-02-19T22:41:00","date_gmt":"2026-02-20T01:41:00","guid":{"rendered":"https:\/\/notinor.com\/jujuy\/?p=438767"},"modified":"2026-02-19T10:41:35","modified_gmt":"2026-02-19T10:41:35","slug":"el-ascensor-urbano-1-permanecera-fuera-de-servicio-por-tareas-de-mantenimiento","status":"publish","type":"post","link":"https:\/\/notinor.com\/jujuy\/el-ascensor-urbano-1-permanecera-fuera-de-servicio-por-tareas-de-mantenimiento\/","title":{"rendered":"El Ascensor Urbano 1 permanecer\u00e1 fuera de servicio por tareas de mantenimiento"},"content":{"rendered":"\n<p class=\"has-medium-font-size\"><strong><em>La Municipalidad de San Salvador de Jujuy inform\u00f3 que el Ascensor Urbano 1, ubicado en la intersecci\u00f3n de Iguaz\u00fa y Santiago del Estero de la ciudad de San Salvador de Jujuy, permanecer\u00e1 fuera de servicio a partir del d\u00eda de la fecha y por un lapso aproximado de 72 horas.<\/em><\/strong><\/p>\n\n\n<div class=\"wp-block-image\">\n<figure class=\"aligncenter\"><img decoding=\"async\" src=\"https:\/\/www.sansalvadordejujuy.gob.ar\/wp-content\/uploads\/2025\/03\/ascensor-urbano-vieja-terminal.jpg\" alt=\"\" class=\"wp-image-83924\"\/><\/figure><\/div>\n\n\n<p>La medida fue comunicada por la Secretar\u00eda de Servicios P\u00fablicos, a trav\u00e9s de la Direcci\u00f3n de Tr\u00e1nsito y Transporte, y responde a la realizaci\u00f3n de tareas de mantenimiento con el objetivo de garantizar el correcto funcionamiento y la seguridad del sistema.<\/p>\n\n\n\n<p>Desde el municipio solicitaron a los usuarios habituales tomar las precauciones necesarias y utilizar v\u00edas alternativas mientras se desarrollen los trabajos previstos.<br>Una vez finalizadas las tareas, el servicio ser\u00e1 restablecido con normalidad<\/p>\n","protected":false},"excerpt":{"rendered":"<p>La Municipalidad de San Salvador de Jujuy inform\u00f3 que el Ascensor Urbano 1, ubicado en la intersecci\u00f3n de Iguaz\u00fa y Santiago del Estero de la ciudad de San Salvador de Jujuy, permanecer\u00e1 fuera de servicio a partir del d\u00eda de la fecha y por un lapso aproximado de 72 horas. La medida fue comunicada por [&hellip;]<\/p>\n","protected":false},"author":5,"featured_media":438768,"comment_status":"open","ping_status":"open","sticky":false,"template":"","format":"standard","meta":{"_stopmodifiedupdate":false,"_modified_date":"","inline_featured_image":false,"spay_email":"","jetpack_publicize_message":""},"categories":[514],"tags":[],"jetpack_featured_media_url":"https:\/\/notinor.com\/jujuy\/wp-content\/uploads\/2026\/02\/ASCENSOR1.jpg","jetpack_publicize_connections":[],"_links":{"self":[{"href":"https:\/\/notinor.com\/jujuy\/wp-json\/wp\/v2\/posts\/438767"}],"collection":[{"href":"https:\/\/notinor.com\/jujuy\/wp-json\/wp\/v2\/posts"}],"about":[{"href":"https:\/\/notinor.com\/jujuy\/wp-json\/wp\/v2\/types\/post"}],"author":[{"embeddable":true,"href":"https:\/\/notinor.com\/jujuy\/wp-json\/wp\/v2\/users\/5"}],"replies":[{"embeddable":true,"href":"https:\/\/notinor.com\/jujuy\/wp-json\/wp\/v2\/comments?post=438767"}],"version-history":[{"count":1,"href":"https:\/\/notinor.com\/jujuy\/wp-json\/wp\/v2\/posts\/438767\/revisions"}],"predecessor-version":[{"id":438769,"href":"https:\/\/notinor.com\/jujuy\/wp-json\/wp\/v2\/posts\/438767\/revisions\/438769"}],"wp:featuredmedia":[{"embeddable":true,"href":"https:\/\/notinor.com\/jujuy\/wp-json\/wp\/v2\/media\/438768"}],"wp:attachment":[{"href":"https:\/\/notinor.com\/jujuy\/wp-json\/wp\/v2\/media?parent=438767"}],"wp:term":[{"taxonomy":"category","embeddable":true,"href":"https:\/\/notinor.com\/jujuy\/wp-json\/wp\/v2\/categories?post=438767"},{"taxonomy":"post_tag","embeddable":true,"href":"https:\/\/notinor.com\/jujuy\/wp-json\/wp\/v2\/tags?post=438767"}],"curies":[{"name":"wp","href":"https:\/\/api.w.org\/{rel}","templated":true}]}}