{"id":438764,"date":"2026-02-19T22:35:00","date_gmt":"2026-02-20T01:35:00","guid":{"rendered":"https:\/\/notinor.com\/jujuy\/?p=438764"},"modified":"2026-02-19T10:35:46","modified_gmt":"2026-02-19T10:35:46","slug":"este-viernes-habra-operativo-integral-de-limpieza-en-avenida-general-savio-con-restriccion-parcial-del-transito","status":"publish","type":"post","link":"https:\/\/notinor.com\/jujuy\/este-viernes-habra-operativo-integral-de-limpieza-en-avenida-general-savio-con-restriccion-parcial-del-transito\/","title":{"rendered":"Este viernes habr\u00e1 operativo integral de limpieza en avenida General Savio con restricci\u00f3n parcial del tr\u00e1nsito"},"content":{"rendered":"\n<p class=\"has-medium-font-size\"><strong><em>La Municipalidad de San Salvador de Jujuy inform\u00f3 que el pr\u00f3ximo viernes 20 de febrero, a partir de las 8 horas, se llevar\u00e1 adelante un operativo integral de limpieza y ornamentaci\u00f3n lum\u00ednica sobre avenida General Savio, lo que implicar\u00e1 restricciones parciales en la circulaci\u00f3n vehicular.<\/em><\/strong><\/p>\n\n\n<div class=\"wp-block-image\">\n<figure class=\"aligncenter\"><img decoding=\"async\" src=\"https:\/\/www.sansalvadordejujuy.gob.ar\/wp-content\/uploads\/2024\/06\/operativo-limpieza-gral-savio-1024x682.jpg\" alt=\"\" class=\"wp-image-68921\"\/><\/figure><\/div>\n\n\n<p>Seg\u00fan detallaron desde la Secretar\u00eda de Servicios P\u00fablicos, personal dependiente de la Direcci\u00f3n General de Higiene Urbana realizar\u00e1 tareas de limpieza en el tramo comprendido desde el Servicio Penitenciario de la Provincia de Jujuy hasta la curva ubicada a la altura de la estaci\u00f3n de servicios GNC Sigma YPF Jujuy, en sentido norte a sur.<\/p>\n\n\n\n<p>En paralelo, la Direcci\u00f3n de Tr\u00e1nsito y Transporte dispuso que, debido a los trabajos de limpieza y ornamentaci\u00f3n lum\u00ednica que se desarrollar\u00e1n en el sector, se aplicar\u00e1 una restricci\u00f3n del tr\u00e1nsito vehicular a media calzada, en el sentido de circulaci\u00f3n hacia la zona sur de la ciudad, en el horario de 08:00 a 14:00 horas.<\/p>\n\n\n\n<p>Desde el municipio solicitaron a los conductores circular con m\u00e1xima precauci\u00f3n, respetar la se\u00f1alizaci\u00f3n instalada y seguir las indicaciones del personal de tr\u00e1nsito que estar\u00e1 apostado en el lugar.<\/p>\n\n\n\n<p>Asimismo, se pidi\u00f3 a la comunidad colaborar con el cuidado del espacio p\u00fablico y no arrojar residuos desde las ventanillas de los veh\u00edculos.<\/p>\n\n\n\n<p>Ante cualquier consulta, los vecinos podr\u00e1n comunicarse al 388 3131807.<\/p>\n","protected":false},"excerpt":{"rendered":"<p>La Municipalidad de San Salvador de Jujuy inform\u00f3 que el pr\u00f3ximo viernes 20 de febrero, a partir de las 8 horas, se llevar\u00e1 adelante un operativo integral de limpieza y ornamentaci\u00f3n lum\u00ednica sobre avenida General Savio, lo que implicar\u00e1 restricciones parciales en la circulaci\u00f3n vehicular. Seg\u00fan detallaron desde la Secretar\u00eda de Servicios P\u00fablicos, personal dependiente [&hellip;]<\/p>\n","protected":false},"author":5,"featured_media":438765,"comment_status":"open","ping_status":"open","sticky":false,"template":"","format":"standard","meta":{"_stopmodifiedupdate":false,"_modified_date":"","inline_featured_image":false,"spay_email":"","jetpack_publicize_message":""},"categories":[514],"tags":[],"jetpack_featured_media_url":"https:\/\/notinor.com\/jujuy\/wp-content\/uploads\/2026\/02\/LIMPIEZA.jpg","jetpack_publicize_connections":[],"_links":{"self":[{"href":"https:\/\/notinor.com\/jujuy\/wp-json\/wp\/v2\/posts\/438764"}],"collection":[{"href":"https:\/\/notinor.com\/jujuy\/wp-json\/wp\/v2\/posts"}],"about":[{"href":"https:\/\/notinor.com\/jujuy\/wp-json\/wp\/v2\/types\/post"}],"author":[{"embeddable":true,"href":"https:\/\/notinor.com\/jujuy\/wp-json\/wp\/v2\/users\/5"}],"replies":[{"embeddable":true,"href":"https:\/\/notinor.com\/jujuy\/wp-json\/wp\/v2\/comments?post=438764"}],"version-history":[{"count":1,"href":"https:\/\/notinor.com\/jujuy\/wp-json\/wp\/v2\/posts\/438764\/revisions"}],"predecessor-version":[{"id":438766,"href":"https:\/\/notinor.com\/jujuy\/wp-json\/wp\/v2\/posts\/438764\/revisions\/438766"}],"wp:featuredmedia":[{"embeddable":true,"href":"https:\/\/notinor.com\/jujuy\/wp-json\/wp\/v2\/media\/438765"}],"wp:attachment":[{"href":"https:\/\/notinor.com\/jujuy\/wp-json\/wp\/v2\/media?parent=438764"}],"wp:term":[{"taxonomy":"category","embeddable":true,"href":"https:\/\/notinor.com\/jujuy\/wp-json\/wp\/v2\/categories?post=438764"},{"taxonomy":"post_tag","embeddable":true,"href":"https:\/\/notinor.com\/jujuy\/wp-json\/wp\/v2\/tags?post=438764"}],"curies":[{"name":"wp","href":"https:\/\/api.w.org\/{rel}","templated":true}]}}