{"id":438749,"date":"2026-02-20T09:49:13","date_gmt":"2026-02-20T12:49:13","guid":{"rendered":"https:\/\/notinor.com\/jujuy\/?p=438749"},"modified":"2026-02-20T09:49:16","modified_gmt":"2026-02-20T12:49:16","slug":"paro-nacional-cgt-regional-jujuy-adhirio-de-manera-contundente","status":"publish","type":"post","link":"https:\/\/notinor.com\/jujuy\/paro-nacional-cgt-regional-jujuy-adhirio-de-manera-contundente\/","title":{"rendered":"Paro Nacional: CGT regional Jujuy adhiri\u00f3 de manera contundente"},"content":{"rendered":"\n<p class=\"has-medium-font-size\"><strong><em>El secretario general de la Uocra y secretario gremial de la CGT regional Jujuy, Ram\u00f3n Neyra, destac\u00f3 la alta adhesi\u00f3n al Paro Nacional en la provincia. \"La CGT Regional Jujuy adhiri\u00f3 al Paro Nacional, con una fuerte participaci\u00f3n en el sector de la construcci\u00f3n, UTA y distintos gremios\", afirm\u00f3.<\/em><\/strong><\/p>\n\n\n<div class=\"wp-block-image\">\n<figure class=\"aligncenter size-large\"><img decoding=\"async\" loading=\"lazy\" width=\"476\" height=\"480\" src=\"https:\/\/notinor.com\/jujuy\/wp-content\/uploads\/2026\/02\/PARO1-476x480.jpg\" alt=\"\" class=\"wp-image-438751\" srcset=\"https:\/\/notinor.com\/jujuy\/wp-content\/uploads\/2026\/02\/PARO1-476x480.jpg 476w, https:\/\/notinor.com\/jujuy\/wp-content\/uploads\/2026\/02\/PARO1-362x365.jpg 362w, https:\/\/notinor.com\/jujuy\/wp-content\/uploads\/2026\/02\/PARO1-768x775.jpg 768w, https:\/\/notinor.com\/jujuy\/wp-content\/uploads\/2026\/02\/PARO1-75x75.jpg 75w, https:\/\/notinor.com\/jujuy\/wp-content\/uploads\/2026\/02\/PARO1-750x757.jpg 750w, https:\/\/notinor.com\/jujuy\/wp-content\/uploads\/2026\/02\/PARO1.jpg 1080w\" sizes=\"(max-width: 476px) 100vw, 476px\" \/><figcaption class=\"wp-element-caption\">La CGT Regional Jujuy adhiri\u00f3 al Paro Nacional,<\/figcaption><\/figure><\/div>\n\n\n<p>Neyra enfatiz\u00f3 que el paro fue contundente y que los trabajadores no est\u00e1n dispuestos a perder derechos conquistados. \"Se le dijo no a la reforma del Presidente Milei, porque no vamos a permitir que nos saquen de la noche a la ma\u00f1ana esos derechos\", asegur\u00f3.<\/p>\n\n\n\n<p>El dirigente gremial agradeci\u00f3 el apoyo dado por los trabajadores de la provincia y anunci\u00f3 que seguir\u00e1n luchando en defensa de sus derechos. \"Vamos a seguir trabajando en el interior de la provincia, visitando lugares como Libertador General San Mart\u00edn, para decir no a la reforma laboral\", concluy\u00f3.<\/p>\n","protected":false},"excerpt":{"rendered":"<p>El secretario general de la Uocra y secretario gremial de la CGT regional Jujuy, Ram\u00f3n Neyra, destac\u00f3 la alta adhesi\u00f3n al Paro Nacional en la provincia. \"La CGT Regional Jujuy adhiri\u00f3 al Paro Nacional, con una fuerte participaci\u00f3n en el sector de la construcci\u00f3n, UTA y distintos gremios\", afirm\u00f3. Neyra enfatiz\u00f3 que el paro fue [&hellip;]<\/p>\n","protected":false},"author":5,"featured_media":438750,"comment_status":"open","ping_status":"open","sticky":false,"template":"","format":"standard","meta":{"_stopmodifiedupdate":false,"_modified_date":"","inline_featured_image":false,"spay_email":"","jetpack_publicize_message":""},"categories":[2],"tags":[],"jetpack_featured_media_url":"https:\/\/notinor.com\/jujuy\/wp-content\/uploads\/2026\/02\/PARO-1.jpg","jetpack_publicize_connections":[],"_links":{"self":[{"href":"https:\/\/notinor.com\/jujuy\/wp-json\/wp\/v2\/posts\/438749"}],"collection":[{"href":"https:\/\/notinor.com\/jujuy\/wp-json\/wp\/v2\/posts"}],"about":[{"href":"https:\/\/notinor.com\/jujuy\/wp-json\/wp\/v2\/types\/post"}],"author":[{"embeddable":true,"href":"https:\/\/notinor.com\/jujuy\/wp-json\/wp\/v2\/users\/5"}],"replies":[{"embeddable":true,"href":"https:\/\/notinor.com\/jujuy\/wp-json\/wp\/v2\/comments?post=438749"}],"version-history":[{"count":1,"href":"https:\/\/notinor.com\/jujuy\/wp-json\/wp\/v2\/posts\/438749\/revisions"}],"predecessor-version":[{"id":438752,"href":"https:\/\/notinor.com\/jujuy\/wp-json\/wp\/v2\/posts\/438749\/revisions\/438752"}],"wp:featuredmedia":[{"embeddable":true,"href":"https:\/\/notinor.com\/jujuy\/wp-json\/wp\/v2\/media\/438750"}],"wp:attachment":[{"href":"https:\/\/notinor.com\/jujuy\/wp-json\/wp\/v2\/media?parent=438749"}],"wp:term":[{"taxonomy":"category","embeddable":true,"href":"https:\/\/notinor.com\/jujuy\/wp-json\/wp\/v2\/categories?post=438749"},{"taxonomy":"post_tag","embeddable":true,"href":"https:\/\/notinor.com\/jujuy\/wp-json\/wp\/v2\/tags?post=438749"}],"curies":[{"name":"wp","href":"https:\/\/api.w.org\/{rel}","templated":true}]}}