{"id":438448,"date":"2026-02-11T11:28:42","date_gmt":"2026-02-11T14:28:42","guid":{"rendered":"https:\/\/notinor.com\/jujuy\/?p=438448"},"modified":"2026-02-11T11:28:43","modified_gmt":"2026-02-11T14:28:43","slug":"diputados-del-pts-fitu-llaman-a-movilizar-y-solicitan-que-la-legislatura-rechace-la-reforma-laboral","status":"publish","type":"post","link":"https:\/\/notinor.com\/jujuy\/diputados-del-pts-fitu-llaman-a-movilizar-y-solicitan-que-la-legislatura-rechace-la-reforma-laboral\/","title":{"rendered":"Diputados del PTS-FITU: llaman a movilizar y solicitan que la Legislatura rechace la reforma laboral"},"content":{"rendered":"\n<p class=\"has-medium-font-size\"><strong><em>A trav\u00e9s de un proyecto de resoluci\u00f3n el bloque de legisladores del PTS-FITU, Alejandro Vilca, Natalia Morales, Gast\u00f3n Remy y Lamia Debbo, solicitan que la Legislatura provincial rechace el proyecto de reforma laboral que ser\u00e1 tratado este mi\u00e9rcoles por el Senado en sesiones extraordinarias.<\/em><\/strong><\/p>\n\n\n\n<p><\/p>\n\n\n<div class=\"wp-block-image\">\n<figure class=\"aligncenter size-full\"><img decoding=\"async\" loading=\"lazy\" width=\"800\" height=\"450\" src=\"https:\/\/notinor.com\/jujuy\/wp-content\/uploads\/2026\/02\/natalia-morales-alejandro-vilca-gaston-remy.jpg\" alt=\"\" class=\"wp-image-438449\" srcset=\"https:\/\/notinor.com\/jujuy\/wp-content\/uploads\/2026\/02\/natalia-morales-alejandro-vilca-gaston-remy.jpg 800w, https:\/\/notinor.com\/jujuy\/wp-content\/uploads\/2026\/02\/natalia-morales-alejandro-vilca-gaston-remy-649x365.jpg 649w, https:\/\/notinor.com\/jujuy\/wp-content\/uploads\/2026\/02\/natalia-morales-alejandro-vilca-gaston-remy-500x280.jpg 500w, https:\/\/notinor.com\/jujuy\/wp-content\/uploads\/2026\/02\/natalia-morales-alejandro-vilca-gaston-remy-768x432.jpg 768w, https:\/\/notinor.com\/jujuy\/wp-content\/uploads\/2026\/02\/natalia-morales-alejandro-vilca-gaston-remy-750x422.jpg 750w\" sizes=\"(max-width: 800px) 100vw, 800px\" \/><\/figure><\/div>\n\n\n<p><\/p>\n\n\n\n<p><strong>Desde la izquierda advierten que es una reforma esclavista que quita derechos hist\u00f3ricamente conquistados con la lucha y lleva las relaciones laborales al siglo XIX. Afecta el derecho a huelga y la organizaci\u00f3n sindical.<\/strong><\/p>\n\n\n\n<p>Explicaron que incluso muchos aspectos de esta reforma el gobierno provinciales los deja correr con despidos sin causa en ingenios, mineras, tabacaleras, no respetando los convenios paritarios nacionales como a los choferes o vulnerando la democracia sindical como es en Adep o en el gremio azucarero de Ledesma enviando la Polic\u00eda a intervenir en las asambleas.<\/p>\n\n\n\n<p>Al respecto, el diputado Alejandro Vilca, resalt\u00f3 la unidad lograda entre gremios y organizaciones sociales y pol\u00edticas en la Asamblea Permanente contra la Reforma Laboral y convoc\u00f3 a trav\u00e9s de sus redes sociales a expresar el rechazo en las calles y resalt\u00f3 la necesidad de medidas de fuerza, <strong>\u201csolo podremos frenar al gobierno y todos sus c\u00f3mplices con un paro general de las centrales sindicales y un plan de lucha\u201d, y aclar\u00f3, \u201cen la movilizaci\u00f3n de ma\u00f1ana volveremos a exigir estas medidas a las conducciones\u201d.<\/strong><\/p>\n\n\n\n<p>Tambi\u00e9n manifest\u00f3 que <strong>\"la Legislatura de Jujuy tendr\u00eda que rechazar este proyecto regresivo en materia de derechos laborales si es que est\u00e1n del lado de las y los trabajadores, sino quedar\u00e1 a la vista la complicidad de cada legislador\".<\/strong><\/p>\n\n\n\n<p>Desde la Asamblea Permanente contra la Reforma Laboral convocan a una manifestaci\u00f3n por la ma\u00f1ana (10 hs) en el acceso sur (monolito de la Memoria) y por la tarde (17:30 hs) en parque San Mart\u00edn frente a Grido, luego se realizar\u00e1 un festival en Plaza Belgrano.<\/p>\n","protected":false},"excerpt":{"rendered":"<p>A trav\u00e9s de un proyecto de resoluci\u00f3n el bloque de legisladores del PTS-FITU, Alejandro Vilca, Natalia Morales, Gast\u00f3n Remy y Lamia Debbo, solicitan que la Legislatura provincial rechace el proyecto de reforma laboral que ser\u00e1 tratado este mi\u00e9rcoles por el Senado en sesiones extraordinarias. Desde la izquierda advierten que es una reforma esclavista que quita [&hellip;]<\/p>\n","protected":false},"author":49,"featured_media":438449,"comment_status":"open","ping_status":"open","sticky":false,"template":"","format":"standard","meta":{"_stopmodifiedupdate":false,"_modified_date":"","inline_featured_image":false,"spay_email":"","jetpack_publicize_message":""},"categories":[2,514],"tags":[],"jetpack_featured_media_url":"https:\/\/notinor.com\/jujuy\/wp-content\/uploads\/2026\/02\/natalia-morales-alejandro-vilca-gaston-remy.jpg","jetpack_publicize_connections":[],"_links":{"self":[{"href":"https:\/\/notinor.com\/jujuy\/wp-json\/wp\/v2\/posts\/438448"}],"collection":[{"href":"https:\/\/notinor.com\/jujuy\/wp-json\/wp\/v2\/posts"}],"about":[{"href":"https:\/\/notinor.com\/jujuy\/wp-json\/wp\/v2\/types\/post"}],"author":[{"embeddable":true,"href":"https:\/\/notinor.com\/jujuy\/wp-json\/wp\/v2\/users\/49"}],"replies":[{"embeddable":true,"href":"https:\/\/notinor.com\/jujuy\/wp-json\/wp\/v2\/comments?post=438448"}],"version-history":[{"count":1,"href":"https:\/\/notinor.com\/jujuy\/wp-json\/wp\/v2\/posts\/438448\/revisions"}],"predecessor-version":[{"id":438450,"href":"https:\/\/notinor.com\/jujuy\/wp-json\/wp\/v2\/posts\/438448\/revisions\/438450"}],"wp:featuredmedia":[{"embeddable":true,"href":"https:\/\/notinor.com\/jujuy\/wp-json\/wp\/v2\/media\/438449"}],"wp:attachment":[{"href":"https:\/\/notinor.com\/jujuy\/wp-json\/wp\/v2\/media?parent=438448"}],"wp:term":[{"taxonomy":"category","embeddable":true,"href":"https:\/\/notinor.com\/jujuy\/wp-json\/wp\/v2\/categories?post=438448"},{"taxonomy":"post_tag","embeddable":true,"href":"https:\/\/notinor.com\/jujuy\/wp-json\/wp\/v2\/tags?post=438448"}],"curies":[{"name":"wp","href":"https:\/\/api.w.org\/{rel}","templated":true}]}}