{"id":438445,"date":"2026-02-10T23:41:00","date_gmt":"2026-02-11T02:41:00","guid":{"rendered":"https:\/\/notinor.com\/jujuy\/?p=438445"},"modified":"2026-02-10T23:41:00","modified_gmt":"2026-02-10T23:41:00","slug":"educacion-anuncio-avances-administrativos-y-acciones-de-regularizacion-academica","status":"publish","type":"post","link":"https:\/\/notinor.com\/jujuy\/educacion-anuncio-avances-administrativos-y-acciones-de-regularizacion-academica\/","title":{"rendered":"Educaci\u00f3n anunci\u00f3 avances administrativos y acciones de regularizaci\u00f3n acad\u00e9mica"},"content":{"rendered":"\n<p class=\"has-medium-font-size\"><strong><em>La ministra Daniela Teseira confirm\u00f3 las fechas de la publicaci\u00f3n del listado de orden de m\u00e9rito para nivel secundario y gestiones por la validez nacional de t\u00edtulos.<\/em><\/strong><\/p>\n\n\n\n<p><\/p>\n\n\n<div class=\"wp-block-image\">\n<figure class=\"aligncenter size-full\"><img decoding=\"async\" loading=\"lazy\" width=\"800\" height=\"450\" src=\"https:\/\/notinor.com\/jujuy\/wp-content\/uploads\/2026\/02\/paritaria-docente-2026.jpg\" alt=\"\" class=\"wp-image-438446\" srcset=\"https:\/\/notinor.com\/jujuy\/wp-content\/uploads\/2026\/02\/paritaria-docente-2026.jpg 800w, https:\/\/notinor.com\/jujuy\/wp-content\/uploads\/2026\/02\/paritaria-docente-2026-649x365.jpg 649w, https:\/\/notinor.com\/jujuy\/wp-content\/uploads\/2026\/02\/paritaria-docente-2026-500x280.jpg 500w, https:\/\/notinor.com\/jujuy\/wp-content\/uploads\/2026\/02\/paritaria-docente-2026-768x432.jpg 768w, https:\/\/notinor.com\/jujuy\/wp-content\/uploads\/2026\/02\/paritaria-docente-2026-750x422.jpg 750w\" sizes=\"(max-width: 800px) 100vw, 800px\" \/><\/figure><\/div>\n\n\n<p><\/p>\n\n\n\n<p>La ministra de Educaci\u00f3n de Jujuy, Daniela Teseira, encabez\u00f3 este lunes la primera mesa de negociaci\u00f3n paritaria con representantes gremiales, en el marco del di\u00e1logo institucional que el Gobierno mantiene con el sector docente.<\/p>\n\n\n\n<p>Durante el encuentro, se abord\u00f3 la propuesta salarial elaborada por el Ministerio de Hacienda. Asimismo, se dio continuidad a la agenda de trabajo con los educadores de los diferentes niveles.<\/p>\n\n\n\n<p>En relaci\u00f3n con aspectos administrativos, la ministra inform\u00f3 que ya se encuentra confeccionado el Listado \u00danico de Orden de M\u00e9rito para nivel secundario, cuya publicaci\u00f3n provisoria est\u00e1 prevista para el d\u00eda 18 de febrero. El listado definitivo se dar\u00e1 a conocer entre los d\u00edas 6 y 9 pr\u00f3ximos, brindando previsibilidad y transparencia al proceso de designaciones.<\/p>\n\n\n\n<p>Por otra parte, Teseira detall\u00f3 medidas destinadas a mejorar las condiciones de los docentes que se trasladan a localidades del interior, particularmente a Susques. En ese sentido, se firm\u00f3 un convenio con el comisionado municipal, el Ministerio de Desarrollo Humano y la Secretar\u00eda de Transporte para garantizar un espacio de espera los d\u00edas domingo, con acceso a sanitarios, agua caliente y asistencia b\u00e1sica, acompa\u00f1ando as\u00ed a quienes cumplen funciones en zonas alejadas.<\/p>\n\n\n\n<p>Asimismo, la titular de la cartera educativa anunci\u00f3 que el Ministerio iniciar\u00e1 gestiones para avanzar en la validaci\u00f3n jurisdiccional de t\u00edtulos y en la tramitaci\u00f3n de la correspondiente resoluci\u00f3n nacional para regularizar ofertas acad\u00e9micas de institutos de educaci\u00f3n superior. \u201cEstamos trabajando para dar tranquilidad a quienes necesitan la validaci\u00f3n de sus t\u00edtulos. Vamos a realizar todas las gestiones necesarias ante Naci\u00f3n para resolver esta problem\u00e1tica y garantizar seguridad jur\u00eddica y acad\u00e9mica\u201d, se\u00f1al\u00f3.<\/p>\n\n\n\n<p>Finalmente, la ministra ratific\u00f3 el compromiso del Gobierno de Jujuy con el di\u00e1logo permanente y la b\u00fasqueda de soluciones integrales para el sistema educativo. \u201cEstamos abordando m\u00faltiples frentes de trabajo, con responsabilidad y planificaci\u00f3n, para dar respuestas concretas a la comunidad educativa\u201d, concluy\u00f3.<\/p>\n","protected":false},"excerpt":{"rendered":"<p>La ministra Daniela Teseira confirm\u00f3 las fechas de la publicaci\u00f3n del listado de orden de m\u00e9rito para nivel secundario y gestiones por la validez nacional de t\u00edtulos. La ministra de Educaci\u00f3n de Jujuy, Daniela Teseira, encabez\u00f3 este lunes la primera mesa de negociaci\u00f3n paritaria con representantes gremiales, en el marco del di\u00e1logo institucional que el [&hellip;]<\/p>\n","protected":false},"author":49,"featured_media":438446,"comment_status":"open","ping_status":"open","sticky":false,"template":"","format":"standard","meta":{"_stopmodifiedupdate":false,"_modified_date":"","inline_featured_image":false,"spay_email":"","jetpack_publicize_message":""},"categories":[2,514],"tags":[],"jetpack_featured_media_url":"https:\/\/notinor.com\/jujuy\/wp-content\/uploads\/2026\/02\/paritaria-docente-2026.jpg","jetpack_publicize_connections":[],"_links":{"self":[{"href":"https:\/\/notinor.com\/jujuy\/wp-json\/wp\/v2\/posts\/438445"}],"collection":[{"href":"https:\/\/notinor.com\/jujuy\/wp-json\/wp\/v2\/posts"}],"about":[{"href":"https:\/\/notinor.com\/jujuy\/wp-json\/wp\/v2\/types\/post"}],"author":[{"embeddable":true,"href":"https:\/\/notinor.com\/jujuy\/wp-json\/wp\/v2\/users\/49"}],"replies":[{"embeddable":true,"href":"https:\/\/notinor.com\/jujuy\/wp-json\/wp\/v2\/comments?post=438445"}],"version-history":[{"count":1,"href":"https:\/\/notinor.com\/jujuy\/wp-json\/wp\/v2\/posts\/438445\/revisions"}],"predecessor-version":[{"id":438447,"href":"https:\/\/notinor.com\/jujuy\/wp-json\/wp\/v2\/posts\/438445\/revisions\/438447"}],"wp:featuredmedia":[{"embeddable":true,"href":"https:\/\/notinor.com\/jujuy\/wp-json\/wp\/v2\/media\/438446"}],"wp:attachment":[{"href":"https:\/\/notinor.com\/jujuy\/wp-json\/wp\/v2\/media?parent=438445"}],"wp:term":[{"taxonomy":"category","embeddable":true,"href":"https:\/\/notinor.com\/jujuy\/wp-json\/wp\/v2\/categories?post=438445"},{"taxonomy":"post_tag","embeddable":true,"href":"https:\/\/notinor.com\/jujuy\/wp-json\/wp\/v2\/tags?post=438445"}],"curies":[{"name":"wp","href":"https:\/\/api.w.org\/{rel}","templated":true}]}}