{"id":438441,"date":"2026-02-10T22:49:00","date_gmt":"2026-02-11T01:49:00","guid":{"rendered":"https:\/\/notinor.com\/jujuy\/?p=438441"},"modified":"2026-02-10T22:49:00","modified_gmt":"2026-02-10T22:49:00","slug":"gimnasia-inicia-su-camino-en-la-copa-argentina-ante-central-cordoba-se","status":"publish","type":"post","link":"https:\/\/notinor.com\/jujuy\/gimnasia-inicia-su-camino-en-la-copa-argentina-ante-central-cordoba-se\/","title":{"rendered":"Gimnasia inicia su camino en la Copa Argentina\u00a0ante Central C\u00f3rdoba (SE)"},"content":{"rendered":"\n<p class=\"has-medium-font-size\"><strong><em>Este mi\u00e9rcoles, 11 de febrero, a partir de las 21:15 horas, Gimnasia y Esgrima de Jujuy se enfrentar\u00e1 a Central C\u00f3rdoba de Santiago del Estero por los 32avos de final de la Copa Argentina.<\/em><\/strong><\/p>\n\n\n\n<p><\/p>\n\n\n<div class=\"wp-block-image\">\n<figure class=\"aligncenter size-full\"><img decoding=\"async\" loading=\"lazy\" width=\"800\" height=\"450\" src=\"https:\/\/notinor.com\/jujuy\/wp-content\/uploads\/2026\/02\/francisco-molina.jpeg\" alt=\"\" class=\"wp-image-438442\" srcset=\"https:\/\/notinor.com\/jujuy\/wp-content\/uploads\/2026\/02\/francisco-molina.jpeg 800w, https:\/\/notinor.com\/jujuy\/wp-content\/uploads\/2026\/02\/francisco-molina-649x365.jpeg 649w, https:\/\/notinor.com\/jujuy\/wp-content\/uploads\/2026\/02\/francisco-molina-500x280.jpeg 500w, https:\/\/notinor.com\/jujuy\/wp-content\/uploads\/2026\/02\/francisco-molina-768x432.jpeg 768w, https:\/\/notinor.com\/jujuy\/wp-content\/uploads\/2026\/02\/francisco-molina-750x422.jpeg 750w\" sizes=\"(max-width: 800px) 100vw, 800px\" \/><figcaption class=\"wp-element-caption\">Francisco Molina<\/figcaption><\/figure><\/div>\n\n\n<p><\/p>\n\n\n\n<p>El partido tendr\u00e1 lugar en el estadio \u201cPadre Ernesto Martearena\u201d de Salta, con el arbitraje de Andr\u00e9s Gariano, acompa\u00f1ado por el asistente 1, Gabriel Chade; asistente 2, Dami\u00e1n Espinoza; y el cuarto \u00e1rbitro, Mauricio Mart\u00edn.<\/p>\n\n\n\n<p>Ser\u00e1 el debut en competencia oficial del \u201cLobo\u201d en el 2026, a\u00f1o en el que se tienen altas expectativas por el armado del equipo, que cuenta con la base de la temporada anterior y la llegada de refuerzos para impulsar el nivel futbol\u00edstico de Gimnasia.<\/p>\n\n\n\n<p>Cabe recordar, que las entradas para presenciar el partido est\u00e1n a la venta en el estadio \u201c23 de Agosto\u201d, desde las 11 hasta las 18 horas.<\/p>\n\n\n\n<p><\/p>\n\n\n\n<p class=\"has-medium-font-size\"><strong>\u201cEn \u00f3ptimas condiciones para afrontar este partido\u201d<\/strong><\/p>\n\n\n\n<p>De cara al desaf\u00edo que se viene en Salta, Francisco Molina afirm\u00f3 que el \u201cLobo\u201d se mantiene \u201ctranquilo, a pesar de ser un partido a todo o nada\u201d, ya que sostiene que el plantel \u201ccuenta con jugadores de mucha jerarqu\u00eda que est\u00e1n acostumbrados a estas situaciones\u201d.<\/p>\n\n\n\n<p>Partiendo desde esa base, el volante exterioriz\u00f3 su felicidad de \u201carrancar una nueva etapa con un nuevo cuerpo t\u00e9cnico e incorporaciones que ayudar\u00e1n a encontrar la mejor versi\u00f3n del equipo\u201d.<\/p>\n\n\n\n<p>\u201cNo vamos a dejar pasar esta oportunidad, trabajamos mucho para el inicio de la competencia\u201d, puntualiz\u00f3.<\/p>\n\n\n\n<p>En tanto, puso en valor el rol de los hinchas juje\u00f1os que ir\u00e1n al partido, subrayando que \u201csabemos que nos acompa\u00f1aran como lo hicieron siempre y eso lo sentimos mucho\u201d.<\/p>\n","protected":false},"excerpt":{"rendered":"<p>Este mi\u00e9rcoles, 11 de febrero, a partir de las 21:15 horas, Gimnasia y Esgrima de Jujuy se enfrentar\u00e1 a Central C\u00f3rdoba de Santiago del Estero por los 32avos de final de la Copa Argentina. El partido tendr\u00e1 lugar en el estadio \u201cPadre Ernesto Martearena\u201d de Salta, con el arbitraje de Andr\u00e9s Gariano, acompa\u00f1ado por el [&hellip;]<\/p>\n","protected":false},"author":49,"featured_media":438442,"comment_status":"open","ping_status":"open","sticky":false,"template":"","format":"standard","meta":{"_stopmodifiedupdate":false,"_modified_date":"","inline_featured_image":false,"spay_email":"","jetpack_publicize_message":""},"categories":[2,7],"tags":[],"jetpack_featured_media_url":"https:\/\/notinor.com\/jujuy\/wp-content\/uploads\/2026\/02\/francisco-molina.jpeg","jetpack_publicize_connections":[],"_links":{"self":[{"href":"https:\/\/notinor.com\/jujuy\/wp-json\/wp\/v2\/posts\/438441"}],"collection":[{"href":"https:\/\/notinor.com\/jujuy\/wp-json\/wp\/v2\/posts"}],"about":[{"href":"https:\/\/notinor.com\/jujuy\/wp-json\/wp\/v2\/types\/post"}],"author":[{"embeddable":true,"href":"https:\/\/notinor.com\/jujuy\/wp-json\/wp\/v2\/users\/49"}],"replies":[{"embeddable":true,"href":"https:\/\/notinor.com\/jujuy\/wp-json\/wp\/v2\/comments?post=438441"}],"version-history":[{"count":2,"href":"https:\/\/notinor.com\/jujuy\/wp-json\/wp\/v2\/posts\/438441\/revisions"}],"predecessor-version":[{"id":438444,"href":"https:\/\/notinor.com\/jujuy\/wp-json\/wp\/v2\/posts\/438441\/revisions\/438444"}],"wp:featuredmedia":[{"embeddable":true,"href":"https:\/\/notinor.com\/jujuy\/wp-json\/wp\/v2\/media\/438442"}],"wp:attachment":[{"href":"https:\/\/notinor.com\/jujuy\/wp-json\/wp\/v2\/media?parent=438441"}],"wp:term":[{"taxonomy":"category","embeddable":true,"href":"https:\/\/notinor.com\/jujuy\/wp-json\/wp\/v2\/categories?post=438441"},{"taxonomy":"post_tag","embeddable":true,"href":"https:\/\/notinor.com\/jujuy\/wp-json\/wp\/v2\/tags?post=438441"}],"curies":[{"name":"wp","href":"https:\/\/api.w.org\/{rel}","templated":true}]}}