{"id":438404,"date":"2026-02-09T22:13:00","date_gmt":"2026-02-10T01:13:00","guid":{"rendered":"https:\/\/notinor.com\/jujuy\/?p=438404"},"modified":"2026-02-09T10:13:34","modified_gmt":"2026-02-09T10:13:34","slug":"recambio-de-insignias-patrias-en-el-concejo-deliberante","status":"publish","type":"post","link":"https:\/\/notinor.com\/jujuy\/recambio-de-insignias-patrias-en-el-concejo-deliberante\/","title":{"rendered":"Recambio de insignias patrias en el Concejo Deliberante"},"content":{"rendered":"\n<p class=\"has-medium-font-size\"><strong><em>En el Concejo Deliberante de San Salvador de Jujuy, concejales, autoridades y empleados del organismo participaron del cambio de insignias patrias y posterior izamiento de las Banderas Nacional y de la Libertad Civil.<\/em><\/strong><\/p>\n\n\n<div class=\"wp-block-image\">\n<figure class=\"aligncenter size-full\"><img decoding=\"async\" loading=\"lazy\" width=\"750\" height=\"421\" src=\"https:\/\/notinor.com\/jujuy\/wp-content\/uploads\/2026\/02\/Recambio1.jpg\" alt=\"\" class=\"wp-image-438406\" srcset=\"https:\/\/notinor.com\/jujuy\/wp-content\/uploads\/2026\/02\/Recambio1.jpg 750w, https:\/\/notinor.com\/jujuy\/wp-content\/uploads\/2026\/02\/Recambio1-650x365.jpg 650w, https:\/\/notinor.com\/jujuy\/wp-content\/uploads\/2026\/02\/Recambio1-500x280.jpg 500w\" sizes=\"(max-width: 750px) 100vw, 750px\" \/><\/figure><\/div>\n\n\n<p>De la ceremonia, llevada a cabo en la ma\u00f1ana de este lunes, participaron el presidente, Dr. <strong>Gast\u00f3n Mill\u00f3n<\/strong>, los concejales <strong>N\u00e9stor Barrios<\/strong>, <strong>Blanca Ontiveros,<\/strong> <strong>Graciela Carrasco,<\/strong> <strong>Liliana Gim\u00e9nez <\/strong>y <strong>Gustavo Mart\u00ednez,<\/strong> la Secretaria Administrativa, <strong>Virginia Llapur<\/strong> y el personal del Concejo.<\/p>\n\n\n<div class=\"wp-block-image\">\n<figure class=\"aligncenter size-full\"><img decoding=\"async\" loading=\"lazy\" width=\"750\" height=\"421\" src=\"https:\/\/notinor.com\/jujuy\/wp-content\/uploads\/2026\/02\/Recambio-3.jpg\" alt=\"\" class=\"wp-image-438408\" srcset=\"https:\/\/notinor.com\/jujuy\/wp-content\/uploads\/2026\/02\/Recambio-3.jpg 750w, https:\/\/notinor.com\/jujuy\/wp-content\/uploads\/2026\/02\/Recambio-3-650x365.jpg 650w, https:\/\/notinor.com\/jujuy\/wp-content\/uploads\/2026\/02\/Recambio-3-500x280.jpg 500w\" sizes=\"(max-width: 750px) 100vw, 750px\" \/><\/figure><\/div>\n\n\n<p>Una vez finalizado el acto, el Dr. Gast\u00f3n Mill\u00f3n habl\u00f3 sobre el recambio de banderas y dijo que \"es mostrar, sobre todo, el respeto a nuestros emblemas patrios en el acceso al Concejo Deliberante; tenemos los m\u00e1stiles con las banderas Nacional y de la Libertad Civil, ya era momento de reemplazarlas con unas nuevas, entonces, se realiz\u00f3 bajo todos los pasos protocolares este solemne acto para, tambi\u00e9n, dar inicio a lo que va a ser este a\u00f1o legislativo\".<\/p>\n\n\n<div class=\"wp-block-image\">\n<figure class=\"aligncenter size-large\"><img decoding=\"async\" loading=\"lazy\" width=\"840\" height=\"473\" src=\"https:\/\/notinor.com\/jujuy\/wp-content\/uploads\/2026\/02\/recambio2-840x473.jpg\" alt=\"\" class=\"wp-image-438409\" srcset=\"https:\/\/notinor.com\/jujuy\/wp-content\/uploads\/2026\/02\/recambio2-840x473.jpg 840w, https:\/\/notinor.com\/jujuy\/wp-content\/uploads\/2026\/02\/recambio2-649x365.jpg 649w, https:\/\/notinor.com\/jujuy\/wp-content\/uploads\/2026\/02\/recambio2-768x432.jpg 768w, https:\/\/notinor.com\/jujuy\/wp-content\/uploads\/2026\/02\/recambio2-1536x864.jpg 1536w, https:\/\/notinor.com\/jujuy\/wp-content\/uploads\/2026\/02\/recambio2-750x422.jpg 750w, https:\/\/notinor.com\/jujuy\/wp-content\/uploads\/2026\/02\/recambio2-1140x641.jpg 1140w, https:\/\/notinor.com\/jujuy\/wp-content\/uploads\/2026\/02\/recambio2.jpg 1920w\" sizes=\"(max-width: 840px) 100vw, 840px\" \/><\/figure><\/div>\n\n\n<p>Por \u00faltimo, Mill\u00f3n agreg\u00f3: \"Teniendo en cuenta que este es un \u00f3rgano legislativo que tiene una funci\u00f3n democr\u00e1tica fundamental, todo tiene que realizarse, l\u00f3gicamente, bajo esa tutela o bajo la presidencia espec\u00edfica de nuestra bandera Nacional y de la Libertad Civil\".<\/p>\n\n\n\n<p>Nota Audiovisual:&nbsp;httpsyoutu.beW0ItMRpBkqs<\/p>\n","protected":false},"excerpt":{"rendered":"<p>En el Concejo Deliberante de San Salvador de Jujuy, concejales, autoridades y empleados del organismo participaron del cambio de insignias patrias y posterior izamiento de las Banderas Nacional y de la Libertad Civil. De la ceremonia, llevada a cabo en la ma\u00f1ana de este lunes, participaron el presidente, Dr. Gast\u00f3n Mill\u00f3n, los concejales N\u00e9stor Barrios, [&hellip;]<\/p>\n","protected":false},"author":5,"featured_media":438405,"comment_status":"open","ping_status":"open","sticky":false,"template":"","format":"standard","meta":{"_stopmodifiedupdate":false,"_modified_date":"","inline_featured_image":false,"spay_email":"","jetpack_publicize_message":""},"categories":[514],"tags":[],"jetpack_featured_media_url":"https:\/\/notinor.com\/jujuy\/wp-content\/uploads\/2026\/02\/Recambio.jpg","jetpack_publicize_connections":[],"_links":{"self":[{"href":"https:\/\/notinor.com\/jujuy\/wp-json\/wp\/v2\/posts\/438404"}],"collection":[{"href":"https:\/\/notinor.com\/jujuy\/wp-json\/wp\/v2\/posts"}],"about":[{"href":"https:\/\/notinor.com\/jujuy\/wp-json\/wp\/v2\/types\/post"}],"author":[{"embeddable":true,"href":"https:\/\/notinor.com\/jujuy\/wp-json\/wp\/v2\/users\/5"}],"replies":[{"embeddable":true,"href":"https:\/\/notinor.com\/jujuy\/wp-json\/wp\/v2\/comments?post=438404"}],"version-history":[{"count":1,"href":"https:\/\/notinor.com\/jujuy\/wp-json\/wp\/v2\/posts\/438404\/revisions"}],"predecessor-version":[{"id":438410,"href":"https:\/\/notinor.com\/jujuy\/wp-json\/wp\/v2\/posts\/438404\/revisions\/438410"}],"wp:featuredmedia":[{"embeddable":true,"href":"https:\/\/notinor.com\/jujuy\/wp-json\/wp\/v2\/media\/438405"}],"wp:attachment":[{"href":"https:\/\/notinor.com\/jujuy\/wp-json\/wp\/v2\/media?parent=438404"}],"wp:term":[{"taxonomy":"category","embeddable":true,"href":"https:\/\/notinor.com\/jujuy\/wp-json\/wp\/v2\/categories?post=438404"},{"taxonomy":"post_tag","embeddable":true,"href":"https:\/\/notinor.com\/jujuy\/wp-json\/wp\/v2\/tags?post=438404"}],"curies":[{"name":"wp","href":"https:\/\/api.w.org\/{rel}","templated":true}]}}