{"id":438341,"date":"2026-02-07T01:00:13","date_gmt":"2026-02-07T04:00:13","guid":{"rendered":"https:\/\/notinor.com\/jujuy\/?p=438341"},"modified":"2026-02-07T01:00:15","modified_gmt":"2026-02-07T04:00:15","slug":"el-gobierno-de-jujuy-inicia-el-lunes-las-reuniones-paritarias-con-los-representantes-gremiales","status":"publish","type":"post","link":"https:\/\/notinor.com\/jujuy\/el-gobierno-de-jujuy-inicia-el-lunes-las-reuniones-paritarias-con-los-representantes-gremiales\/","title":{"rendered":"El Gobierno de Jujuy inicia el lunes las reuniones paritarias con los representantes gremiales"},"content":{"rendered":"\n<p class=\"has-medium-font-size\"><strong><em>Dando cumplimiento al compromiso establecido en el \u00faltimo encuentro, comienza el di\u00e1logo entre las autoridades del Ejecutivo y los representantes de los trabajadores.<\/em><\/strong><\/p>\n\n\n\n<p><\/p>\n\n\n<div class=\"wp-block-image\">\n<figure class=\"aligncenter size-full\"><img decoding=\"async\" loading=\"lazy\" width=\"800\" height=\"450\" src=\"https:\/\/notinor.com\/jujuy\/wp-content\/uploads\/2026\/02\/paritarias-jujuy.jpg\" alt=\"\" class=\"wp-image-438342\" srcset=\"https:\/\/notinor.com\/jujuy\/wp-content\/uploads\/2026\/02\/paritarias-jujuy.jpg 800w, https:\/\/notinor.com\/jujuy\/wp-content\/uploads\/2026\/02\/paritarias-jujuy-649x365.jpg 649w, https:\/\/notinor.com\/jujuy\/wp-content\/uploads\/2026\/02\/paritarias-jujuy-500x280.jpg 500w, https:\/\/notinor.com\/jujuy\/wp-content\/uploads\/2026\/02\/paritarias-jujuy-768x432.jpg 768w, https:\/\/notinor.com\/jujuy\/wp-content\/uploads\/2026\/02\/paritarias-jujuy-750x422.jpg 750w\" sizes=\"(max-width: 800px) 100vw, 800px\" \/><\/figure><\/div>\n\n\n<p><\/p>\n\n\n\n<p><strong>El Gobierno de Jujuy inicia este lunes 9 de febrero la mesa de paritarias con los gremios que representan a los trabajadores de los distintos sectores de la administraci\u00f3n p\u00fablica, en cumplimiento del compromiso pactado en el \u00faltimo encuentro entre las autoridades del Ejecutivo y los dirigentes sindicales.<\/strong><\/p>\n\n\n\n<p><strong>Las conversaciones salariales comenzar\u00e1n el lunes con los gremios docentes. Como antesala clave en la previa de las paritarias, el 2 de febrero se realiz\u00f3 la primera mesa t\u00e9cnica del a\u00f1o,<\/strong> un espacio de di\u00e1logo institucional destinado a fortalecer el trabajo conjunto y abordar de manera integral diversas dimensiones vinculadas a la labor docente.<\/p>\n\n\n\n<p>El martes 10 continuar\u00e1 la agenda de reuniones, con gremios de la sanidad, administraci\u00f3n general, organismos de control y sindicatos de trabajadores municipales.<\/p>\n\n\n\n<p><strong>Finalmente, la \u00faltima reuni\u00f3n en esta primera instancia de di\u00e1logo salarial ser\u00e1 el mi\u00e9rcoles 11 y estar\u00e1n presentes los representantes de los trabajadores profesionales de la administraci\u00f3n p\u00fablica y del personal legislativo.<\/strong><\/p>\n\n\n\n<p>Los ministerios de Hacienda y Gobierno y Justicia est\u00e1n a cargo de la convocatoria a los sindicatos, junto con el Ministerio de Educaci\u00f3n, en el caso de las reuniones que se realizan con los gremios docentes.<\/p>\n","protected":false},"excerpt":{"rendered":"<p>Dando cumplimiento al compromiso establecido en el \u00faltimo encuentro, comienza el di\u00e1logo entre las autoridades del Ejecutivo y los representantes de los trabajadores. El Gobierno de Jujuy inicia este lunes 9 de febrero la mesa de paritarias con los gremios que representan a los trabajadores de los distintos sectores de la administraci\u00f3n p\u00fablica, en cumplimiento [&hellip;]<\/p>\n","protected":false},"author":49,"featured_media":438342,"comment_status":"open","ping_status":"open","sticky":false,"template":"","format":"standard","meta":{"_stopmodifiedupdate":false,"_modified_date":"","inline_featured_image":false,"spay_email":"","jetpack_publicize_message":""},"categories":[2,514],"tags":[],"jetpack_featured_media_url":"https:\/\/notinor.com\/jujuy\/wp-content\/uploads\/2026\/02\/paritarias-jujuy.jpg","jetpack_publicize_connections":[],"_links":{"self":[{"href":"https:\/\/notinor.com\/jujuy\/wp-json\/wp\/v2\/posts\/438341"}],"collection":[{"href":"https:\/\/notinor.com\/jujuy\/wp-json\/wp\/v2\/posts"}],"about":[{"href":"https:\/\/notinor.com\/jujuy\/wp-json\/wp\/v2\/types\/post"}],"author":[{"embeddable":true,"href":"https:\/\/notinor.com\/jujuy\/wp-json\/wp\/v2\/users\/49"}],"replies":[{"embeddable":true,"href":"https:\/\/notinor.com\/jujuy\/wp-json\/wp\/v2\/comments?post=438341"}],"version-history":[{"count":1,"href":"https:\/\/notinor.com\/jujuy\/wp-json\/wp\/v2\/posts\/438341\/revisions"}],"predecessor-version":[{"id":438343,"href":"https:\/\/notinor.com\/jujuy\/wp-json\/wp\/v2\/posts\/438341\/revisions\/438343"}],"wp:featuredmedia":[{"embeddable":true,"href":"https:\/\/notinor.com\/jujuy\/wp-json\/wp\/v2\/media\/438342"}],"wp:attachment":[{"href":"https:\/\/notinor.com\/jujuy\/wp-json\/wp\/v2\/media?parent=438341"}],"wp:term":[{"taxonomy":"category","embeddable":true,"href":"https:\/\/notinor.com\/jujuy\/wp-json\/wp\/v2\/categories?post=438341"},{"taxonomy":"post_tag","embeddable":true,"href":"https:\/\/notinor.com\/jujuy\/wp-json\/wp\/v2\/tags?post=438341"}],"curies":[{"name":"wp","href":"https:\/\/api.w.org\/{rel}","templated":true}]}}