{"id":438333,"date":"2026-02-06T20:31:14","date_gmt":"2026-02-06T23:31:14","guid":{"rendered":"https:\/\/notinor.com\/jujuy\/?p=438333"},"modified":"2026-02-06T20:31:15","modified_gmt":"2026-02-06T23:31:15","slug":"sadir-entrego-nuevo-equipamiento-tecnologico-a-dependencias-del-ministerio-de-educacion","status":"publish","type":"post","link":"https:\/\/notinor.com\/jujuy\/sadir-entrego-nuevo-equipamiento-tecnologico-a-dependencias-del-ministerio-de-educacion\/","title":{"rendered":"Sadir entreg\u00f3 nuevo equipamiento tecnol\u00f3gico a dependencias del Ministerio de Educaci\u00f3n"},"content":{"rendered":"\n<p class=\"has-medium-font-size\"><strong><em>El gobernador Carlos Sadir encabez\u00f3 la entrega de computadoras, impresoras y otros dispositivos destinados a la Junta de Calificaci\u00f3n y a distintas dependencias educativas, con el objetivo de agilizar tr\u00e1mites, fortalecer la gesti\u00f3n y mejorar la atenci\u00f3n a docentes y estudiantes.<\/em><\/strong><\/p>\n\n\n\n<p><\/p>\n\n\n<div class=\"wp-block-image\">\n<figure class=\"aligncenter size-full\"><img decoding=\"async\" loading=\"lazy\" width=\"800\" height=\"450\" src=\"https:\/\/notinor.com\/jujuy\/wp-content\/uploads\/2026\/02\/equipamiento-educacion.jpg\" alt=\"\" class=\"wp-image-438334\" srcset=\"https:\/\/notinor.com\/jujuy\/wp-content\/uploads\/2026\/02\/equipamiento-educacion.jpg 800w, https:\/\/notinor.com\/jujuy\/wp-content\/uploads\/2026\/02\/equipamiento-educacion-649x365.jpg 649w, https:\/\/notinor.com\/jujuy\/wp-content\/uploads\/2026\/02\/equipamiento-educacion-500x280.jpg 500w, https:\/\/notinor.com\/jujuy\/wp-content\/uploads\/2026\/02\/equipamiento-educacion-768x432.jpg 768w, https:\/\/notinor.com\/jujuy\/wp-content\/uploads\/2026\/02\/equipamiento-educacion-750x422.jpg 750w\" sizes=\"(max-width: 800px) 100vw, 800px\" \/><\/figure><\/div>\n\n\n<p><\/p>\n\n\n\n<p><strong>El gobernador de la Provincia, Carlos Sadir, junto a la ministra de Educaci\u00f3n, Daniela Teseira, y el ministro de Hacienda y Finanzas, Federico Cardozo, encabez\u00f3 la entrega de nuevo equipamiento tecnol\u00f3gico adquirido con fondos de PROMACE CAF,<\/strong> destinado a la Junta de Calificaci\u00f3n Docente y otras direcciones del Complejo Ministerial, en el marco del proceso de modernizaci\u00f3n y fortalecimiento del sistema educativo provincial.<\/p>\n\n\n\n<p>El equipamiento incluye computadoras, impresoras y otros dispositivos que ser\u00e1n distribuidos con el fin de optimizar los procedimientos administrativos, reducir el uso de papel y agilizar la gesti\u00f3n.<\/p>\n\n\n\n<p>Durante el acto, el mandatario provincial destac\u00f3 que se efectu\u00f3 la entrega de <strong>\"computadoras e impresoras tanto para la Junta de Calificaci\u00f3n, que funciona en el Hogar Escuela, como para dependencias de distintas direcciones del Ministerio. Esto significa aportar herramientas imprescindibles para desburocratizar, despapelizar, agilizar tr\u00e1mites y hacerlos m\u00e1s transparentes, que es lo que hoy se demanda\u201d.<\/strong><\/p>\n\n\n\n<p>Asimismo, subray\u00f3 que se trata de<strong> \u201cuna tarea conjunta con los ministerios de Educaci\u00f3n y de Hacienda, que forma parte del proceso de modernizaci\u00f3n del Estado que venimos impulsando desde hace tiempo, con el objetivo de brindar una mejor atenci\u00f3n a los docentes y a todo el pueblo de Jujuy\u201d.<\/strong> Sadir remarc\u00f3 adem\u00e1s que la inversi\u00f3n en tecnolog\u00eda se complementa con pol\u00edticas de infraestructura escolar, refacciones edilicias, fortalecimiento de comedores y mejoras en equipamiento, \u201cporque seguimos apostando fuertemente a la educaci\u00f3n, as\u00ed como tambi\u00e9n a la seguridad y la salud, respondiendo a las demandas de los juje\u00f1os\u201d.<\/p>\n\n\n\n<p>Por su parte, la ministra de Educaci\u00f3n, Daniela Teseira, celebr\u00f3 la incorporaci\u00f3n de los nuevos recursos: <strong>\u201cEstamos muy contentos de haber recibido este equipamiento que se est\u00e1 distribuyendo en las regiones, y tambi\u00e9n en direcciones y otras dependencias del Complejo Ministerial\u201d,<\/strong> indic\u00f3. Por \u00faltimo, Teseira agreg\u00f3 que, en relaci\u00f3n a la Junta de Calificaci\u00f3n, estas herramientas ya permiten avances concretos en los procesos administrativos: <strong>\u201cpudimos completar el Listado \u00danico de Orden de M\u00e9rito provisorio de nivel secundario, algo que en a\u00f1os anteriores se lograba reci\u00e9n al inicio de clases. Esto nos va a permitir cubrir vacantes con mayor rapidez y eficiencia\u201d,<\/strong> explic\u00f3.<\/p>\n","protected":false},"excerpt":{"rendered":"<p>El gobernador Carlos Sadir encabez\u00f3 la entrega de computadoras, impresoras y otros dispositivos destinados a la Junta de Calificaci\u00f3n y a distintas dependencias educativas, con el objetivo de agilizar tr\u00e1mites, fortalecer la gesti\u00f3n y mejorar la atenci\u00f3n a docentes y estudiantes. El gobernador de la Provincia, Carlos Sadir, junto a la ministra de Educaci\u00f3n, Daniela [&hellip;]<\/p>\n","protected":false},"author":49,"featured_media":438334,"comment_status":"open","ping_status":"open","sticky":false,"template":"","format":"standard","meta":{"_stopmodifiedupdate":false,"_modified_date":"","inline_featured_image":false,"spay_email":"","jetpack_publicize_message":""},"categories":[2,514],"tags":[],"jetpack_featured_media_url":"https:\/\/notinor.com\/jujuy\/wp-content\/uploads\/2026\/02\/equipamiento-educacion.jpg","jetpack_publicize_connections":[],"_links":{"self":[{"href":"https:\/\/notinor.com\/jujuy\/wp-json\/wp\/v2\/posts\/438333"}],"collection":[{"href":"https:\/\/notinor.com\/jujuy\/wp-json\/wp\/v2\/posts"}],"about":[{"href":"https:\/\/notinor.com\/jujuy\/wp-json\/wp\/v2\/types\/post"}],"author":[{"embeddable":true,"href":"https:\/\/notinor.com\/jujuy\/wp-json\/wp\/v2\/users\/49"}],"replies":[{"embeddable":true,"href":"https:\/\/notinor.com\/jujuy\/wp-json\/wp\/v2\/comments?post=438333"}],"version-history":[{"count":1,"href":"https:\/\/notinor.com\/jujuy\/wp-json\/wp\/v2\/posts\/438333\/revisions"}],"predecessor-version":[{"id":438335,"href":"https:\/\/notinor.com\/jujuy\/wp-json\/wp\/v2\/posts\/438333\/revisions\/438335"}],"wp:featuredmedia":[{"embeddable":true,"href":"https:\/\/notinor.com\/jujuy\/wp-json\/wp\/v2\/media\/438334"}],"wp:attachment":[{"href":"https:\/\/notinor.com\/jujuy\/wp-json\/wp\/v2\/media?parent=438333"}],"wp:term":[{"taxonomy":"category","embeddable":true,"href":"https:\/\/notinor.com\/jujuy\/wp-json\/wp\/v2\/categories?post=438333"},{"taxonomy":"post_tag","embeddable":true,"href":"https:\/\/notinor.com\/jujuy\/wp-json\/wp\/v2\/tags?post=438333"}],"curies":[{"name":"wp","href":"https:\/\/api.w.org\/{rel}","templated":true}]}}