{"id":438310,"date":"2026-02-06T10:50:45","date_gmt":"2026-02-06T13:50:45","guid":{"rendered":"https:\/\/notinor.com\/jujuy\/?p=438310"},"modified":"2026-02-06T10:50:48","modified_gmt":"2026-02-06T13:50:48","slug":"eficiencia-y-modernizacion-del-estado-con-la-firma-de-los-primeros-decretos-digitales-en-jujuy","status":"publish","type":"post","link":"https:\/\/notinor.com\/jujuy\/eficiencia-y-modernizacion-del-estado-con-la-firma-de-los-primeros-decretos-digitales-en-jujuy\/","title":{"rendered":"Eficiencia y modernizaci\u00f3n del Estado con la firma de los primeros decretos digitales en Jujuy"},"content":{"rendered":"\n<p class=\"has-medium-font-size\"><strong><em>El gobernador Carlos Sadir rubric\u00f3 por primera vez digitalmente los decretos para hacer efectivo el pase a planta permanente de trabajadores del Ejecutivo.<\/em><\/strong><\/p>\n\n\n\n<figure class=\"wp-block-image\"><img decoding=\"async\" src=\"https:\/\/media.prensa.jujuy.gob.ar\/p\/cb3e4c57985a1426ae9897d844bc4891\/adjuntos\/301\/imagenes\/000\/422\/0000422861\/1200x0\/smart\/627142478_17982461948953942_2185753922093508530_n.jpg\" alt=\"Eficiencia y modernizaci\u00f3n del Estado con la firma de los primeros decretos digitales en Jujuy\" title=\"Eficiencia y modernizaci\u00f3n del Estado con la firma de los primeros decretos digitales en Jujuy\"\/><\/figure>\n\n\n\n<p><a href=\"https:\/\/media.prensa.jujuy.gob.ar\/p\/cb3e4c57985a1426ae9897d844bc4891\/adjuntos\/301\/imagenes\/000\/422\/0000422861\/1200x0\/smart\/627142478_17982461948953942_2185753922093508530_n.jpg\"><\/a><\/p>\n\n\n\n<p>\"<strong>Firm\u00e9 los primeros decretos digitales, que permitieron el pase a planta permanente<\/strong>&nbsp;de agentes del Poder Ejecutivo. Lo hice a trav\u00e9s del nuevo Sistema de Gesti\u00f3n Integral de Recursos Humanos de la Administraci\u00f3n P\u00fablica Provincial (GIRHAP)\", anunci\u00f3 el gobernador de Jujuy, Carlos Sadir, sobre el avance en&nbsp;<strong>digitalizaci\u00f3n y eficientizaci\u00f3n de la gesti\u00f3n estatal<\/strong>.<\/p>\n\n\n\n<p>\"Seguimos dando pasos importantes para&nbsp;<strong>modernizar el Estado, reducir la burocracia&nbsp;<\/strong>y fortalecer el trabajo conjunto de las distintas \u00e1reas de gobierno\", resalt\u00f3 el mandatario provincial con \u00e9nfasis en la decisi\u00f3n pol\u00edtica de transformar, mejorar y potenciar la administraci\u00f3n p\u00fablica a trav\u00e9s de la implementaci\u00f3n de recursos digitales y estrategias inform\u00e1ticas.<\/p>\n\n\n\n<p><strong>Gesti\u00f3n Integral de Recursos Humanos de la Administraci\u00f3n P\u00fablica Provincial<\/strong><\/p>\n\n\n\n<p>Desde la Direcci\u00f3n Provincial de Personal, junto con la Secretaria Inform\u00e1tica del Ministerio de Hacienda y Finanzas, se trabaj\u00f3 en la implementaci\u00f3n del Sub-Sistema de\u00a0<strong>Gesti\u00f3n Integral de Recursos Humanos de la Administraci\u00f3n P\u00fablica Provincial<\/strong>\u00a0(GIRHAP). De esta forma, se tramitaron los primeros decretos digitales disponiendo el pase a planta permanente de agentes del Poder Ejecutivo de la provincia.<\/p>\n\n\n\n<p>Este sistema permitir\u00e1 incorporar y ejecutar en forma gradual y paulatina todos los procesos referidos a la gesti\u00f3n de recursos humanos de la administraci\u00f3n p\u00fablica de la provincia, generar los datos necesarios para la liquidaci\u00f3n de haberes y la alimentaci\u00f3n del Legajo \u00danico de Personal Informatizado.<\/p>\n","protected":false},"excerpt":{"rendered":"<p>El gobernador Carlos Sadir rubric\u00f3 por primera vez digitalmente los decretos para hacer efectivo el pase a planta permanente de trabajadores del Ejecutivo. \"Firm\u00e9 los primeros decretos digitales, que permitieron el pase a planta permanente&nbsp;de agentes del Poder Ejecutivo. Lo hice a trav\u00e9s del nuevo Sistema de Gesti\u00f3n Integral de Recursos Humanos de la Administraci\u00f3n [&hellip;]<\/p>\n","protected":false},"author":5,"featured_media":438311,"comment_status":"open","ping_status":"open","sticky":false,"template":"","format":"standard","meta":{"_stopmodifiedupdate":false,"_modified_date":"","inline_featured_image":false,"spay_email":"","jetpack_publicize_message":""},"categories":[2],"tags":[],"jetpack_featured_media_url":"https:\/\/notinor.com\/jujuy\/wp-content\/uploads\/2026\/02\/MODERNIZACION.jpg","jetpack_publicize_connections":[],"_links":{"self":[{"href":"https:\/\/notinor.com\/jujuy\/wp-json\/wp\/v2\/posts\/438310"}],"collection":[{"href":"https:\/\/notinor.com\/jujuy\/wp-json\/wp\/v2\/posts"}],"about":[{"href":"https:\/\/notinor.com\/jujuy\/wp-json\/wp\/v2\/types\/post"}],"author":[{"embeddable":true,"href":"https:\/\/notinor.com\/jujuy\/wp-json\/wp\/v2\/users\/5"}],"replies":[{"embeddable":true,"href":"https:\/\/notinor.com\/jujuy\/wp-json\/wp\/v2\/comments?post=438310"}],"version-history":[{"count":1,"href":"https:\/\/notinor.com\/jujuy\/wp-json\/wp\/v2\/posts\/438310\/revisions"}],"predecessor-version":[{"id":438312,"href":"https:\/\/notinor.com\/jujuy\/wp-json\/wp\/v2\/posts\/438310\/revisions\/438312"}],"wp:featuredmedia":[{"embeddable":true,"href":"https:\/\/notinor.com\/jujuy\/wp-json\/wp\/v2\/media\/438311"}],"wp:attachment":[{"href":"https:\/\/notinor.com\/jujuy\/wp-json\/wp\/v2\/media?parent=438310"}],"wp:term":[{"taxonomy":"category","embeddable":true,"href":"https:\/\/notinor.com\/jujuy\/wp-json\/wp\/v2\/categories?post=438310"},{"taxonomy":"post_tag","embeddable":true,"href":"https:\/\/notinor.com\/jujuy\/wp-json\/wp\/v2\/tags?post=438310"}],"curies":[{"name":"wp","href":"https:\/\/api.w.org\/{rel}","templated":true}]}}