{"id":438305,"date":"2026-02-05T22:25:00","date_gmt":"2026-02-06T01:25:00","guid":{"rendered":"https:\/\/notinor.com\/jujuy\/?p=438305"},"modified":"2026-02-05T10:25:05","modified_gmt":"2026-02-05T10:25:05","slug":"la-campana-sin-casco-no-ingresas-se-extiende-con-operativos-moviles-en-los-barrios","status":"publish","type":"post","link":"https:\/\/notinor.com\/jujuy\/la-campana-sin-casco-no-ingresas-se-extiende-con-operativos-moviles-en-los-barrios\/","title":{"rendered":"La campa\u00f1a \u201cSin Casco No Ingres\u00e1s\u201d se extiende con operativos m\u00f3viles en los barrios"},"content":{"rendered":"\n<p class=\"has-medium-font-size\"><strong><em>La Direcci\u00f3n de Tr\u00e1nsito y Transporte de la Municipalidad de San Salvador de Jujuy, en conjunto con efectivos de la Polic\u00eda de la Provincia , contin\u00faa llevando adelante operativos m\u00f3viles de control y prevenci\u00f3n vial en distintos barrios de la ciudad, como parte de la campa\u00f1a \u201cSin Casco No Ingres\u00e1s\u201d, lanzada en diciembre del a\u00f1o pasado.<\/em><\/strong><\/p>\n\n\n<div class=\"wp-block-image\">\n<figure class=\"aligncenter\"><img decoding=\"async\" src=\"https:\/\/www.sansalvadordejujuy.gob.ar\/wp-content\/uploads\/2026\/02\/sin-casco-no-entras2-1024x605.jpg\" alt=\"\" class=\"wp-image-99915\"\/><\/figure><\/div>\n\n\n<p>En ese marco, durante la jornada del mi\u00e9rcoles se realizaron controles en los barrios Malvinas y San Pedrito, donde se procedi\u00f3 a la demora de 20 motocicletas debido a la falta de uso del casco protector y a la ausencia de documentaci\u00f3n personal o del rodado.<\/p>\n\n\n\n<p>Al respecto, el director de Tr\u00e1nsito y Transporte, <strong>Fernando Fr\u00edas<\/strong>, record\u00f3 que la campa\u00f1a comenz\u00f3 a mediados de diciembre y asegur\u00f3 que \u201cquedar\u00e1 establecida de manera definitiva\u201d, con el objetivo de reforzar el control del uso obligatorio del casco de seguridad tanto en conductores como en acompa\u00f1antes.<\/p>\n\n\n\n<figure class=\"wp-block-image\"><img decoding=\"async\" src=\"https:\/\/www.sansalvadordejujuy.gob.ar\/wp-content\/uploads\/2026\/02\/sin-casco-no-entras1-1024x575.jpg\" alt=\"\" class=\"wp-image-99902\"\/><\/figure>\n\n\n\n<p>En ese sentido, el funcionario remarc\u00f3 que \u201clas motocicletas son para dos personas y no para m\u00e1s de esa cantidad, ya que exceder esa capacidad supera el peso de sostenimiento del veh\u00edculo y aumenta el riesgo de accidentes\u201d.<\/p>\n\n\n\n<p>Fr\u00edas explic\u00f3 que la iniciativa se ampli\u00f3 a distintos sectores de la ciudad mediante operativos m\u00f3viles, se\u00f1alando que \u201cya en el casco c\u00e9ntrico la mayor\u00eda de los vecinos y conductores cumplen con el uso del casco para ingresar, por lo que el control se mantiene regulado con personal de calle\u201d.<\/p>\n\n\n<div class=\"wp-block-image\">\n<figure class=\"aligncenter\"><img decoding=\"async\" src=\"https:\/\/www.sansalvadordejujuy.gob.ar\/wp-content\/uploads\/2026\/02\/sin-casco-no-entras3-1-1024x652.jpg\" alt=\"\" class=\"wp-image-99920\"\/><\/figure><\/div>\n\n\n<p>Asimismo, advirti\u00f3 que, debido a la existencia de aplicaciones y redes de comunicaci\u00f3n que informan sobre controles fijos, se intensificaron los procedimientos m\u00f3viles. \u201cPersonal motorizado de la Direcci\u00f3n de Tr\u00e1nsito, junto con efectivos policiales y el carret\u00f3n municipal, recorren los barrios para verificar el cumplimiento del uso del casco. En caso de infracci\u00f3n, se procede a la demora del veh\u00edculo y su traslado al canch\u00f3n municipal\u201d, detall\u00f3.<\/p>\n\n\n\n<p>Finalmente, el funcionario exhort\u00f3 a los conductores de motocicletas a circular con casco protector y enfatiz\u00f3 que \u201cno se est\u00e1 exigiendo nada fuera de lo com\u00fan, ya que el operativo busca resguardar la integridad f\u00edsica de las personas y prevenir accidentes o riesgos de vida\u201d.<\/p>\n\n\n\n<p><strong>Nota audiovisual:&nbsp;<\/strong><a href=\"https:\/\/youtu.be\/zgB-ujR5SZ4\">https:\/\/youtu.be\/zgB-ujR5SZ4<\/a><\/p>\n","protected":false},"excerpt":{"rendered":"<p>La Direcci\u00f3n de Tr\u00e1nsito y Transporte de la Municipalidad de San Salvador de Jujuy, en conjunto con efectivos de la Polic\u00eda de la Provincia , contin\u00faa llevando adelante operativos m\u00f3viles de control y prevenci\u00f3n vial en distintos barrios de la ciudad, como parte de la campa\u00f1a \u201cSin Casco No Ingres\u00e1s\u201d, lanzada en diciembre del a\u00f1o [&hellip;]<\/p>\n","protected":false},"author":5,"featured_media":438306,"comment_status":"open","ping_status":"open","sticky":false,"template":"","format":"standard","meta":{"_stopmodifiedupdate":false,"_modified_date":"","inline_featured_image":false,"spay_email":"","jetpack_publicize_message":""},"categories":[514],"tags":[],"jetpack_featured_media_url":"https:\/\/notinor.com\/jujuy\/wp-content\/uploads\/2026\/02\/CAMPANA.jpg","jetpack_publicize_connections":[],"_links":{"self":[{"href":"https:\/\/notinor.com\/jujuy\/wp-json\/wp\/v2\/posts\/438305"}],"collection":[{"href":"https:\/\/notinor.com\/jujuy\/wp-json\/wp\/v2\/posts"}],"about":[{"href":"https:\/\/notinor.com\/jujuy\/wp-json\/wp\/v2\/types\/post"}],"author":[{"embeddable":true,"href":"https:\/\/notinor.com\/jujuy\/wp-json\/wp\/v2\/users\/5"}],"replies":[{"embeddable":true,"href":"https:\/\/notinor.com\/jujuy\/wp-json\/wp\/v2\/comments?post=438305"}],"version-history":[{"count":1,"href":"https:\/\/notinor.com\/jujuy\/wp-json\/wp\/v2\/posts\/438305\/revisions"}],"predecessor-version":[{"id":438307,"href":"https:\/\/notinor.com\/jujuy\/wp-json\/wp\/v2\/posts\/438305\/revisions\/438307"}],"wp:featuredmedia":[{"embeddable":true,"href":"https:\/\/notinor.com\/jujuy\/wp-json\/wp\/v2\/media\/438306"}],"wp:attachment":[{"href":"https:\/\/notinor.com\/jujuy\/wp-json\/wp\/v2\/media?parent=438305"}],"wp:term":[{"taxonomy":"category","embeddable":true,"href":"https:\/\/notinor.com\/jujuy\/wp-json\/wp\/v2\/categories?post=438305"},{"taxonomy":"post_tag","embeddable":true,"href":"https:\/\/notinor.com\/jujuy\/wp-json\/wp\/v2\/tags?post=438305"}],"curies":[{"name":"wp","href":"https:\/\/api.w.org\/{rel}","templated":true}]}}