{"id":438285,"date":"2026-02-05T21:46:04","date_gmt":"2026-02-06T00:46:04","guid":{"rendered":"https:\/\/notinor.com\/jujuy\/?p=438285"},"modified":"2026-02-05T21:46:06","modified_gmt":"2026-02-06T00:46:06","slug":"carnaval-2026-los-compadres-disfrutaron-su-dia-en-el-mercado-6-de-agosto","status":"publish","type":"post","link":"https:\/\/notinor.com\/jujuy\/carnaval-2026-los-compadres-disfrutaron-su-dia-en-el-mercado-6-de-agosto\/","title":{"rendered":"Carnaval 2026: los compadres disfrutaron su d\u00eda en el Mercado 6 de Agosto"},"content":{"rendered":"\n<p class=\"has-medium-font-size\"><strong><em>Como en anteriores oportunidades, vecinos de la capital celebraron en el Mercado Municipal \u201c6 de Agosto\u201d el tradicional Jueves de Compadres, evento que abri\u00f3 las celebraciones del carnaval 2026. Durante la convocatoria, promovida por la Municipalidad de San Salvador de Jujuy, los compadres disfrutaron no solo de comidas y bebidas t\u00edpicas, elaboradas por los emprendedores gastron\u00f3micos, sino tambi\u00e9n de la m\u00fasica y el arte que caracteriza a una de las celebraciones m\u00e1s importantes de la regi\u00f3n.<\/em><\/strong><\/p>\n\n\n\n<p><\/p>\n\n\n<div class=\"wp-block-image\">\n<figure class=\"aligncenter size-full\"><img decoding=\"async\" loading=\"lazy\" width=\"800\" height=\"450\" src=\"https:\/\/notinor.com\/jujuy\/wp-content\/uploads\/2026\/02\/jueves-de-compadres-mercado-central.jpg\" alt=\"\" class=\"wp-image-438286\" srcset=\"https:\/\/notinor.com\/jujuy\/wp-content\/uploads\/2026\/02\/jueves-de-compadres-mercado-central.jpg 800w, https:\/\/notinor.com\/jujuy\/wp-content\/uploads\/2026\/02\/jueves-de-compadres-mercado-central-649x365.jpg 649w, https:\/\/notinor.com\/jujuy\/wp-content\/uploads\/2026\/02\/jueves-de-compadres-mercado-central-500x280.jpg 500w, https:\/\/notinor.com\/jujuy\/wp-content\/uploads\/2026\/02\/jueves-de-compadres-mercado-central-768x432.jpg 768w, https:\/\/notinor.com\/jujuy\/wp-content\/uploads\/2026\/02\/jueves-de-compadres-mercado-central-750x422.jpg 750w\" sizes=\"(max-width: 800px) 100vw, 800px\" \/><\/figure><\/div>\n\n\n<p><\/p>\n\n\n\n<p><strong>Desde hora temprana, numerosos compadres, e incluso grupos familiares, se congregaron en el mercado municipal para disfrutar de la propuesta organizada tanto por la administraci\u00f3n como por los emprendedores gastron\u00f3micos que ornamentaron el predio para dar rienda suelta a la alegr\u00eda del carnaval.<\/strong><\/p>\n\n\n\n<p>Atenta al \u00e9xito de la convocatoria, la administradora del mercado, Alba Ortiz, record\u00f3 que, como cada a\u00f1o, \u201cinvitamos a los compadres en su d\u00eda, como as\u00ed tambi\u00e9n a las comadres en su d\u00eda, para que vengan a festejar en este espacio municipal, a nuestro mercado, en compa\u00f1\u00eda de sus amigos, de sus compadres y comadres, para degustar las delicias de nuestros gastron\u00f3micos con los mejores precios\u201d.<\/p>\n\n\n\n<p>Adem\u00e1s de expresar conformidad frente a la gran concurrencia de vecinos, destac\u00f3 la predisposici\u00f3n de los emprendedores que, adem\u00e1s de las comidas y bebidas tradicionales, pusieron a disposici\u00f3n de los compadres todo tipo de productos t\u00edpicos del carnaval, como la serpentina, talco y papel picado<strong>. \u201cLa verdad es que es una maravilla poder tener este espacio, compartir con todos, y ver la actividad de la gente en nuestro querido mercado\u201d,<\/strong> remarc\u00f3.<\/p>\n\n\n\n<p>Asimismo, mencion\u00f3 que durante la celebraci\u00f3n se puso a disposici\u00f3n de los asistentes diferentes combos de comidas y bebidas, a precios accesibles para que todos puedan celebrar el carnaval. Respecto de esto \u00faltimo, dijo, <strong>\u201cla verdad es incre\u00edble la cantidad de propuestas que ha armado cada uno de los gastron\u00f3micos de este mercado, y vemos la alegr\u00eda de la gente, c\u00f3mo se han reunido los grupos, c\u00f3mo se aglutina la gente desde muy temprano para venir a disfruta de nuestro mercado\u201d.<\/strong><\/p>\n\n\n\n<p>Igual importancia le atribuy\u00f3 a la ornamentaci\u00f3n dispuesta en todo el predio que, seg\u00fan sostuvo, es el resultado del esfuerzo de los puesteros que, \u201cle ponen el coraz\u00f3n al mercado para que todos vean y se sientan realmente en su casa\u201d. No dej\u00f3 de destacar el aporte de artistas locales, como la profesora Camila Armella, quien realiz\u00f3 una pintura alusiva al carnaval juje\u00f1o. \u201cEs un trabajo incre\u00edble\u201d, manifest\u00f3 Ortiz.<\/p>\n\n\n\n<p>Dado el \u00e9xito de la celebraci\u00f3n de compadres, la administradora anticip\u00f3 que la propuesta para el Jueves de Comadres es, <strong>\u201cmuy amplia, y la van a ver en todas nuestras redes sociales, para que sobre todas las cosas la gente pueda tener la claridad, no solo de los buenos precios, con entrada gratuita para que todos puedan venir al mercado con la familia completa\u201d.<\/strong><\/p>\n\n\n\n<p>\u201cSiempre agradecemos al se\u00f1or intendente esta posibilidad que nos ha dado con este mercado remozado para poder disfrutarlo a pleno\u201d, expres\u00f3 finalmente.<\/p>\n","protected":false},"excerpt":{"rendered":"<p>Como en anteriores oportunidades, vecinos de la capital celebraron en el Mercado Municipal \u201c6 de Agosto\u201d el tradicional Jueves de Compadres, evento que abri\u00f3 las celebraciones del carnaval 2026. Durante la convocatoria, promovida por la Municipalidad de San Salvador de Jujuy, los compadres disfrutaron no solo de comidas y bebidas t\u00edpicas, elaboradas por los emprendedores [&hellip;]<\/p>\n","protected":false},"author":49,"featured_media":438286,"comment_status":"open","ping_status":"open","sticky":false,"template":"","format":"standard","meta":{"_stopmodifiedupdate":false,"_modified_date":"","inline_featured_image":false,"spay_email":"","jetpack_publicize_message":""},"categories":[2,514],"tags":[],"jetpack_featured_media_url":"https:\/\/notinor.com\/jujuy\/wp-content\/uploads\/2026\/02\/jueves-de-compadres-mercado-central.jpg","jetpack_publicize_connections":[],"_links":{"self":[{"href":"https:\/\/notinor.com\/jujuy\/wp-json\/wp\/v2\/posts\/438285"}],"collection":[{"href":"https:\/\/notinor.com\/jujuy\/wp-json\/wp\/v2\/posts"}],"about":[{"href":"https:\/\/notinor.com\/jujuy\/wp-json\/wp\/v2\/types\/post"}],"author":[{"embeddable":true,"href":"https:\/\/notinor.com\/jujuy\/wp-json\/wp\/v2\/users\/49"}],"replies":[{"embeddable":true,"href":"https:\/\/notinor.com\/jujuy\/wp-json\/wp\/v2\/comments?post=438285"}],"version-history":[{"count":1,"href":"https:\/\/notinor.com\/jujuy\/wp-json\/wp\/v2\/posts\/438285\/revisions"}],"predecessor-version":[{"id":438287,"href":"https:\/\/notinor.com\/jujuy\/wp-json\/wp\/v2\/posts\/438285\/revisions\/438287"}],"wp:featuredmedia":[{"embeddable":true,"href":"https:\/\/notinor.com\/jujuy\/wp-json\/wp\/v2\/media\/438286"}],"wp:attachment":[{"href":"https:\/\/notinor.com\/jujuy\/wp-json\/wp\/v2\/media?parent=438285"}],"wp:term":[{"taxonomy":"category","embeddable":true,"href":"https:\/\/notinor.com\/jujuy\/wp-json\/wp\/v2\/categories?post=438285"},{"taxonomy":"post_tag","embeddable":true,"href":"https:\/\/notinor.com\/jujuy\/wp-json\/wp\/v2\/tags?post=438285"}],"curies":[{"name":"wp","href":"https:\/\/api.w.org\/{rel}","templated":true}]}}