{"id":438243,"date":"2026-02-04T22:05:00","date_gmt":"2026-02-05T01:05:00","guid":{"rendered":"https:\/\/notinor.com\/jujuy\/?p=438243"},"modified":"2026-02-04T10:05:46","modified_gmt":"2026-02-04T10:05:46","slug":"el-9-de-febrero-iniciara-el-reempadronamiento-de-pases-libres-para-el-transporte-urbano-de-pasajeros","status":"publish","type":"post","link":"https:\/\/notinor.com\/jujuy\/el-9-de-febrero-iniciara-el-reempadronamiento-de-pases-libres-para-el-transporte-urbano-de-pasajeros\/","title":{"rendered":"El 9 de febrero iniciar\u00e1 el reempadronamiento de Pases Libres para el transporte urbano de pasajeros"},"content":{"rendered":"\n<p class=\"has-medium-font-size\"><strong><em>La municipalidad de San Salvador de Jujuy, a trav\u00e9s de la secretar\u00eda de Hacienda, informa a los beneficiarios del Pase Libre para el uso del transporte p\u00fablico de pasajeros, encuadrados en la categor\u00eda de Veteranos de Guerra, Adultos Mayores y Personas con Discapacidad, que a partir del 9 de Febrero de 2026, se habilitar\u00e1 el periodo para realizar el tr\u00e1mite de re empadronamiento.<\/em><\/strong><\/p>\n\n\n<div class=\"wp-block-image\">\n<figure class=\"aligncenter\"><img decoding=\"async\" src=\"https:\/\/www.sansalvadordejujuy.gob.ar\/wp-content\/uploads\/2026\/02\/Pase-libre-972x1024.jpeg\" alt=\"\" class=\"wp-image-99891\"\/><\/figure><\/div>\n\n\n<p>Desde la Direcci\u00f3n de Atributos Sociales se precis\u00f3 que el tr\u00e1mite se realizar\u00e1 v\u00eda online, ingresando a la p\u00e1gina web:&nbsp;<a href=\"http:\/\/sansalvadordejujuy.gob.ar\/pases\/\">http:\/\/sansalvadordejujuy.gob.ar\/pases\/<\/a>. As\u00ed mismo, se aclara que dicha p\u00e1gina se encontrar\u00e1 habilitada durante todo el a\u00f1o, para facilitar el acceso a este beneficio.<\/p>\n\n\n\n<p>Desde la repartici\u00f3n municipal se detalla que una vez realizada la inscripci\u00f3n, el beneficio comenzar\u00e1 a aplicarse a partir del 16 de febrero del a\u00f1o en curso.<\/p>\n\n\n\n<p>Para renovar el pase libre los beneficiarios deber\u00e1n presentar:<\/p>\n\n\n\n<p><strong>\u2013 Pase Libre por Discapacidad:<\/strong>&nbsp;<\/p>\n\n\n\n<ul>\n<li>Certificado \u00danico de Discapacidad (CUD)<\/li>\n\n\n\n<li>DNI (\u00faltimo ejemplar)<\/li>\n<\/ul>\n\n\n\n<p><strong>\u2013 &nbsp;Adultos Mayores:<\/strong><\/p>\n\n\n\n<ul>\n<li>Certificado de Negatividad (de ANSES)<\/li>\n\n\n\n<li>DNI (\u00faltimo ejemplar)<\/li>\n\n\n\n<li>Ser mayores de 70 a\u00f1os de edad.<\/li>\n<\/ul>\n\n\n\n<p><strong>\u2013 Veteranos de Guerra:&nbsp;<\/strong>DNI (\u00faltimo ejemplar) &nbsp;<\/p>\n\n\n\n<p>Certificado vigente que acredite la condici\u00f3n de veterano, en caso de no figurar en el DNI.<\/p>\n\n\n\n<p>Se aclara que todos los beneficiarios deber\u00e1n poseer una tarjeta SUBE registrada para finalizar con el tr\u00e1mite y activar el beneficio en las diferentes Terminales Autom\u00e1ticas de Sube (TAS).<\/p>\n\n\n\n<p>Por \u00faltimo, se recuerda a todos los beneficiarios del Pase Libre los lugares y horarios de atenci\u00f3n SUBE:&nbsp;<\/p>\n\n\n\n<ul>\n<li>\u2013 Edificio \u201cRa\u00fal Alfons\u00edn\u201d (Municipio), Av. El \u00c9xodo N\u00b0 215, de lunes a viernes de 8 hs. a 13hs, y de 14 a 20 hs.<\/li>\n\n\n\n<li>\u2013 Direcci\u00f3n General de Rentas, Hip\u00f3lito Irigoyen N\u00ba 1328, de lunes a viernes de 8 hs. a 18 hs.<\/li>\n\n\n\n<li>\u2013 C.P.V. \u201cSanta Ana\u201d en Alto Comedero, Comandante de la Colina esq. Capit\u00e1n Kraus, de lunes a viernes de 8 hs. a 14 hs.<\/li>\n\n\n\n<li>\u2013 Delegaci\u00f3n Municipal de Reyes:&nbsp; Av. Cafrune N\u00ba 1561, Villa Jard\u00edn de Reyes, de lunes a viernes de 8 hs. a 14 hs.<\/li>\n\n\n\n<li>\u2013 C.P.V. del Barrio Chijra: Llamas esq. Manantiales, de lunes a viernes de 8 hs. a 13 hs.<\/li>\n\n\n\n<li>\u2013 C.P.V. del Barrio Malvinas: Av. Mej\u00edas esq. San Lu\u00eds, de lunes a viernes de 8 hs. a 13. Y de 14 hs. a 20 hs.<\/li>\n\n\n\n<li>\u2013 Direcci\u00f3n de Educaci\u00f3n Superior: Tumusla N\u00ba 625 del Barrio Luj\u00e1n, de lunes a viernes de 8 hs. a 18 hs.<\/li>\n<\/ul>\n","protected":false},"excerpt":{"rendered":"<p>La municipalidad de San Salvador de Jujuy, a trav\u00e9s de la secretar\u00eda de Hacienda, informa a los beneficiarios del Pase Libre para el uso del transporte p\u00fablico de pasajeros, encuadrados en la categor\u00eda de Veteranos de Guerra, Adultos Mayores y Personas con Discapacidad, que a partir del 9 de Febrero de 2026, se habilitar\u00e1 el [&hellip;]<\/p>\n","protected":false},"author":5,"featured_media":438244,"comment_status":"open","ping_status":"open","sticky":false,"template":"","format":"standard","meta":{"_stopmodifiedupdate":false,"_modified_date":"","inline_featured_image":false,"spay_email":"","jetpack_publicize_message":""},"categories":[514],"tags":[],"jetpack_featured_media_url":"https:\/\/notinor.com\/jujuy\/wp-content\/uploads\/2026\/02\/PASE-LIBRE.jpg","jetpack_publicize_connections":[],"_links":{"self":[{"href":"https:\/\/notinor.com\/jujuy\/wp-json\/wp\/v2\/posts\/438243"}],"collection":[{"href":"https:\/\/notinor.com\/jujuy\/wp-json\/wp\/v2\/posts"}],"about":[{"href":"https:\/\/notinor.com\/jujuy\/wp-json\/wp\/v2\/types\/post"}],"author":[{"embeddable":true,"href":"https:\/\/notinor.com\/jujuy\/wp-json\/wp\/v2\/users\/5"}],"replies":[{"embeddable":true,"href":"https:\/\/notinor.com\/jujuy\/wp-json\/wp\/v2\/comments?post=438243"}],"version-history":[{"count":1,"href":"https:\/\/notinor.com\/jujuy\/wp-json\/wp\/v2\/posts\/438243\/revisions"}],"predecessor-version":[{"id":438245,"href":"https:\/\/notinor.com\/jujuy\/wp-json\/wp\/v2\/posts\/438243\/revisions\/438245"}],"wp:featuredmedia":[{"embeddable":true,"href":"https:\/\/notinor.com\/jujuy\/wp-json\/wp\/v2\/media\/438244"}],"wp:attachment":[{"href":"https:\/\/notinor.com\/jujuy\/wp-json\/wp\/v2\/media?parent=438243"}],"wp:term":[{"taxonomy":"category","embeddable":true,"href":"https:\/\/notinor.com\/jujuy\/wp-json\/wp\/v2\/categories?post=438243"},{"taxonomy":"post_tag","embeddable":true,"href":"https:\/\/notinor.com\/jujuy\/wp-json\/wp\/v2\/tags?post=438243"}],"curies":[{"name":"wp","href":"https:\/\/api.w.org\/{rel}","templated":true}]}}