{"id":438158,"date":"2026-02-03T13:04:12","date_gmt":"2026-02-03T16:04:12","guid":{"rendered":"https:\/\/notinor.com\/jujuy\/?p=438158"},"modified":"2026-02-03T13:04:14","modified_gmt":"2026-02-03T16:04:14","slug":"el-nuevo-riesgo-que-asumen-milei-y-caputo-con-los-cambios-del-indec-y-la-medicion-de-inflacion","status":"publish","type":"post","link":"https:\/\/notinor.com\/jujuy\/el-nuevo-riesgo-que-asumen-milei-y-caputo-con-los-cambios-del-indec-y-la-medicion-de-inflacion\/","title":{"rendered":"El nuevo riesgo que asumen Milei y Caputo con los cambios del INDEC y la medici\u00f3n de inflaci\u00f3n"},"content":{"rendered":"\n<p class=\"has-medium-font-size\"><strong><em>La salida de Lavagna expuso un temor del Gobierno a cambiar ahora la forma de medir el IPC. Los motivos t\u00e9cnicos y el riesgo de un costo pol\u00edtico futuro<\/em><\/strong><\/p>\n\n\n<div class=\"wp-block-image\">\n<figure class=\"aligncenter size-large\"><img decoding=\"async\" loading=\"lazy\" width=\"814\" height=\"480\" src=\"https:\/\/notinor.com\/jujuy\/wp-content\/uploads\/2024\/08\/CAPUTTO-1-814x480.jpg\" alt=\"\" class=\"wp-image-414637\" srcset=\"https:\/\/notinor.com\/jujuy\/wp-content\/uploads\/2024\/08\/CAPUTTO-1-814x480.jpg 814w, https:\/\/notinor.com\/jujuy\/wp-content\/uploads\/2024\/08\/CAPUTTO-1-619x365.jpg 619w, https:\/\/notinor.com\/jujuy\/wp-content\/uploads\/2024\/08\/CAPUTTO-1-768x453.jpg 768w, https:\/\/notinor.com\/jujuy\/wp-content\/uploads\/2024\/08\/CAPUTTO-1-750x442.jpg 750w, https:\/\/notinor.com\/jujuy\/wp-content\/uploads\/2024\/08\/CAPUTTO-1.jpg 838w\" sizes=\"(max-width: 814px) 100vw, 814px\" \/><\/figure><\/div>\n\n\n<p>El presidente<strong>\u00a0Javier Milei\u00a0<\/strong>y el ministro de Econom\u00eda,<strong>\u00a0Luis Caputo<\/strong>, optaron por <strong>dejar ir a Marco Lavagna del INDEC y mantener sin cambios la medici\u00f3n de \u00cdndice de Precios al Consumidor (IPC)<\/strong>\u00a0para evitar el riesgo de que la inflaci\u00f3n diera m\u00e1s alta dentro de pocos meses, pero con ello asumieron otro: el de una\u00a0<strong>posible p\u00e9rdida de credibilidad pol\u00edtica\u00a0<\/strong>que derive en nuevos\u00a0<strong>embates de la oposici\u00f3n y cuestionamientos de economistas<\/strong>.<\/p>\n\n\n\n<p>Lavagna ten\u00eda todo listo para poner en marcha la nueva ponderaci\u00f3n de productos y servicios para medir el IPC a partir de enero. Hasta ahora&nbsp;<strong>se usa una de 2008<\/strong>, en la que se incluyen -por ejemplo- la telefon\u00eda fija, que ya no tiene peso en la canasta de los hogares, y no los servicios de straming. La idea era&nbsp;<strong>actualizarla con Encuesta Nacional de Gastos de los Hogares (ENGHo) 2017-2018<\/strong>.<\/p>\n\n\n\n<p>Milei y Caputo frenaron ese cambio. El propio ministro de Econom\u00eda reconoci\u00f3 que ese fue el motivo de la renuncia de Lavagna -que ser\u00e1 reemplazado por Pedro Lines- y se\u00f1al\u00f3 que la metodolog\u00eda para <strong>medir la inflaci\u00f3n se mantendr\u00e1 sin cambios <\/strong>\"hasta que el proceso de desinflaci\u00f3n est\u00e9 consolidado\".<\/p>\n\n\n\n<p>Cambio en el INDEC: \u00bfcu\u00e1l es el riesgo pol\u00edtico que asumen Javier Milei y Luis Caputo?<\/p>\n\n\n\n<p>Sin embargo, en la explicaci\u00f3n de Caputo anida el nuevo riesgo que asume el Gobierno con esta decisi\u00f3n porque,&nbsp;por un lado, admite que la inflaci\u00f3n todav\u00eda no est\u00e1 domada a pesar de haber terminado con la emisi\u00f3n monetaria (que seg\u00fan la explicaci\u00f3n oficial es su causa principal). Por el otro, porque sugiere cierta inclinaci\u00f3n a medir ese indicador m\u00e1s de acuerdo con una conveniencia pol\u00edtica que con los consumos efectivos de los hogares y su peso en la canasta.<\/p>\n\n\n\n<p>El freno a la ponderaci\u00f3n m\u00e1s actualizada&nbsp;<strong>no implica de ninguna manera una \"manipulaci\u00f3n\" del \u00edndice. Es una cuesti\u00f3n t\u00e9cnica<\/strong>, como bien saben los profesionales que se desempe\u00f1an en el INDEC. Pero en los corrillos opositores de la pol\u00edtica algunos ya se ven tentados a empezar a poner el dedo en esa llaga.<\/p>\n\n\n\n<p><strong>\"No es \u2018morenismo\u2019, pero la l\u00ednea es muy fina\", apunt\u00f3 con malicia un diputado opositor<\/strong>&nbsp;a&nbsp;<strong>iProfesional<\/strong>. Durante el gobierno de Cristina Kirchner, la intervenci\u00f3n del exsecretario de Comercio Guillermo Moreno en el INDEC le quit\u00f3 credibilidad con los a\u00f1os al dato oficial de inflaci\u00f3n, a tal punto que el sector privado se guiaba por el \"IPC Congreso\", una medici\u00f3n de las consultoras que difund\u00edan por ese entonces el PRO y la UCR, con Patricia Bullrich a la cabeza.<\/p>\n\n\n\n<p>La situaci\u00f3n hoy es muy distinta, pero al haber quedado expuestas las diferencias de Milei y Caputo con Lavagna por la forma de medir la inflaci\u00f3n, explicaci\u00f3n del ministro mediante, tambi\u00e9n qued\u00f3 latente el riesgo de que la oposici\u00f3n y los \"econochantas\" -como suele llamar el Presidente a los economistas que cuestionan su programa- le se\u00f1alen empiecen a decir que el IPC no refleja fielmente el impacto de los precios en el bolsillo.<\/p>\n\n\n\n<p><strong>La pol\u00e9mica por el IPC: los motivos t\u00e9cnicos detr\u00e1s del freno al nuevo \u00edndice<\/strong><\/p>\n\n\n\n<p>Seg\u00fan supo&nbsp;<strong>iProfesional<\/strong>, algunas de las m\u00e1s conocidas&nbsp;consultoras privadas no registraban una diferencia sustancial en el \u00edndice de inflaci\u00f3n de enero -que se dar\u00e1 a conocer el 10 de febrero- con la nueva ponderaci\u00f3n de los productos de la canasta, pero s\u00ed ve\u00edan un n\u00famero mayor para febrero y marzo, no solo por ser hist\u00f3ricamente meses de inflaci\u00f3n m\u00e1s alta sino principalmente por el impacto de los servicios regulados.<\/p>\n\n\n\n<p>Ocurre que con la nueva forma que iba a instrumentar Lavagna y que Caputo prefiri\u00f3 no aplicar por ahora, iba a<strong>&nbsp;bajar la ponderaci\u00f3n de alimentos<\/strong>&nbsp;y algunos bienes e iba a&nbsp;<strong>subir la de los servicios de gas, luz y agua,<\/strong>&nbsp;donde ahora&nbsp;<strong>se termina el esquema de subsidios segmentados<\/strong>&nbsp;en N1, N2 y N3 y se reduce a solo dos grupos: subsidiados o no subsidiados.<\/p>\n\n\n\n<p>Se estima que esto generar\u00e1 aumentos de tarifas m\u00e1s fuertes a partir de febrero, por lo que exist\u00eda la posibilidad de que la inflaci\u00f3n diera m\u00e1s alta a partir de la nueva ponderaci\u00f3n de esos precios en la canasta de consumo de los hogares. En ese sentido, cuando Caputo dice que hay que esperar a que est\u00e9 \"consolidado el proceso de desinflaci\u00f3n\" podr\u00eda interpretarse que en realidad quiere esperar a que se asienten los nuevos precios de los servicios.<\/p>\n\n\n\n<p>Por otro lado, hay\u00a0otras variables muy sensibles para el Gobierno que est\u00e1n <strong>atadas a la evoluci\u00f3n de la inflaci\u00f3n, entre ellas el esquema de bandas para el precio del d\u00f3lar<\/strong>\u00a0oficial. Una eventual suba del IPC implicar\u00eda un corrimiento para el techo de la divisa, lo que a su vez podr\u00eda empujar al \"blue\" y terminar con la calma cambiaria que consiguieron en estos meses Milei y Caputo.<\/p>\n\n\n\n<p>Asimismo, las&nbsp;<strong>jubilaciones&nbsp;<\/strong>tambi\u00e9n est\u00e1n atadas a la inflaci\u00f3n. En febrero, los haberes subir\u00e1n un 2,8% porque fue la variaci\u00f3n del IPC de diciembre. Si la medici\u00f3n de febrero mostrara una suba, en mayo el Estado deber\u00eda aumentar tambi\u00e9n m\u00e1s a los jubilados y los n\u00fameros que hace el Gobierno empezar\u00edan a desdibujarse.<\/p>\n\n\n\n<p><strong>La explicaci\u00f3n de Luis Caputo: \"No hay necesidad de cambiar el \u00edndice ahora\"<\/strong><\/p>\n\n\n\n<p>A pesar de que ya se hab\u00eda anunciado el nuevo \u00edndice, tras la renuncia de Marco Lavagna -que estaba en el organismo desde la gesti\u00f3n de Sergio Massa- Caputo confirm\u00f3 que finalmente la metodolog\u00eda para medir la inflaci\u00f3n se mantendr\u00e1 sin cambios respecto de 2025<strong>&nbsp;\"hasta que el proceso de desinflaci\u00f3n est\u00e9 consolidado\".<\/strong><\/p>\n\n\n\n<p>\"Marco estaba trabajando en la nueva metodolog\u00eda y ten\u00eda como fecha implementarlo ahora. Con el Presidente siempre pensamos que hab\u00eda que cambiarlo una vez que el proceso de desinflaci\u00f3n estuviera consolidado\", apunt\u00f3 el ministro de Econom\u00eda sobre la renuncia de Lavagna en declaraciones radiales.<\/p>\n\n\n\n<p>En ese contexto, Caputo se\u00f1al\u00f3 que cuando se comenz\u00f3 a analizar la actualizaci\u00f3n de la manera de medir la inflaci\u00f3n, el IPC descend\u00eda a un ritmo que pod\u00eda hacer prever que el proceso iba a estar consolidado para este a\u00f1o. \"En mayo, cuando est\u00e1bamos en 1,5%, pod\u00edamos pensar que para enero \u00edbamos a estar mejor. Pero el ataque pol\u00edtico tuvo implicancias en el riesgo pa\u00eds y la inflaci\u00f3n\", afirm\u00f3.<\/p>\n\n\n\n<p>\"La visi\u00f3n nuestra es que&nbsp;no hay necesidad de cambiar el \u00edndice ahora. De hecho da pr\u00e1cticamente igual, el a\u00f1o pasado daba pr\u00e1cticamente lo mismo. Enero daba un poco m\u00e1s abajo el \u00edndice nuevo\", agreg\u00f3 el ministro al justificar la medida.&nbsp;Caputo no dio precisiones sobre cu\u00e1ndo se pondr\u00e1 en marcha la nueva ponderaci\u00f3n.<\/p>\n\n\n\n<p>Con esta decisi\u00f3n,&nbsp;<strong>Javier Milei<\/strong>&nbsp;y&nbsp;<strong>Luis Caputo<\/strong>&nbsp;se desprendieron de un funcionario que nunca sintieron enteramente propio y a la vez se previnieron ante la posibilidad de un \u00edndice de&nbsp;<strong>inflaci\u00f3n<\/strong>&nbsp;que diera algo m\u00e1s alto despu\u00e9s de enero y eso tuviera consecuencias que, por ahora, prefieren evitar, pero la jugada no est\u00e1 exenta de riesgos pol\u00edticos.<\/p>\n","protected":false},"excerpt":{"rendered":"<p>La salida de Lavagna expuso un temor del Gobierno a cambiar ahora la forma de medir el IPC. Los motivos t\u00e9cnicos y el riesgo de un costo pol\u00edtico futuro El presidente\u00a0Javier Milei\u00a0y el ministro de Econom\u00eda,\u00a0Luis Caputo, optaron por dejar ir a Marco Lavagna del INDEC y mantener sin cambios la medici\u00f3n de \u00cdndice de [&hellip;]<\/p>\n","protected":false},"author":5,"featured_media":414637,"comment_status":"open","ping_status":"open","sticky":false,"template":"","format":"standard","meta":{"_stopmodifiedupdate":false,"_modified_date":"","inline_featured_image":false,"spay_email":"","jetpack_publicize_message":""},"categories":[676],"tags":[],"jetpack_featured_media_url":"https:\/\/notinor.com\/jujuy\/wp-content\/uploads\/2024\/08\/CAPUTTO-1.jpg","jetpack_publicize_connections":[],"_links":{"self":[{"href":"https:\/\/notinor.com\/jujuy\/wp-json\/wp\/v2\/posts\/438158"}],"collection":[{"href":"https:\/\/notinor.com\/jujuy\/wp-json\/wp\/v2\/posts"}],"about":[{"href":"https:\/\/notinor.com\/jujuy\/wp-json\/wp\/v2\/types\/post"}],"author":[{"embeddable":true,"href":"https:\/\/notinor.com\/jujuy\/wp-json\/wp\/v2\/users\/5"}],"replies":[{"embeddable":true,"href":"https:\/\/notinor.com\/jujuy\/wp-json\/wp\/v2\/comments?post=438158"}],"version-history":[{"count":1,"href":"https:\/\/notinor.com\/jujuy\/wp-json\/wp\/v2\/posts\/438158\/revisions"}],"predecessor-version":[{"id":438159,"href":"https:\/\/notinor.com\/jujuy\/wp-json\/wp\/v2\/posts\/438158\/revisions\/438159"}],"wp:featuredmedia":[{"embeddable":true,"href":"https:\/\/notinor.com\/jujuy\/wp-json\/wp\/v2\/media\/414637"}],"wp:attachment":[{"href":"https:\/\/notinor.com\/jujuy\/wp-json\/wp\/v2\/media?parent=438158"}],"wp:term":[{"taxonomy":"category","embeddable":true,"href":"https:\/\/notinor.com\/jujuy\/wp-json\/wp\/v2\/categories?post=438158"},{"taxonomy":"post_tag","embeddable":true,"href":"https:\/\/notinor.com\/jujuy\/wp-json\/wp\/v2\/tags?post=438158"}],"curies":[{"name":"wp","href":"https:\/\/api.w.org\/{rel}","templated":true}]}}