{"id":438155,"date":"2026-02-03T12:38:27","date_gmt":"2026-02-03T15:38:27","guid":{"rendered":"https:\/\/notinor.com\/jujuy\/?p=438155"},"modified":"2026-02-03T12:38:30","modified_gmt":"2026-02-03T15:38:30","slug":"cazas-f-16-fuerza-aerea-recibio-un-nuevo-paquete-de-armamento-y-se-sabe-cuando-los-aviones-volveran-a-volar","status":"publish","type":"post","link":"https:\/\/notinor.com\/jujuy\/cazas-f-16-fuerza-aerea-recibio-un-nuevo-paquete-de-armamento-y-se-sabe-cuando-los-aviones-volveran-a-volar\/","title":{"rendered":"Cazas F-16: Fuerza A\u00e9rea recibi\u00f3 un nuevo paquete de armamento y se sabe cu\u00e1ndo los aviones volver\u00e1n a volar"},"content":{"rendered":"\n<p class=\"has-medium-font-size\"><strong><em>El Gobierno sigue adquiriendo tecnolog\u00eda para garantizar la operaci\u00f3n del sistema de armas. Para cu\u00e1ndo est\u00e1 previsto que lleguen m\u00e1s aviones<\/em><\/strong>.<\/p>\n\n\n<div class=\"wp-block-image\">\n<figure class=\"aligncenter\"><img decoding=\"async\" src=\"https:\/\/resizer.iproimg.com\/unsafe\/768x\/filters:format(webp):quality(75):max_bytes(102400)\/https:\/\/assets.iprofesional.com\/assets\/jpg\/2024\/04\/571643.jpg\" alt=\"Cazas F-16: Fuerza A\u00e9rea recibi\u00f3 m\u00e1s equipo y se sabe cu\u00e1ndo los aviones volver\u00e1n a volar\"\/><\/figure><\/div>\n\n\n<p>Tras el arribo, en diciembre de 2025, de los primeros aviones del <strong>sistema de armas F-16<\/strong>, el Gobierno no ha quitado el pie del acelerador y sigue incorporando tecnolog\u00eda para los 6 cazas que aterrizaron en la Argentina. En esa l\u00ednea,\u00a0<strong>la Fuerza A\u00e9rea confirm\u00f3 que acaba de recibir 50 contenedores con armamento, repuestos, componentes y herramientas<\/strong>\u00a0para garantizar el perfecto funcionamiento de las aeronaves de combate. Mientras tanto, los F-16 reposan en los hangares del \u00c1rea Material de R\u00edo Cuarto, en la provincia de C\u00f3rdoba. Si bien la flotilla no ha vuelto a operar desde que arrib\u00f3 al pa\u00eds,\u00a0<strong>est\u00e1 previsto que a fines de este mes y la primera parte de marzo ocurran vuelos<\/strong>. Dicha actividad tendr\u00e1 lugar en el marco del programa de entrenamiento y adaptaci\u00f3n al sistema de armas que promueve la Fuerza A\u00e9rea.<\/p>\n\n\n\n<p>\"Durante estos d\u00edas se recibieron contenedores con una parte sustancial del soporte log\u00edstico necesario para el inicio de las operaciones\", indic\u00f3 la Fuerza A\u00e9rea, a trav\u00e9s de su espacio en la red social X.<\/p>\n\n\n\n<p>\"En paralelo, los pilotos de la Instituci\u00f3n&nbsp;<strong>contin\u00faan desarrollando actividades de simulador y entrenamiento en tierra<\/strong>, como parte del proceso de preparaci\u00f3n previsto para dar comienzo a las actividades de vuelo pr\u00f3ximamente\", a\u00f1adi\u00f3.<\/p>\n\n\n\n<p>De acuerdo a plataformas especializadas como Zona Militar y medios cordobeses, los F-16 apostados en R\u00edo Cuarto volver\u00e1n a volar a fines de febrero y tambi\u00e9n tendr\u00e1n actividad durante la primera mitad de marzo.<\/p>\n\n\n\n<p>\"Al principio, se hab\u00eda hablado de que los vuelos iban a comenzar durante enero, pero a ra\u00edz de algunas demoras este proceso se posterg\u00f3\", se\u00f1alaron fuentes de esa provincia. Se agreg\u00f3 que los cazas \"permanecen en proceso de alistamiento t\u00e9cnico y adecuaci\u00f3n de sistemas, mientras avanzan los programas de formaci\u00f3n de personal t\u00e9cnico y pilotos\".<\/p>\n\n\n\n<p>Los aviones en cuesti\u00f3n incorporan el sistema ILIAS, el cual de manera digital integra \"inventarios, trazabilidad de componentes y mantenimiento de flota en un \u00fanico entorno\". Dicha arquitectura representa un salto tecnol\u00f3gico&nbsp;<strong>al que los militares argentinos a\u00fan deben adaptarse<\/strong>.<\/p>\n\n\n\n<p><strong>Cazas F-16: cu\u00e1ndo llegar\u00e1n m\u00e1s aviones de combate<\/strong><\/p>\n\n\n\n<p>En paralelo, y a trav\u00e9s de la Oficina del Agregado Aeron\u00e1utico de la Embajada de la Rep\u00fablica Argentina en los EE.UU., la Fuerza A\u00e9rea abri\u00f3 una licitaci\u00f3n para la&nbsp;<strong>compra de neum\u00e1ticos del tren de aterrizaje principal y de nariz de las aeronaves<\/strong>&nbsp;recientemente incorporadas.<\/p>\n\n\n\n<p>\"El objetivo es asegurar la disponibilidad de componentes cr\u00edticos para las futuras operaciones de los cazas asignados al Grupo 6 de Caza, con asiento temporal en el \u00c1rea de Material R\u00edo Cuarto (ARMACUAR)\", se indic\u00f3.<\/p>\n\n\n\n<p>Por otra parte, el aparato militar argentino mantiene un di\u00e1logo fluido con Dinamarca para terminar de diagramar el arribo de la segunda tanda de <strong>F-16 <\/strong>adquiridos a esa naci\u00f3n europea. Hasta el momento,\u00a0<strong>se mantiene la idea de que otros 6 cazas lleguen a la Argentina reci\u00e9n en diciembre de este a\u00f1o<\/strong>.<\/p>\n\n\n\n<p>Como expuso\u00a0<strong>iProfesional\u00a0<\/strong>hace varias semanas, se prev\u00e9 que <strong>personal militar de Estados Unidos y Dinamarca <\/strong>muestre presencia en el pa\u00eds hasta tanto concluya el entrenamiento de los aviadores nacionales.<\/p>\n\n\n\n<p>En torno a la cartera de Defensa se afirma que el entrenamiento de los pilotos argentinos demorar\u00e1 gran parte de 2026.<\/p>\n\n\n\n<p>La flotilla con base en C\u00f3rdoba est\u00e1 integrada por&nbsp;<strong>dos monoplaza F-16AM y cuatro biplaza F-16BM<\/strong>. La compra total a Dinamarca fue por 24 aeronaves de guerra por un monto del orden de los 300 millones de d\u00f3lares.<\/p>\n\n\n\n<p><strong>Compra de helic\u00f3pteros, el pr\u00f3ximo objetivo<\/strong><\/p>\n\n\n\n<p>Tras la incorporaci\u00f3n de los cazas F-16, La Libertad Avanza (LLA) se traz\u00f3 m\u00e1s objetivos: reactivar\u00e1 las negociaciones con la naci\u00f3n norteamericana para hacerse con <strong>helic\u00f3pteros UH-60 Black Hawk<\/strong> y, en paralelo, avanzar\u00e1 con<strong>\u00a0la incorporaci\u00f3n de unidades AW109 italianas<\/strong>.<\/p>\n\n\n\n<p>Para el primer objetivo se plantea reabrir la negociaci\u00f3n con Estados Unidos, que qued\u00f3 en la nada a mediados del a\u00f1o pasado por cuestiones presupuestarias. Para el segundo, en cambio, se acord\u00f3 financiamiento del Credit Agricole, un banco de cr\u00e9dito agr\u00edcola franc\u00e9s, que cubrir\u00e1 una operaci\u00f3n valuada en algo m\u00e1s de 70 millones de euros.<\/p>\n\n\n\n<p>La intenci\u00f3n respecto de los Black Hawk<strong>&nbsp;es establecer un reemplazo para los helic\u00f3pteros Bell UH-1H y Huey II<\/strong>. La compra inicial ser\u00eda de 3 aeronaves, pero con la perspectiva de luego incrementar ese n\u00famero a 10. A la par, la intenci\u00f3n oficial es hacerse con 4 helic\u00f3pteros livianos AW109, que ser\u00e1n destinados a la Armada.<\/p>\n","protected":false},"excerpt":{"rendered":"<p>El Gobierno sigue adquiriendo tecnolog\u00eda para garantizar la operaci\u00f3n del sistema de armas. Para cu\u00e1ndo est\u00e1 previsto que lleguen m\u00e1s aviones. Tras el arribo, en diciembre de 2025, de los primeros aviones del sistema de armas F-16, el Gobierno no ha quitado el pie del acelerador y sigue incorporando tecnolog\u00eda para los 6 cazas que [&hellip;]<\/p>\n","protected":false},"author":5,"featured_media":438156,"comment_status":"open","ping_status":"open","sticky":false,"template":"","format":"standard","meta":{"_stopmodifiedupdate":false,"_modified_date":"","inline_featured_image":false,"spay_email":"","jetpack_publicize_message":""},"categories":[5],"tags":[],"jetpack_featured_media_url":"https:\/\/notinor.com\/jujuy\/wp-content\/uploads\/2026\/02\/CAZA.jpg","jetpack_publicize_connections":[],"_links":{"self":[{"href":"https:\/\/notinor.com\/jujuy\/wp-json\/wp\/v2\/posts\/438155"}],"collection":[{"href":"https:\/\/notinor.com\/jujuy\/wp-json\/wp\/v2\/posts"}],"about":[{"href":"https:\/\/notinor.com\/jujuy\/wp-json\/wp\/v2\/types\/post"}],"author":[{"embeddable":true,"href":"https:\/\/notinor.com\/jujuy\/wp-json\/wp\/v2\/users\/5"}],"replies":[{"embeddable":true,"href":"https:\/\/notinor.com\/jujuy\/wp-json\/wp\/v2\/comments?post=438155"}],"version-history":[{"count":1,"href":"https:\/\/notinor.com\/jujuy\/wp-json\/wp\/v2\/posts\/438155\/revisions"}],"predecessor-version":[{"id":438157,"href":"https:\/\/notinor.com\/jujuy\/wp-json\/wp\/v2\/posts\/438155\/revisions\/438157"}],"wp:featuredmedia":[{"embeddable":true,"href":"https:\/\/notinor.com\/jujuy\/wp-json\/wp\/v2\/media\/438156"}],"wp:attachment":[{"href":"https:\/\/notinor.com\/jujuy\/wp-json\/wp\/v2\/media?parent=438155"}],"wp:term":[{"taxonomy":"category","embeddable":true,"href":"https:\/\/notinor.com\/jujuy\/wp-json\/wp\/v2\/categories?post=438155"},{"taxonomy":"post_tag","embeddable":true,"href":"https:\/\/notinor.com\/jujuy\/wp-json\/wp\/v2\/tags?post=438155"}],"curies":[{"name":"wp","href":"https:\/\/api.w.org\/{rel}","templated":true}]}}