{"id":438146,"date":"2026-02-03T11:23:29","date_gmt":"2026-02-03T14:23:29","guid":{"rendered":"https:\/\/notinor.com\/jujuy\/?p=438146"},"modified":"2026-02-03T11:23:31","modified_gmt":"2026-02-03T14:23:31","slug":"se-realizo-la-primera-mesa-tecnica-del-ano-con-gremios-docentes","status":"publish","type":"post","link":"https:\/\/notinor.com\/jujuy\/se-realizo-la-primera-mesa-tecnica-del-ano-con-gremios-docentes\/","title":{"rendered":"Se realiz\u00f3 la primera Mesa T\u00e9cnica del a\u00f1o con gremios docentes"},"content":{"rendered":"\n<p class=\"has-medium-font-size\"><strong><em>El encuentro se constituy\u00f3 como un espacio de di\u00e1logo institucional destinado a fortalecer el trabajo conjunto.<\/em><\/strong><a href=\"https:\/\/media.prensa.jujuy.gob.ar\/p\/65b45da02d075d51f58a9ceb6831e44c\/adjuntos\/301\/imagenes\/000\/422\/0000422746\/1200x0\/smart\/se-realizo-la-primera-mesa-tecnica-del-ano-gremios-docentes.jpeg\"><\/a><\/p>\n\n\n<div class=\"wp-block-image\">\n<figure class=\"aligncenter size-full is-resized\"><img decoding=\"async\" loading=\"lazy\" src=\"https:\/\/notinor.com\/jujuy\/wp-content\/uploads\/2026\/02\/MESA1.jpg\" alt=\"\" class=\"wp-image-438148\" width=\"682\" height=\"496\" srcset=\"https:\/\/notinor.com\/jujuy\/wp-content\/uploads\/2026\/02\/MESA1.jpg 638w, https:\/\/notinor.com\/jujuy\/wp-content\/uploads\/2026\/02\/MESA1-502x365.jpg 502w, https:\/\/notinor.com\/jujuy\/wp-content\/uploads\/2026\/02\/MESA1-120x86.jpg 120w\" sizes=\"(max-width: 682px) 100vw, 682px\" \/><\/figure><\/div>\n\n\n<p>La ministra de Educaci\u00f3n, <strong>Daniela Teseira<\/strong>, encabez\u00f3 la primera Mesa T\u00e9cnica del a\u00f1o 2026 con gremios docentes, realizada el lunes 2 de febrero en la sede del Complejo Ministerial. El encuentro se constituy\u00f3 como un espacio de di\u00e1logo institucional destinado a fortalecer el trabajo conjunto y abordar de manera integral diversas dimensiones vinculadas a la labor docente.<\/p>\n\n\n<div class=\"wp-block-image\">\n<figure class=\"aligncenter size-full\"><img decoding=\"async\" loading=\"lazy\" width=\"644\" height=\"459\" src=\"https:\/\/notinor.com\/jujuy\/wp-content\/uploads\/2026\/02\/MESA2.jpg\" alt=\"\" class=\"wp-image-438149\" srcset=\"https:\/\/notinor.com\/jujuy\/wp-content\/uploads\/2026\/02\/MESA2.jpg 644w, https:\/\/notinor.com\/jujuy\/wp-content\/uploads\/2026\/02\/MESA2-512x365.jpg 512w, https:\/\/notinor.com\/jujuy\/wp-content\/uploads\/2026\/02\/MESA2-120x86.jpg 120w, https:\/\/notinor.com\/jujuy\/wp-content\/uploads\/2026\/02\/MESA2-350x250.jpg 350w\" sizes=\"(max-width: 644px) 100vw, 644px\" \/><\/figure><\/div>\n\n\n<p>Participaron representantes de los gremios CEDEMS, UDA, AMET, ASDEA y la Junta Provisoria de ADEP, con el objetivo de avanzar en la construcci\u00f3n de acuerdos que permitan mejorar las condiciones laborales, fortalecer las pr\u00e1cticas pedag\u00f3gicas y optimizar el acceso a instancias de desarrollo profesional y progresi\u00f3n en la carrera docente.<\/p>\n\n\n\n<p>Asimismo, estuvieron presentes funcionarios del Ministerio de Hacienda y de la cartera educativa, entre ellos la secretaria de Gesti\u00f3n Educativa, Carolina Requelme; el secretario de Infraestructura Educativa, Mat\u00edas Torcivia; integrantes de la Junta Provincial de Calificaci\u00f3n Docente y de la Comisi\u00f3n de Estudio de T\u00edtulos, directoras de los distintos niveles educativos y representantes de la Direcci\u00f3n Provincial de Administraci\u00f3n. La participaci\u00f3n de estos actores permiti\u00f3 generar un espacio de escucha amplia y un abordaje articulado de las principales demandas y necesidades del colectivo docente.<\/p>\n\n\n<div class=\"wp-block-image\">\n<figure class=\"aligncenter size-large\"><img decoding=\"async\" loading=\"lazy\" width=\"840\" height=\"198\" src=\"https:\/\/notinor.com\/jujuy\/wp-content\/uploads\/2026\/02\/MESA3-840x198.jpg\" alt=\"\" class=\"wp-image-438150\" srcset=\"https:\/\/notinor.com\/jujuy\/wp-content\/uploads\/2026\/02\/MESA3-840x198.jpg 840w, https:\/\/notinor.com\/jujuy\/wp-content\/uploads\/2026\/02\/MESA3-660x155.jpg 660w, https:\/\/notinor.com\/jujuy\/wp-content\/uploads\/2026\/02\/MESA3-768x181.jpg 768w, https:\/\/notinor.com\/jujuy\/wp-content\/uploads\/2026\/02\/MESA3-750x177.jpg 750w, https:\/\/notinor.com\/jujuy\/wp-content\/uploads\/2026\/02\/MESA3.jpg 900w\" sizes=\"(max-width: 840px) 100vw, 840px\" \/><\/figure><\/div>\n\n\n<p><strong>Mesa t\u00e9cnica con gremios docentes en Jujuy<\/strong><\/p>\n\n\n\n<p>Durante la reuni\u00f3n, la ministra Teseira comparti\u00f3 los ejes prioritarios de la gesti\u00f3n educativa para el presente a\u00f1o, destacando la importancia de fortalecer el trabajo interministerial. En ese marco, inform\u00f3 que ven\u00eda de mantener una nueva reuni\u00f3n con el \u00e1rea de Transporte, con el objetivo de avanzar en la mejora de las unidades destinadas al traslado de docentes y estudiantes, entendiendo que el acceso y la permanencia en el sistema educativo tambi\u00e9n se ven condicionados por estas variables.&nbsp;<\/p>\n\n\n\n<p>Entre las l\u00edneas prioritarias, la ministra destac\u00f3 el fortalecimiento de la educaci\u00f3n inclusiva y la educaci\u00f3n del car\u00e1cter \u2014entendida como el desarrollo de valores, la convivencia, el respeto, la responsabilidad y la construcci\u00f3n de v\u00ednculos saludables\u2014, remarcando la necesidad de reforzar las habilidades socioemocionales frente a las complejas situaciones que atraviesan actualmente muchos estudiantes.&nbsp;<\/p>\n\n\n\n<p>Asimismo, manifest\u00f3 su preocupaci\u00f3n por la situaci\u00f3n de los m\u00e1s de 578 docentes que actualmente se encuentran en disponibilidad, planteando como una de las estrategias centrales su reubicaci\u00f3n progresiva en las aulas a trav\u00e9s de la conformaci\u00f3n de duplas pedag\u00f3gicas. Esta propuesta tiene como finalidad fortalecer las pr\u00e1cticas pedag\u00f3gicas, mejorar la atenci\u00f3n en aquellos espacios y cursos con mayores niveles de complejidad, acompa\u00f1ar trayectorias educativas diversas y brindar mejores condiciones de ense\u00f1anza y aprendizaje, sin desvirtuar la funci\u00f3n docente ni el rol pedag\u00f3gico dentro del aula.&nbsp;<\/p>\n\n\n\n<p>La Mesa T\u00e9cnica se desarroll\u00f3 en un clima de respeto y escucha, reafirmando el compromiso del Ministerio de Educaci\u00f3n de sostener instancias de di\u00e1logo permanente con los gremios docentes, orientadas a la construcci\u00f3n colectiva de pol\u00edticas p\u00fablicas que fortalezcan el sistema educativo y garanticen el derecho a la educaci\u00f3n de todos los estudiantes.<\/p>\n","protected":false},"excerpt":{"rendered":"<p>El encuentro se constituy\u00f3 como un espacio de di\u00e1logo institucional destinado a fortalecer el trabajo conjunto. La ministra de Educaci\u00f3n, Daniela Teseira, encabez\u00f3 la primera Mesa T\u00e9cnica del a\u00f1o 2026 con gremios docentes, realizada el lunes 2 de febrero en la sede del Complejo Ministerial. El encuentro se constituy\u00f3 como un espacio de di\u00e1logo institucional [&hellip;]<\/p>\n","protected":false},"author":5,"featured_media":438147,"comment_status":"open","ping_status":"open","sticky":false,"template":"","format":"standard","meta":{"_stopmodifiedupdate":false,"_modified_date":"","inline_featured_image":false,"spay_email":"","jetpack_publicize_message":""},"categories":[2],"tags":[],"jetpack_featured_media_url":"https:\/\/notinor.com\/jujuy\/wp-content\/uploads\/2026\/02\/MESA.jpg","jetpack_publicize_connections":[],"_links":{"self":[{"href":"https:\/\/notinor.com\/jujuy\/wp-json\/wp\/v2\/posts\/438146"}],"collection":[{"href":"https:\/\/notinor.com\/jujuy\/wp-json\/wp\/v2\/posts"}],"about":[{"href":"https:\/\/notinor.com\/jujuy\/wp-json\/wp\/v2\/types\/post"}],"author":[{"embeddable":true,"href":"https:\/\/notinor.com\/jujuy\/wp-json\/wp\/v2\/users\/5"}],"replies":[{"embeddable":true,"href":"https:\/\/notinor.com\/jujuy\/wp-json\/wp\/v2\/comments?post=438146"}],"version-history":[{"count":1,"href":"https:\/\/notinor.com\/jujuy\/wp-json\/wp\/v2\/posts\/438146\/revisions"}],"predecessor-version":[{"id":438151,"href":"https:\/\/notinor.com\/jujuy\/wp-json\/wp\/v2\/posts\/438146\/revisions\/438151"}],"wp:featuredmedia":[{"embeddable":true,"href":"https:\/\/notinor.com\/jujuy\/wp-json\/wp\/v2\/media\/438147"}],"wp:attachment":[{"href":"https:\/\/notinor.com\/jujuy\/wp-json\/wp\/v2\/media?parent=438146"}],"wp:term":[{"taxonomy":"category","embeddable":true,"href":"https:\/\/notinor.com\/jujuy\/wp-json\/wp\/v2\/categories?post=438146"},{"taxonomy":"post_tag","embeddable":true,"href":"https:\/\/notinor.com\/jujuy\/wp-json\/wp\/v2\/tags?post=438146"}],"curies":[{"name":"wp","href":"https:\/\/api.w.org\/{rel}","templated":true}]}}