{"id":438134,"date":"2026-02-02T12:55:00","date_gmt":"2026-02-02T15:55:00","guid":{"rendered":"https:\/\/notinor.com\/jujuy\/?p=438134"},"modified":"2026-02-02T10:07:51","modified_gmt":"2026-02-02T10:07:51","slug":"viernes-6-jornada-de-salud-para-vecinos-y-trabajadores-del-sector-vieja-terminal","status":"publish","type":"post","link":"https:\/\/notinor.com\/jujuy\/viernes-6-jornada-de-salud-para-vecinos-y-trabajadores-del-sector-vieja-terminal\/","title":{"rendered":"Viernes 6: Jornada de salud para vecinos y trabajadores del sector \u201cVieja Terminal\u201d"},"content":{"rendered":"\n<p class=\"has-medium-font-size\"><strong><em>Con diferentes prestaciones gratuitas de electrocardiogramas, atenci\u00f3n odontol\u00f3gica, nutrici\u00f3n, psicolog\u00eda y enfermer\u00eda, el d\u00eda viernes 6 de febrero, la Municipalidad de San Salvador de Jujuy, invita a vecinos y trabajadores de la econom\u00eda popular de la zona \u201cVieja Terminal\u201d, a participar de una jornada de salud y prevenci\u00f3n, en la sede de Jorge Newbery, en el horario de 8:30 a 12:00.<\/em><\/strong><\/p>\n\n\n<div class=\"wp-block-image\">\n<figure class=\"aligncenter\"><img decoding=\"async\" src=\"https:\/\/www.sansalvadordejujuy.gob.ar\/wp-content\/uploads\/2026\/01\/WhatsApp-Image-2026-01-30-at-10.41.10-1-819x1024.jpeg\" alt=\"\" class=\"wp-image-99757\"\/><\/figure><\/div>\n\n\n<p>Realizada la invitaci\u00f3n, el secretario de Desarrollo Humano, <strong>Rodrigo Altea<\/strong> explic\u00f3 \u201cprincipalmente el foco fue puesto en un sector de la ciudad con mucho tr\u00e1nsito de personas, pero tambi\u00e9n con vecinos y comerciantes que conviven diariamente con ese espacio, como el Paseo Pachamama, toda la zona de Dorrego y alrededores\u201d.<\/p>\n\n\n\n<p>Y a\u00f1adi\u00f3 \u201cson crecimientos que llevaron al municipio a tomar la decisi\u00f3n de abrir una oficina descentralizada ubicada en Jorge Newbery, para acercar derechos y distintos servicios a la comunidad, abierto a los vecinos en general, pero con especial atenci\u00f3n a los hijos de los comerciantes que desarrollan su actividad en esta zona\u201d.<\/p>\n\n\n\n<p>Prosigui\u00f3 la subsecretaria <strong>Daniela Amerise,<\/strong> quien detall\u00f3 que la jornada ser\u00e1 el viernes 6 de febrero, relacionada a la prevenci\u00f3n de salud y \u201cdestinada a los vecinos del sector y a los comerciantes de la econom\u00eda popular, quienes podr\u00e1n acceder de manera gratuita a atenci\u00f3n odontol\u00f3gica, realizaci\u00f3n de electrocardiogramas, atenci\u00f3n psicol\u00f3gica para ni\u00f1os, adultos y adultos mayores, adem\u00e1s de asesoramiento legal\u201d.<\/p>\n\n\n\n<p>Tambi\u00e9n \u2013a\u00f1adi\u00f3 \u2013 \u201cestar\u00e1n presentes los equipos que trabajan en la sede de Jorge Newbery, dando a conocer los talleres y servicios que se desarrollan, para que tanto los comerciantes frentistas como quienes forman parte de la econom\u00eda popular conozcan todas las herramientas y acompa\u00f1amientos a los que pueden acceder\u201d.<\/p>\n\n\n<div class=\"wp-block-image\">\n<figure class=\"aligncenter\"><img decoding=\"async\" src=\"https:\/\/www.sansalvadordejujuy.gob.ar\/wp-content\/uploads\/2026\/01\/20260130_104628-2-1024x614.jpg\" alt=\"\" class=\"wp-image-99755\"\/><\/figure><\/div>\n\n\n<p>En este contexto, coment\u00f3 Amerise \u201cla iniciativa responde a la mirada que nos transmite el intendente Jorge respecto al fortalecimiento de los espacios descentralizados del municipio, con el objetivo de que los vecinos los tomen como referencia y puedan acceder a lderechos, que es el eje central de nuestra pol\u00edtica de desarrollo humano\u201d.<\/p>\n\n\n\n<p>Y ampli\u00f3 diciendo \u201cen esta oportunidad tambi\u00e9n vamos a trabajar de manera articulada con el Ministerio y la Secretar\u00eda de Trabajo, a trav\u00e9s del \u00e1rea COPRETTI, que estar\u00e1 a cargo de la promoci\u00f3n y difusi\u00f3n de la importante tarea que se realiza desde ese organismo, fortaleciendo adem\u00e1s el trabajo conjunto con otras \u00e1reas vinculadas al sector\u201d.<\/p>\n\n\n\n<p>Luego Rub\u00e9n Tabarcachi, director de Espacios P\u00fablicos, resalt\u00f3 la articulaci\u00f3n lograda con la Secretar\u00eda de Desarrollo Humano de la Municipalidad y \u201ccon ese espacio descentralizado en la Jorge Newbery. As\u00ed que muy contentos de generar este \u00e1mbito que nos permite acercar prestaciones municipales a los comerciantes de la econom\u00eda popular que desarrollan su actividad en la zona\u201d.<\/p>\n\n\n\n<p>Sin dudas, estim\u00f3 \u201cla jornada representa una herramienta fundamental tanto para los vecinos que circundan la terminal como para los comerciantes de la econom\u00eda popular, fortaleciendo el acompa\u00f1amiento del Estado municipal en el territorio\u201d, puntualiz\u00f3 Tabarcachi.<\/p>\n\n\n\n<p>Desde la coordinaci\u00f3n de COPRETI (Comisi\u00f3n Provincial para la Prevenci\u00f3n y Erradicaci\u00f3n del Trabajo Infantil), <strong>Mar\u00eda Isabel \u00c1lvarez<\/strong>, explic\u00f3 \u201ca trav\u00e9s de la Secretar\u00eda de Trabajo y Empleo estaremos presentes en la actividad y agradecer a la Secretar\u00eda de Desarrollo Humano de la Municipalidad por la invitaci\u00f3n y la convocatoria\u201d.<\/p>\n\n\n\n<p>Con m\u00e1s detalles, manifest\u00f3 \u201cla zona de la ex terminal es uno de los sectores donde se concentra la mayor cantidad de denuncias vinculadas al trabajo infantil y al trabajo adolescente. Por lo que desde COPRETI vamos a llevar adelante una tarea fundamental de concientizaci\u00f3n hacia la poblaci\u00f3n, ya que cuando se informa y se comprende qu\u00e9 es el trabajo infantil y qu\u00e9 es el trabajo adolescente, se generan cambios reales y estas situaciones comienzan a disminuir\u201d.<\/p>\n\n\n\n<p>Puntualiz\u00f3 e este marco, \u201cse trata de una pol\u00edtica que venimos sosteniendo desde hace a\u00f1os y que impulsamos firmemente desde el Ministerio de Trabajo y Empleo, con el objetivo de erradicar el trabajo no registrado y la explotaci\u00f3n laboral. Por ese motivo, es clave nuestra presencia en esta jornada y el trabajo articulado con el municipio y las distintas \u00e1reas involucradas\u201d.<\/p>\n","protected":false},"excerpt":{"rendered":"<p>Con diferentes prestaciones gratuitas de electrocardiogramas, atenci\u00f3n odontol\u00f3gica, nutrici\u00f3n, psicolog\u00eda y enfermer\u00eda, el d\u00eda viernes 6 de febrero, la Municipalidad de San Salvador de Jujuy, invita a vecinos y trabajadores de la econom\u00eda popular de la zona \u201cVieja Terminal\u201d, a participar de una jornada de salud y prevenci\u00f3n, en la sede de Jorge Newbery, en [&hellip;]<\/p>\n","protected":false},"author":5,"featured_media":438135,"comment_status":"open","ping_status":"open","sticky":false,"template":"","format":"standard","meta":{"_stopmodifiedupdate":false,"_modified_date":"","inline_featured_image":false,"spay_email":"","jetpack_publicize_message":""},"categories":[514],"tags":[],"jetpack_featured_media_url":"https:\/\/notinor.com\/jujuy\/wp-content\/uploads\/2026\/02\/ACOMPANAMIENTO.jpg","jetpack_publicize_connections":[],"_links":{"self":[{"href":"https:\/\/notinor.com\/jujuy\/wp-json\/wp\/v2\/posts\/438134"}],"collection":[{"href":"https:\/\/notinor.com\/jujuy\/wp-json\/wp\/v2\/posts"}],"about":[{"href":"https:\/\/notinor.com\/jujuy\/wp-json\/wp\/v2\/types\/post"}],"author":[{"embeddable":true,"href":"https:\/\/notinor.com\/jujuy\/wp-json\/wp\/v2\/users\/5"}],"replies":[{"embeddable":true,"href":"https:\/\/notinor.com\/jujuy\/wp-json\/wp\/v2\/comments?post=438134"}],"version-history":[{"count":1,"href":"https:\/\/notinor.com\/jujuy\/wp-json\/wp\/v2\/posts\/438134\/revisions"}],"predecessor-version":[{"id":438136,"href":"https:\/\/notinor.com\/jujuy\/wp-json\/wp\/v2\/posts\/438134\/revisions\/438136"}],"wp:featuredmedia":[{"embeddable":true,"href":"https:\/\/notinor.com\/jujuy\/wp-json\/wp\/v2\/media\/438135"}],"wp:attachment":[{"href":"https:\/\/notinor.com\/jujuy\/wp-json\/wp\/v2\/media?parent=438134"}],"wp:term":[{"taxonomy":"category","embeddable":true,"href":"https:\/\/notinor.com\/jujuy\/wp-json\/wp\/v2\/categories?post=438134"},{"taxonomy":"post_tag","embeddable":true,"href":"https:\/\/notinor.com\/jujuy\/wp-json\/wp\/v2\/tags?post=438134"}],"curies":[{"name":"wp","href":"https:\/\/api.w.org\/{rel}","templated":true}]}}