{"id":438121,"date":"2026-02-02T21:11:00","date_gmt":"2026-02-03T00:11:00","guid":{"rendered":"https:\/\/notinor.com\/jujuy\/?p=438121"},"modified":"2026-02-02T09:11:21","modified_gmt":"2026-02-02T09:11:21","slug":"el-vicegobernador-participo-de-las-fiestas-patronales-en-honor-a-la-virgen-de-la-candelaria-en-tumbaya","status":"publish","type":"post","link":"https:\/\/notinor.com\/jujuy\/el-vicegobernador-participo-de-las-fiestas-patronales-en-honor-a-la-virgen-de-la-candelaria-en-tumbaya\/","title":{"rendered":"El Vicegobernador particip\u00f3 de las Fiestas Patronales en honor a la Virgen de la Candelaria en Tumbaya"},"content":{"rendered":"\n<p class=\"has-medium-font-size\"><strong><em>El vicegobernador de la Provincia, Alberto Bernis, particip\u00f3 del acto central de las Fiestas Patronales en honor a la Virgen de la Candelaria, en la localidad de Tumbaya, acompa\u00f1ando a la comunidad en una jornada marcada por la fe, la tradici\u00f3n y el encuentro.<\/em><\/strong><\/p>\n\n\n<div class=\"wp-block-image\">\n<figure class=\"aligncenter size-large\"><img decoding=\"async\" loading=\"lazy\" width=\"720\" height=\"480\" src=\"https:\/\/notinor.com\/jujuy\/wp-content\/uploads\/2026\/02\/PATRONALES1-720x480.jpeg\" alt=\"\" class=\"wp-image-438123\" srcset=\"https:\/\/notinor.com\/jujuy\/wp-content\/uploads\/2026\/02\/PATRONALES1-720x480.jpeg 720w, https:\/\/notinor.com\/jujuy\/wp-content\/uploads\/2026\/02\/PATRONALES1-547x365.jpeg 547w, https:\/\/notinor.com\/jujuy\/wp-content\/uploads\/2026\/02\/PATRONALES1-768x512.jpeg 768w, https:\/\/notinor.com\/jujuy\/wp-content\/uploads\/2026\/02\/PATRONALES1-1536x1024.jpeg 1536w, https:\/\/notinor.com\/jujuy\/wp-content\/uploads\/2026\/02\/PATRONALES1-750x500.jpeg 750w, https:\/\/notinor.com\/jujuy\/wp-content\/uploads\/2026\/02\/PATRONALES1-1140x760.jpeg 1140w, https:\/\/notinor.com\/jujuy\/wp-content\/uploads\/2026\/02\/PATRONALES1.jpeg 1600w\" sizes=\"(max-width: 720px) 100vw, 720px\" \/><\/figure><\/div>\n\n\n<p>Acompa\u00f1aron al Vicegobernador las diputadas provinciales <strong>Gisel Bravo<\/strong>, <strong>Teresa Agostini<\/strong> , <strong>Patricia R\u00edos<\/strong>, <strong>Adelma Torres<\/strong>; el secretario de Cultura de la Provincia, <strong>Jos\u00e9 Rodr\u00edguez B\u00e1rcena;<\/strong> y el comisionado municipal de Tumbaya, <strong>Javier Medina,<\/strong> junto a autoridades locales, representantes institucionales y vecinos.<\/p>\n\n\n<div class=\"wp-block-image\">\n<figure class=\"aligncenter size-large\"><img decoding=\"async\" loading=\"lazy\" width=\"720\" height=\"480\" src=\"https:\/\/notinor.com\/jujuy\/wp-content\/uploads\/2026\/02\/PATRONALES1-1-720x480.jpeg\" alt=\"\" class=\"wp-image-438124\" srcset=\"https:\/\/notinor.com\/jujuy\/wp-content\/uploads\/2026\/02\/PATRONALES1-1-720x480.jpeg 720w, https:\/\/notinor.com\/jujuy\/wp-content\/uploads\/2026\/02\/PATRONALES1-1-547x365.jpeg 547w, https:\/\/notinor.com\/jujuy\/wp-content\/uploads\/2026\/02\/PATRONALES1-1-768x512.jpeg 768w, https:\/\/notinor.com\/jujuy\/wp-content\/uploads\/2026\/02\/PATRONALES1-1-1536x1024.jpeg 1536w, https:\/\/notinor.com\/jujuy\/wp-content\/uploads\/2026\/02\/PATRONALES1-1-750x500.jpeg 750w, https:\/\/notinor.com\/jujuy\/wp-content\/uploads\/2026\/02\/PATRONALES1-1-1140x760.jpeg 1140w, https:\/\/notinor.com\/jujuy\/wp-content\/uploads\/2026\/02\/PATRONALES1-1.jpeg 1600w\" sizes=\"(max-width: 720px) 100vw, 720px\" \/><\/figure><\/div>\n\n\n<p>La celebraci\u00f3n dio inicio con un acto protocolar, que incluy\u00f3 el izamiento de la Bandera Nacional y la entonaci\u00f3n del Himno Nacional Argentino. Posteriormente, se llev\u00f3 a cabo la misa central, durante la cual se imparti\u00f3 la bendici\u00f3n al pueblo y se elevaron plegarias por el bienestar de las familias de la localidad.<\/p>\n\n\n<div class=\"wp-block-image\">\n<figure class=\"aligncenter size-large\"><img decoding=\"async\" loading=\"lazy\" width=\"720\" height=\"480\" src=\"https:\/\/notinor.com\/jujuy\/wp-content\/uploads\/2026\/02\/PATRONALES1-2-720x480.jpeg\" alt=\"\" class=\"wp-image-438125\" srcset=\"https:\/\/notinor.com\/jujuy\/wp-content\/uploads\/2026\/02\/PATRONALES1-2-720x480.jpeg 720w, https:\/\/notinor.com\/jujuy\/wp-content\/uploads\/2026\/02\/PATRONALES1-2-547x365.jpeg 547w, https:\/\/notinor.com\/jujuy\/wp-content\/uploads\/2026\/02\/PATRONALES1-2-768x512.jpeg 768w, https:\/\/notinor.com\/jujuy\/wp-content\/uploads\/2026\/02\/PATRONALES1-2-1536x1024.jpeg 1536w, https:\/\/notinor.com\/jujuy\/wp-content\/uploads\/2026\/02\/PATRONALES1-2-750x500.jpeg 750w, https:\/\/notinor.com\/jujuy\/wp-content\/uploads\/2026\/02\/PATRONALES1-2-1140x760.jpeg 1140w, https:\/\/notinor.com\/jujuy\/wp-content\/uploads\/2026\/02\/PATRONALES1-2.jpeg 1600w\" sizes=\"(max-width: 720px) 100vw, 720px\" \/><\/figure><\/div>\n\n\n<p>Finalizada la ceremonia religiosa, se realiz\u00f3 la procesi\u00f3n de la Virgen de la Candelaria, acompa\u00f1ada por autoridades y fieles, en un clima de profundo recogimiento. Como cierre de la jornada, tuvo lugar un desfile c\u00edvico, del que participaron instituciones educativas, trabajadores y distintas representaciones de la comunidad local, poniendo en valor el compromiso y la participaci\u00f3n del pueblo de Tumbaya.<\/p>\n\n\n<div class=\"wp-block-image\">\n<figure class=\"aligncenter size-large\"><img decoding=\"async\" loading=\"lazy\" width=\"720\" height=\"480\" src=\"https:\/\/notinor.com\/jujuy\/wp-content\/uploads\/2026\/02\/PATRONALES1-3-720x480.jpeg\" alt=\"\" class=\"wp-image-438126\" srcset=\"https:\/\/notinor.com\/jujuy\/wp-content\/uploads\/2026\/02\/PATRONALES1-3-720x480.jpeg 720w, https:\/\/notinor.com\/jujuy\/wp-content\/uploads\/2026\/02\/PATRONALES1-3-547x365.jpeg 547w, https:\/\/notinor.com\/jujuy\/wp-content\/uploads\/2026\/02\/PATRONALES1-3-768x512.jpeg 768w, https:\/\/notinor.com\/jujuy\/wp-content\/uploads\/2026\/02\/PATRONALES1-3-1536x1024.jpeg 1536w, https:\/\/notinor.com\/jujuy\/wp-content\/uploads\/2026\/02\/PATRONALES1-3-750x500.jpeg 750w, https:\/\/notinor.com\/jujuy\/wp-content\/uploads\/2026\/02\/PATRONALES1-3-1140x760.jpeg 1140w, https:\/\/notinor.com\/jujuy\/wp-content\/uploads\/2026\/02\/PATRONALES1-3.jpeg 1600w\" sizes=\"(max-width: 720px) 100vw, 720px\" \/><\/figure><\/div>\n\n\n<p>Al t\u00e9rmino de la actividad, el vicegobernador Bernis destac\u00f3 la importancia de compartir estas celebraciones junto a la comunidad y se\u00f1al\u00f3 que \"estas fiestas patronales nos fortalecen, nos dan fe y nos impulsan a seguir trabajando con mayor compromiso en beneficio de la gente que m\u00e1s necesita en la provincia de Jujuy\".<\/p>\n\n\n<div class=\"wp-block-image\">\n<figure class=\"aligncenter size-large\"><img decoding=\"async\" loading=\"lazy\" width=\"720\" height=\"480\" src=\"https:\/\/notinor.com\/jujuy\/wp-content\/uploads\/2026\/02\/PATRONALES1-4-720x480.jpeg\" alt=\"\" class=\"wp-image-438127\" srcset=\"https:\/\/notinor.com\/jujuy\/wp-content\/uploads\/2026\/02\/PATRONALES1-4-720x480.jpeg 720w, https:\/\/notinor.com\/jujuy\/wp-content\/uploads\/2026\/02\/PATRONALES1-4-547x365.jpeg 547w, https:\/\/notinor.com\/jujuy\/wp-content\/uploads\/2026\/02\/PATRONALES1-4-768x512.jpeg 768w, https:\/\/notinor.com\/jujuy\/wp-content\/uploads\/2026\/02\/PATRONALES1-4-1536x1024.jpeg 1536w, https:\/\/notinor.com\/jujuy\/wp-content\/uploads\/2026\/02\/PATRONALES1-4-750x500.jpeg 750w, https:\/\/notinor.com\/jujuy\/wp-content\/uploads\/2026\/02\/PATRONALES1-4-1140x760.jpeg 1140w, https:\/\/notinor.com\/jujuy\/wp-content\/uploads\/2026\/02\/PATRONALES1-4.jpeg 1600w\" sizes=\"(max-width: 720px) 100vw, 720px\" \/><\/figure><\/div>\n\n\n<p>Por su parte, el comisionado municipal Javier Medina valor\u00f3 la presencia de las autoridades provinciales y el sentido comunitario de la festividad: \"Es una fiesta muy importante para nuestro pueblo, donde revalorizamos la fe cat\u00f3lica y la unidad de Tumbaya. Contar con la presencia del Vicegobernador, diputados y funcionarios en esta jornada es muy significativo\", concluy\u00f3.<\/p>\n\n\n<div class=\"wp-block-image\">\n<figure class=\"aligncenter size-large\"><img decoding=\"async\" loading=\"lazy\" width=\"720\" height=\"480\" src=\"https:\/\/notinor.com\/jujuy\/wp-content\/uploads\/2026\/02\/PATRONALES1-6-720x480.jpeg\" alt=\"\" class=\"wp-image-438129\" srcset=\"https:\/\/notinor.com\/jujuy\/wp-content\/uploads\/2026\/02\/PATRONALES1-6-720x480.jpeg 720w, https:\/\/notinor.com\/jujuy\/wp-content\/uploads\/2026\/02\/PATRONALES1-6-547x365.jpeg 547w, https:\/\/notinor.com\/jujuy\/wp-content\/uploads\/2026\/02\/PATRONALES1-6-768x512.jpeg 768w, https:\/\/notinor.com\/jujuy\/wp-content\/uploads\/2026\/02\/PATRONALES1-6-1536x1024.jpeg 1536w, https:\/\/notinor.com\/jujuy\/wp-content\/uploads\/2026\/02\/PATRONALES1-6-750x500.jpeg 750w, https:\/\/notinor.com\/jujuy\/wp-content\/uploads\/2026\/02\/PATRONALES1-6-1140x760.jpeg 1140w, https:\/\/notinor.com\/jujuy\/wp-content\/uploads\/2026\/02\/PATRONALES1-6.jpeg 1600w\" sizes=\"(max-width: 720px) 100vw, 720px\" \/><\/figure><\/div>","protected":false},"excerpt":{"rendered":"<p>El vicegobernador de la Provincia, Alberto Bernis, particip\u00f3 del acto central de las Fiestas Patronales en honor a la Virgen de la Candelaria, en la localidad de Tumbaya, acompa\u00f1ando a la comunidad en una jornada marcada por la fe, la tradici\u00f3n y el encuentro. Acompa\u00f1aron al Vicegobernador las diputadas provinciales Gisel Bravo, Teresa Agostini , [&hellip;]<\/p>\n","protected":false},"author":5,"featured_media":438122,"comment_status":"open","ping_status":"open","sticky":false,"template":"","format":"standard","meta":{"_stopmodifiedupdate":false,"_modified_date":"","inline_featured_image":false,"spay_email":"","jetpack_publicize_message":""},"categories":[4],"tags":[],"jetpack_featured_media_url":"https:\/\/notinor.com\/jujuy\/wp-content\/uploads\/2026\/02\/PATRONALES.jpeg","jetpack_publicize_connections":[],"_links":{"self":[{"href":"https:\/\/notinor.com\/jujuy\/wp-json\/wp\/v2\/posts\/438121"}],"collection":[{"href":"https:\/\/notinor.com\/jujuy\/wp-json\/wp\/v2\/posts"}],"about":[{"href":"https:\/\/notinor.com\/jujuy\/wp-json\/wp\/v2\/types\/post"}],"author":[{"embeddable":true,"href":"https:\/\/notinor.com\/jujuy\/wp-json\/wp\/v2\/users\/5"}],"replies":[{"embeddable":true,"href":"https:\/\/notinor.com\/jujuy\/wp-json\/wp\/v2\/comments?post=438121"}],"version-history":[{"count":1,"href":"https:\/\/notinor.com\/jujuy\/wp-json\/wp\/v2\/posts\/438121\/revisions"}],"predecessor-version":[{"id":438130,"href":"https:\/\/notinor.com\/jujuy\/wp-json\/wp\/v2\/posts\/438121\/revisions\/438130"}],"wp:featuredmedia":[{"embeddable":true,"href":"https:\/\/notinor.com\/jujuy\/wp-json\/wp\/v2\/media\/438122"}],"wp:attachment":[{"href":"https:\/\/notinor.com\/jujuy\/wp-json\/wp\/v2\/media?parent=438121"}],"wp:term":[{"taxonomy":"category","embeddable":true,"href":"https:\/\/notinor.com\/jujuy\/wp-json\/wp\/v2\/categories?post=438121"},{"taxonomy":"post_tag","embeddable":true,"href":"https:\/\/notinor.com\/jujuy\/wp-json\/wp\/v2\/tags?post=438121"}],"curies":[{"name":"wp","href":"https:\/\/api.w.org\/{rel}","templated":true}]}}