{"id":438103,"date":"2026-02-02T20:42:28","date_gmt":"2026-02-02T23:42:28","guid":{"rendered":"https:\/\/notinor.com\/jujuy\/?p=438103"},"modified":"2026-02-02T20:42:30","modified_gmt":"2026-02-02T23:42:30","slug":"tension-con-caputo-y-el-sistema-de-medicion-las-razones-detras-de-la-salida-de-marco-lavagna-del-indec","status":"publish","type":"post","link":"https:\/\/notinor.com\/jujuy\/tension-con-caputo-y-el-sistema-de-medicion-las-razones-detras-de-la-salida-de-marco-lavagna-del-indec\/","title":{"rendered":"Tensi\u00f3n con Caputo y el sistema de medici\u00f3n: las razones detr\u00e1s de la salida de Marco Lavagna del INDEC"},"content":{"rendered":"\n<p class=\"has-medium-font-size\"><strong><em>El ahora ex director del organismo hab\u00eda sido cuestionado recientemente en las redes por su v\u00ednculo con la oposici\u00f3n. En la Casa Rosada explican que la decisi\u00f3n se tom\u00f3 por varios motivos.<\/em><\/strong><\/p>\n\n\n\n<p><\/p>\n\n\n<div class=\"wp-block-image\">\n<figure class=\"aligncenter size-full\"><img decoding=\"async\" loading=\"lazy\" width=\"800\" height=\"450\" src=\"https:\/\/notinor.com\/jujuy\/wp-content\/uploads\/2026\/02\/marco-lavagna.jpg\" alt=\"\" class=\"wp-image-438104\" srcset=\"https:\/\/notinor.com\/jujuy\/wp-content\/uploads\/2026\/02\/marco-lavagna.jpg 800w, https:\/\/notinor.com\/jujuy\/wp-content\/uploads\/2026\/02\/marco-lavagna-649x365.jpg 649w, https:\/\/notinor.com\/jujuy\/wp-content\/uploads\/2026\/02\/marco-lavagna-500x280.jpg 500w, https:\/\/notinor.com\/jujuy\/wp-content\/uploads\/2026\/02\/marco-lavagna-768x432.jpg 768w, https:\/\/notinor.com\/jujuy\/wp-content\/uploads\/2026\/02\/marco-lavagna-750x422.jpg 750w\" sizes=\"(max-width: 800px) 100vw, 800px\" \/><figcaption class=\"wp-element-caption\">El economista Marco Lavagna dej\u00f3 el Gobierno<\/figcaption><\/figure><\/div>\n\n\n<p><\/p>\n\n\n\n<p><strong>De manera sorpresiva, el ahora ex director del Instituto Nacional de Estad\u00edstica y Censos (INDEC), Marco Lavagna, les envi\u00f3 a sus empleados una carta en la que anunci\u00f3 que dej\u00f3 el cargo para continuar su carrera con otros proyectos personales, aunque se trat\u00f3 de una decisi\u00f3n que la c\u00fapula del Gobierno ya ven\u00eda analizando desde hac\u00eda tiempo.<\/strong><\/p>\n\n\n\n<p>De acuerdo con lo que precisaron a Infobae fuentes de la Casa Rosada, su apartamiento de la gesti\u00f3n se dio por varios motivos, algunos de \u00edndole t\u00e9cnica, otros pol\u00edticos y tambi\u00e9n personales.<\/p>\n\n\n\n<p><strong>Seg\u00fan revelaron personas al tanto de lo ocurrido, el saliente funcionario tuvo en el \u00faltimo tiempo una relaci\u00f3n tensa con el ministro de Econom\u00eda, Luis Caputo, de quien depende en el organigrama estatal.<\/strong><\/p>\n\n\n\n<p>Estos cruces generaron preocupaci\u00f3n en las autoridades nacionales, que consideraron que los cambios en las herramientas para calcular la inflaci\u00f3n era la oportunidad para reemplazarlo.<\/p>\n\n\n\n<p><strong>Otra de las razones tuvo que ver con su pasado partidario en el Frente Renovador, que encabeza Sergio Massa. De hecho, Lavagna ingres\u00f3 al INDEC bajo la presidencia de Alberto Fern\u00e1ndez, en el marco del acuerdo entre los diferentes sectores del peronismo.<\/strong><\/p>\n\n\n\n<p>\u201cVenia a los tiros con \u2018Toto\u2019 y varios m\u00e1s. Media mal la balanza tur\u00edstica y, sumado a eso, respond\u00eda a (Sergio) Massa. Adem\u00e1s, con el nuevo sistema de medici\u00f3n, se necesita otro perfil\u201d, explic\u00f3 a este medio una fuente oficial.<\/p>\n\n\n\n<p>Adem\u00e1s, las autoridades nacionales explicaron que, en cuanto a la nueva metodolog\u00eda de medici\u00f3n de inflaci\u00f3n, tambi\u00e9n hubo diferencias porque Lavagna <strong>\u201cquer\u00eda implementarla ahora mientras que el Presidente y el ministro de Econom\u00eda siempre sostuvieron que deb\u00eda implementarse una vez que el proceso de desinflaci\u00f3n estuviera completamente consolidado, para evitar especulaciones medi\u00e1ticas\u201d.<\/strong><\/p>\n\n\n\n<p>Asimismo, aseguraron que \u201csu salida fue acordada mutuamente y se di\u00f3 en buenos t\u00e9rminos\u201d, a pesar de todas estas tensiones que se hab\u00edan generado en el \u00faltimo tiempo.<\/p>\n\n\n\n<p>Tan solo unos d\u00edas atr\u00e1s, una de las cuentas libertarias en las redes sociales, llamada \u201cKukardos siendo domados\u201d, record\u00f3 este hecho durante una discusi\u00f3n que tuvo en X con Malena Galmarini.<\/p>\n\n\n\n<p><strong>Todo comenz\u00f3 cuando la ex titular de AySA, en un mensaje contra la ministra de Capital Humano, Sandra Pettovello, defendi\u00f3 la gesti\u00f3n de su esposo en el Palacio de Hacienda y acus\u00f3 a la actual administraci\u00f3n por los datos de inflaci\u00f3n.<\/strong><\/p>\n\n\n\n<p><strong>\u201cEl INDEC lo maneja un funcionario nombrado por ustedes, que viene espec\u00edficamente del Frente Renovador de tu marido\u201d,<\/strong> le contest\u00f3 el usuario.<\/p>\n\n\n\n<p>Ante esto, Galmarini intent\u00f3 defenderse argumentando que no es un dirigente de su espacio \u201cni lo fue\u201d y que, adem\u00e1s, se qued\u00f3 tras el cambio de Gobierno, por lo que le pidi\u00f3 que lo asuma \u201ccomo propio ya\u201d.<\/p>\n\n\n\n<p><strong>Por su parte, Caputo anunci\u00f3 este lunes que el que era segundo en el INDEC, Pedro Lines, asumir\u00e1 como nuevo titular del organismo y asegur\u00f3 que la decisi\u00f3n de hacer el reemplazo responde a la implementaci\u00f3n de la nueva f\u00f3rmula de inflaci\u00f3n, prevista para enero.<\/strong><\/p>\n\n\n\n<p><strong>\u201cRenunci\u00f3 porque se ha estado trabajando en la nueva metodolog\u00eda del Indec y Marcos ten\u00eda como fecha implementarlo ahora, y con el presidente siempre tuvimos la visi\u00f3n de que hab\u00eda que implementar un cambio una vez que el proceso de desinflaci\u00f3n ya estaba totalmente consolidado\u201d,<\/strong> asegur\u00f3 el funcionario en di\u00e1logo con Radio Rivadavia.<\/p>\n\n\n\n<p>En cuanto al nuevo director, remarc\u00f3 que \u201ces un funcionario de excelente trayectoria, intachable\u201d y record\u00edo que, \u201ccuando estaba la sospecha de la manipulaci\u00f3n de (Guillermo) Moreno, incluso \u00e9l se fue\u201d.<\/p>\n\n\n\n<p>La dimisi\u00f3n del economista surge a d\u00edas de la puesta en marcha de una nueva canasta para la medici\u00f3n del \u00cdndice de Precios al Consumidor (IPC), que iba a empezar a reflejarse en el dato de inflaci\u00f3n de enero, pero que se posterg\u00f3.<\/p>\n\n\n\n<p><strong>\u201cEl m\u00e9todo para calcular la inflaci\u00f3n va a seguir siendo, por algunos meses, el que est\u00e1 ahora. Como esta administraci\u00f3n conf\u00eda en que la inflaci\u00f3n va a caer, no quiere dar lugar a que el kirchnerismo diga que la inflaci\u00f3n baja porque el Gobierno manipula el \u00edndice\u201d, <\/strong>se\u00f1alaron desde Balcarce 50.<\/p>\n\n\n\n<p>La implementaci\u00f3n de esta f\u00f3rmula era un compromiso que el equipo econ\u00f3mico tom\u00f3 con el Fondo Monetario Internacional (FMI) en la \u00faltima revisi\u00f3n, y en la que los t\u00e9cnicos vienen trabajando desde la gesti\u00f3n de Alberto Fern\u00e1ndez.<\/p>\n\n\n\n<p>En su carta de despedida que les envi\u00f3 a los empleados, Lavagna sostuvo que cree que es momento de encarar nuevos proyectos y desaf\u00edos, <strong>\u201ccon la tranquilidad de haber compartido con ustedes una etapa intensa y valiosa\u201d.<\/strong><\/p>\n","protected":false},"excerpt":{"rendered":"<p>El ahora ex director del organismo hab\u00eda sido cuestionado recientemente en las redes por su v\u00ednculo con la oposici\u00f3n. En la Casa Rosada explican que la decisi\u00f3n se tom\u00f3 por varios motivos. De manera sorpresiva, el ahora ex director del Instituto Nacional de Estad\u00edstica y Censos (INDEC), Marco Lavagna, les envi\u00f3 a sus empleados una [&hellip;]<\/p>\n","protected":false},"author":49,"featured_media":438104,"comment_status":"open","ping_status":"open","sticky":false,"template":"","format":"standard","meta":{"_stopmodifiedupdate":false,"_modified_date":"","inline_featured_image":false,"spay_email":"","jetpack_publicize_message":""},"categories":[2,676,5],"tags":[],"jetpack_featured_media_url":"https:\/\/notinor.com\/jujuy\/wp-content\/uploads\/2026\/02\/marco-lavagna.jpg","jetpack_publicize_connections":[],"_links":{"self":[{"href":"https:\/\/notinor.com\/jujuy\/wp-json\/wp\/v2\/posts\/438103"}],"collection":[{"href":"https:\/\/notinor.com\/jujuy\/wp-json\/wp\/v2\/posts"}],"about":[{"href":"https:\/\/notinor.com\/jujuy\/wp-json\/wp\/v2\/types\/post"}],"author":[{"embeddable":true,"href":"https:\/\/notinor.com\/jujuy\/wp-json\/wp\/v2\/users\/49"}],"replies":[{"embeddable":true,"href":"https:\/\/notinor.com\/jujuy\/wp-json\/wp\/v2\/comments?post=438103"}],"version-history":[{"count":1,"href":"https:\/\/notinor.com\/jujuy\/wp-json\/wp\/v2\/posts\/438103\/revisions"}],"predecessor-version":[{"id":438105,"href":"https:\/\/notinor.com\/jujuy\/wp-json\/wp\/v2\/posts\/438103\/revisions\/438105"}],"wp:featuredmedia":[{"embeddable":true,"href":"https:\/\/notinor.com\/jujuy\/wp-json\/wp\/v2\/media\/438104"}],"wp:attachment":[{"href":"https:\/\/notinor.com\/jujuy\/wp-json\/wp\/v2\/media?parent=438103"}],"wp:term":[{"taxonomy":"category","embeddable":true,"href":"https:\/\/notinor.com\/jujuy\/wp-json\/wp\/v2\/categories?post=438103"},{"taxonomy":"post_tag","embeddable":true,"href":"https:\/\/notinor.com\/jujuy\/wp-json\/wp\/v2\/tags?post=438103"}],"curies":[{"name":"wp","href":"https:\/\/api.w.org\/{rel}","templated":true}]}}