{"id":438096,"date":"2026-02-02T13:22:10","date_gmt":"2026-02-02T16:22:10","guid":{"rendered":"https:\/\/notinor.com\/jujuy\/?p=438096"},"modified":"2026-02-02T13:22:12","modified_gmt":"2026-02-02T16:22:12","slug":"siguen-los-incendios-en-chubut-mas-de-500-brigadistas-combaten-las-llamas-y-la-ruta-71-quedo-cortada","status":"publish","type":"post","link":"https:\/\/notinor.com\/jujuy\/siguen-los-incendios-en-chubut-mas-de-500-brigadistas-combaten-las-llamas-y-la-ruta-71-quedo-cortada\/","title":{"rendered":"Siguen los incendios en Chubut: m\u00e1s de 500 brigadistas combaten las llamas y la ruta 71 qued\u00f3 cortada"},"content":{"rendered":"\n<p class=\"has-medium-font-size\"><strong><em>Ya se quemaron m\u00e1s de 50 mil hect\u00e1reas. Esperan por una lluvia intensa que logre frenar el avance del fuego.<\/em><\/strong><\/p>\n\n\n<div class=\"wp-block-image\">\n<figure class=\"aligncenter\"><img decoding=\"async\" src=\"https:\/\/tn.com.ar\/resizer\/v2\/el-gobierno-nacional-declaro-la-emergencia-ignea-por-los-incendios-que-arrasaron-zonas-del-parque-nacional-los-glaciares-foto-gentileza-parque-nacional-los-glaciares-I6QAUPISFRCG3D644QNZVCAXHU.JPG?auth=5aa67b3d9741d5066e04469c55c37cb497934789faaa4f8543b793b6730ca145&amp;width=767\" alt=\"El Gobierno nacional declar\u00f3 la emergencia \u00edgnea por los incendios que arrasaron zonas del Parque Nacional Los Glaciares. (Foto: gentileza Parque Nacional Los Glaciares).\"\/><figcaption class=\"wp-element-caption\">El Gobierno nacional declar\u00f3 la emergencia \u00edgnea por los incendios que arrasaron zonas del Parque Nacional Los Glaciares<\/figcaption><\/figure><\/div>\n\n\n<p>La provincia de<strong>&nbsp;Chubut&nbsp;<\/strong>sigue bajo <strong>emergencia nacional por los incendios forestales<\/strong>&nbsp;que arrasaron&nbsp;<strong>m\u00e1s de 50 mil hect\u00e1reas<\/strong>&nbsp;y no dan tregua. El fuego avanza sin control en zonas de dif\u00edcil acceso, y&nbsp;<strong>la situaci\u00f3n se agrav\u00f3 en las \u00faltimas horas por el viento y las altas temperaturas.<\/strong><\/p>\n\n\n\n<p><strong>La ruta 71 hacia Cholila est\u00e1 completamente cortada&nbsp;<\/strong>a la altura de&nbsp;<strong>Los Retamos<\/strong>, en la ciudad de&nbsp;<strong>El Hoyo<\/strong>. La visibilidad es nula y el humo cubre todo el lugar. El paso depende del comportamiento del viento, mientras los focos siguen activos a la vera del camino.<\/p>\n\n\n\n<p>En el lugar&nbsp;<strong>trabajan m\u00e1s de 500 brigadistas<\/strong>, que se abren paso entre la vegetaci\u00f3n con motosierras y herramientas manuales.<\/p>\n\n\n\n<p>El terreno es tan empinado y complicado que solo pueden ingresar camionetas por senderos angostos. Para frenar el avance de las llamas, hicieron un cortafuego y as\u00ed lograron que los camiones pudieran entrar a la zona m\u00e1s afectada.<\/p>\n\n\n\n<p>Ayer, los brigadistas tuvieron que replegarse por complicaciones con el humo. \u201cIntentamos avanzar pero se complic\u00f3 y estamos replegando. Lo principal es la seguridad de los brigadistas, que est\u00e1n haciendo un gran trabajo. Vamos a revisar y ma\u00f1ana atacamos de otra forma\u201d, explic\u00f3 uno de los combatientes del fuego.<\/p>\n\n\n\n<p><strong>El fuego arrasa parques nacionales<\/strong><\/p>\n\n\n\n<p>Las llamas afectan \u00e1reas protegidas de&nbsp;<strong>Parques Nacionales como Lago Puelo, Nahuel Huapi, Lan\u00edn y Los Alerces<\/strong>. El fuego ya quem\u00f3 casas, animales, alerces y otros ejemplares de \u00e1rboles nativos. El equipo de&nbsp;<strong>TN&nbsp;<\/strong>est\u00e1 en el lugar mostrando las consecuencias devastadoras del incendio.<\/p>\n\n\n\n<p>El riesgo de que el fuego se extienda hacia Esquel y otras localidades mantiene en vilo a toda la regi\u00f3n. \u201cTodo esto se est\u00e1 viviendo con mucha angustia. Hay viviendas en todos lados, incluso en las zonas m\u00e1s altas y m\u00e1s cercanas al fuego. Tenemos much\u00edsimos voluntarios trabajando, incluso gente que se vino desde Salta\u201d, cont\u00f3 Jos\u00e9, bombero y vecino de Cholila.<\/p>\n\n\n<div class=\"wp-block-image\">\n<figure class=\"aligncenter\"><img decoding=\"async\" src=\"https:\/\/tn.com.ar\/resizer\/v2\/siguen-los-incendios-forestales-en-chubut-foto-reutersnicolas-palacios-FXAAXZ7CSONO2QLDVDPRTV2MNU.jpg?auth=7a5d01a3735a66b12c8488a1a73666e60b157f81a69a5435868f413842a5aa15&amp;width=767\" alt=\"Siguen los incendios forestales en Chubut. (Foto: REUTERS\/Nicolas Palacios)\"\/><figcaption class=\"wp-element-caption\">Siguen los incendios forestales en Chubut<\/figcaption><\/figure><\/div>\n\n\n<p>El contexto clim\u00e1tico no ayuda.&nbsp;<strong>Chubut atraviesa el a\u00f1o m\u00e1s seco de la \u00faltima d\u00e9cada<\/strong>, con una marcada escasez de agua. Los especialistas advierten que la falta de lluvias y las temperaturas extremas podr\u00edan repetirse en los pr\u00f3ximos veranos, aumentando el riesgo de incendios forestales de gran magnitud.<\/p>\n\n\n\n<p>Ante la falta de recursos h\u00eddricos, muchos vecinos debieron aprender a usar bombas de agua para abastecerse y proteger sus casas. Ahora, la esperanza est\u00e1 puesta en la&nbsp;<strong>llegada de una lluvia intensa<\/strong>, porque una precipitaci\u00f3n m\u00ednima no alcanza para frenar el avance del fuego, explicaron los especialistas.<\/p>\n","protected":false},"excerpt":{"rendered":"<p>Ya se quemaron m\u00e1s de 50 mil hect\u00e1reas. Esperan por una lluvia intensa que logre frenar el avance del fuego. La provincia de&nbsp;Chubut&nbsp;sigue bajo emergencia nacional por los incendios forestales&nbsp;que arrasaron&nbsp;m\u00e1s de 50 mil hect\u00e1reas&nbsp;y no dan tregua. El fuego avanza sin control en zonas de dif\u00edcil acceso, y&nbsp;la situaci\u00f3n se agrav\u00f3 en las \u00faltimas [&hellip;]<\/p>\n","protected":false},"author":5,"featured_media":438097,"comment_status":"open","ping_status":"open","sticky":false,"template":"","format":"standard","meta":{"_stopmodifiedupdate":false,"_modified_date":"","inline_featured_image":false,"spay_email":"","jetpack_publicize_message":""},"categories":[5],"tags":[],"jetpack_featured_media_url":"https:\/\/notinor.com\/jujuy\/wp-content\/uploads\/2026\/02\/INCENDIOS.jpg","jetpack_publicize_connections":[],"_links":{"self":[{"href":"https:\/\/notinor.com\/jujuy\/wp-json\/wp\/v2\/posts\/438096"}],"collection":[{"href":"https:\/\/notinor.com\/jujuy\/wp-json\/wp\/v2\/posts"}],"about":[{"href":"https:\/\/notinor.com\/jujuy\/wp-json\/wp\/v2\/types\/post"}],"author":[{"embeddable":true,"href":"https:\/\/notinor.com\/jujuy\/wp-json\/wp\/v2\/users\/5"}],"replies":[{"embeddable":true,"href":"https:\/\/notinor.com\/jujuy\/wp-json\/wp\/v2\/comments?post=438096"}],"version-history":[{"count":1,"href":"https:\/\/notinor.com\/jujuy\/wp-json\/wp\/v2\/posts\/438096\/revisions"}],"predecessor-version":[{"id":438098,"href":"https:\/\/notinor.com\/jujuy\/wp-json\/wp\/v2\/posts\/438096\/revisions\/438098"}],"wp:featuredmedia":[{"embeddable":true,"href":"https:\/\/notinor.com\/jujuy\/wp-json\/wp\/v2\/media\/438097"}],"wp:attachment":[{"href":"https:\/\/notinor.com\/jujuy\/wp-json\/wp\/v2\/media?parent=438096"}],"wp:term":[{"taxonomy":"category","embeddable":true,"href":"https:\/\/notinor.com\/jujuy\/wp-json\/wp\/v2\/categories?post=438096"},{"taxonomy":"post_tag","embeddable":true,"href":"https:\/\/notinor.com\/jujuy\/wp-json\/wp\/v2\/tags?post=438096"}],"curies":[{"name":"wp","href":"https:\/\/api.w.org\/{rel}","templated":true}]}}