{"id":438092,"date":"2026-02-02T11:47:31","date_gmt":"2026-02-02T14:47:31","guid":{"rendered":"https:\/\/notinor.com\/jujuy\/?p=438092"},"modified":"2026-02-02T11:48:36","modified_gmt":"2026-02-02T14:48:36","slug":"comienza-el-periodo-de-sesiones-extraordinarias-en-el-congreso-con-la-reforma-laboral-como-el-gran-objetivo-del-gobierno","status":"publish","type":"post","link":"https:\/\/notinor.com\/jujuy\/comienza-el-periodo-de-sesiones-extraordinarias-en-el-congreso-con-la-reforma-laboral-como-el-gran-objetivo-del-gobierno\/","title":{"rendered":"Comienza el per\u00edodo de sesiones extraordinarias en el Congreso, con la reforma laboral como el gran objetivo del Gobierno"},"content":{"rendered":"\n<p class=\"has-medium-font-size\"><strong><em>Este martes habr\u00e1 una cumbre clave entre la jefa oficialista del Senado, Patricia Bullrich, y los titulares de bancadas dialoguistas, que tienen 23 votos trascendentales para el avance de la iniciativa. La C\u00e1mara alta intentar\u00e1 sesionar el 11 o 12 de este mes<\/em><\/strong><\/p>\n\n\n\n<p class=\"has-text-align-center\"><img decoding=\"async\" loading=\"lazy\" height=\"4128\" width=\"6192\" src=\"https:\/\/www.infobae.com\/resizer\/v2\/M6XWAQE4CFFQVKAJKBGWNCLRJM.jpg?auth=07fd112538d51c126ed63e1c4691e636f78e52a29e22a1d6ced51e9f0cd3f08d&amp;smart=true&amp;width=350&amp;height=233&amp;quality=85\" alt=\"Parte del bloque libertario, que\">Parte del bloque libertario, que comanda Patricia Bullrich, junto a senadores dialoguistas durante la sesi\u00f3n extraordinaria del 26 de diciembre pasado <\/p>\n\n\n\n<p>Tras un fin de a\u00f1o y un receso estival mucho m\u00e1s tranquilo que el imaginado meses atr\u00e1s, el Congreso<strong>&nbsp;comienza este lunes con el per\u00edodo de sesiones extraordinarias<\/strong>&nbsp;convocadas por <strong>Javier Milei. <\/strong>El llamado&nbsp;<strong>durar\u00e1 hasta el viernes 27 de febrero<\/strong>&nbsp;\u2014el domingo 1 de marzo, el primer mandatario inaugurar\u00e1 un nuevo per\u00edodo ordinario\u2014 y el&nbsp;<strong>Gobierno libertario deposit\u00f3 su mayor energ\u00eda<\/strong>, ya desde diciembre \u00faltimo,&nbsp;<strong>en un proyecto con horas definitorias en el Senado: la reforma laboral<\/strong>.<\/p>\n\n\n\n<p>La jefa de La Libertad Avanza (LLA) en la C\u00e1mara alta,&nbsp;<strong>Patricia Bullrich<\/strong>&nbsp;(Capital Federal), consigui\u00f3 un dictamen de mayor\u00eda y no logr\u00f3 llevarlo al recinto ante picard\u00edas desde Balcarce 50 en el Presupuesto 2026, que s\u00ed logr\u00f3 sancionarse antes que terminase 2025. Fue el primer plan de gastos al que el Congreso le dio luz verde. El texto relacionado con el mundo del trabajo fue un alivio para la mayor\u00eda de legisladores que aportan votos a una Casa Rosada a\u00fan en minor\u00eda.<\/p>\n\n\n\n<p>Con el despacho habilitado \u2014aunque sin tratamiento por el pleno\u2014 Bullrich lanz\u00f3, como fecha tentativa de sesi\u00f3n, el mi\u00e9rcoles 11 de febrero. Durante el mes pasado, la asesora y abogada&nbsp;<strong>Josefina Tajes<\/strong>&nbsp;recopil\u00f3 todas las observaciones de la oposici\u00f3n \u201cdialoguista\u201d y, el mi\u00e9rcoles \u00faltimo, oficialismo y potenciales aliados se reunieron m\u00e1s de dos horas para pulir la iniciativa. No hubo grandes avances, pero una situaci\u00f3n qued\u00f3 m\u00e1s que clara de cara a la cumbre de las 15 de ma\u00f1ana, en el bloque radical: el pliego con las modificaciones est\u00e1 en manos del ministro de Econom\u00eda,&nbsp;<strong>Luis Caputo<\/strong>.<\/p>\n\n\n\n<p>Entre las t\u00e1cticas del Gobierno para desviar la atenci\u00f3n y el -llamativo- silencio de varios senadores, la disputa por la ley laboral empez\u00f3 a caminar sobre la delgada l\u00ednea de lo posible y probable, aunque las ventanas por donde suele meterse el diablo tambi\u00e9n se abrieron. Y, con LLA que quiso avanzar en diciembre y no pudo, la fecha de sesi\u00f3n -informal, por ahora- y un segundo intento para la semana pr\u00f3xima elevan la temperatura de la C\u00e1mara alta. Todo esto, con un kirchnerismo casi en silencio. Es decir: todo depender\u00e1, en gran parte, de c\u00f3mo se mueva la Casa Rosada. Y, en estas \u00e1reas, todo es complejo.<\/p>\n\n\n\n<p class=\"has-text-align-center\"><img decoding=\"async\" loading=\"lazy\" height=\"2847\" width=\"4269\" src=\"https:\/\/www.infobae.com\/resizer\/v2\/GBIJUDWYR5D3RBAL5QHJNHNT64.jpg?auth=aa75c22a75bb28543b2fa609aa4e7a4274220b6eb38d8e3a5c89e78b08958ffe&amp;smart=true&amp;width=350&amp;height=233&amp;quality=85\" alt=\"El presidente del bloque PRO\">El presidente del bloque PRO en la C\u00e1mara alta, Mart\u00edn Goerling<\/p>\n\n\n\n<p>Con el foco en mandatarios provinciales,&nbsp;<strong>la resistencia principal apunta a la inevitable ca\u00edda en la Coparticipaci\u00f3n. Los distritos olvidan recordar que quien m\u00e1s perder\u00e1, en este sentido, ser\u00e1 la Naci\u00f3n<\/strong>. Tambi\u00e9n es cierto que, al tener los resortes del Estado, dicho hueco ser\u00eda cubierto de manera \u00e1gil. No es lo mismo en el caso del interior. No obstante, ya se cumplieron dos a\u00f1os de un ajuste severo y, sin dudar, un aditivo que tensa la convivencia con senadores no tan interesados en la ideolog\u00eda, bronce o trascendencia eterna, sino en el d\u00eda a d\u00eda. Debajo de ellos aparecen los \u201cbusca\u201d, que nunca faltan y aprovechan cada ocasi\u00f3n para ara\u00f1ar al Ejecutivo de turno.<\/p>\n\n\n\n<p>Bullrich cuenta con&nbsp;<strong>un interbloque de 21 soldados. Para el qu\u00f3rum y activar el recinto, se precisan 37<\/strong>. Bajo estos par\u00e1metros,&nbsp;<strong>el oficialismo est\u00e1 obligado a ir a pescar en los diez de la UCR -comanda el correntino Eduardo Vischi-, el PRO -tres adhesiones para nada menores, que maneja el misionero Mart\u00edn Goerling- y silvestres provinciales que no siempre responden a poderes locales<\/strong>. Una fuerza del interior ya dio un gui\u00f1o y se comprometi\u00f3 a acompa\u00f1ar. Sin embargo, el centenario partido y otros \u201csueltos\u201d son quienes inclinar\u00e1n la balanza.<\/p>\n\n\n\n<p>Otro proyecto con dictamen listo en la C\u00e1mara alta y que interesa a varios gobernadores \u2014poco y nada se habl\u00f3 en las \u00faltimas semanas\u2014 es el que aplica modificaciones varias en la Ley de Glaciares, con dos lados de la biblioteca muy distanciados y millonarias inversiones en juego. Tambi\u00e9n se encuentran en el temario, entre otros \u00edtems, el acuerdo Mercosur-Uni\u00f3n Europea y el pliego, como embajador pol\u00edtico, de&nbsp;<strong>Fernando Iglesias<\/strong>. Las \u00faltimas dos cuestiones implican armado de comisiones, un territorio siempre \u00e1spero, con oficialistas y aliados que se matan por estar y \u201cser parte\u201d. Ni hablar de presidir. Lo que pase luego ser\u00e1 anecd\u00f3tico. Bajo esa realidad y la integraci\u00f3n descrita, enfrentar\u00e1 Milei un nuevo per\u00edodo de sesiones extraordinarias.<\/p>\n\n\n\n<p>Fuente Infobae<\/p>\n","protected":false},"excerpt":{"rendered":"<p>Este martes habr\u00e1 una cumbre clave entre la jefa oficialista del Senado, Patricia Bullrich, y los titulares de bancadas dialoguistas, que tienen 23 votos trascendentales para el avance de la iniciativa. La C\u00e1mara alta intentar\u00e1 sesionar el 11 o 12 de este mes Parte del bloque libertario, que comanda Patricia Bullrich, junto a senadores dialoguistas [&hellip;]<\/p>\n","protected":false},"author":5,"featured_media":438093,"comment_status":"open","ping_status":"open","sticky":false,"template":"","format":"standard","meta":{"_stopmodifiedupdate":false,"_modified_date":"","inline_featured_image":false,"spay_email":"","jetpack_publicize_message":""},"categories":[501],"tags":[],"jetpack_featured_media_url":"https:\/\/notinor.com\/jujuy\/wp-content\/uploads\/2026\/02\/CONGRESO.jpg","jetpack_publicize_connections":[],"_links":{"self":[{"href":"https:\/\/notinor.com\/jujuy\/wp-json\/wp\/v2\/posts\/438092"}],"collection":[{"href":"https:\/\/notinor.com\/jujuy\/wp-json\/wp\/v2\/posts"}],"about":[{"href":"https:\/\/notinor.com\/jujuy\/wp-json\/wp\/v2\/types\/post"}],"author":[{"embeddable":true,"href":"https:\/\/notinor.com\/jujuy\/wp-json\/wp\/v2\/users\/5"}],"replies":[{"embeddable":true,"href":"https:\/\/notinor.com\/jujuy\/wp-json\/wp\/v2\/comments?post=438092"}],"version-history":[{"count":2,"href":"https:\/\/notinor.com\/jujuy\/wp-json\/wp\/v2\/posts\/438092\/revisions"}],"predecessor-version":[{"id":438095,"href":"https:\/\/notinor.com\/jujuy\/wp-json\/wp\/v2\/posts\/438092\/revisions\/438095"}],"wp:featuredmedia":[{"embeddable":true,"href":"https:\/\/notinor.com\/jujuy\/wp-json\/wp\/v2\/media\/438093"}],"wp:attachment":[{"href":"https:\/\/notinor.com\/jujuy\/wp-json\/wp\/v2\/media?parent=438092"}],"wp:term":[{"taxonomy":"category","embeddable":true,"href":"https:\/\/notinor.com\/jujuy\/wp-json\/wp\/v2\/categories?post=438092"},{"taxonomy":"post_tag","embeddable":true,"href":"https:\/\/notinor.com\/jujuy\/wp-json\/wp\/v2\/tags?post=438092"}],"curies":[{"name":"wp","href":"https:\/\/api.w.org\/{rel}","templated":true}]}}