{"id":438071,"date":"2026-02-01T19:25:00","date_gmt":"2026-02-01T22:25:00","guid":{"rendered":"https:\/\/notinor.com\/jujuy\/?p=438071"},"modified":"2026-02-01T19:25:00","modified_gmt":"2026-02-01T19:25:00","slug":"sadir-acompano-el-cierre-del-campeonato-regional-de-triatlon-en-la-cienaga","status":"publish","type":"post","link":"https:\/\/notinor.com\/jujuy\/sadir-acompano-el-cierre-del-campeonato-regional-de-triatlon-en-la-cienaga\/","title":{"rendered":"Sadir acompa\u00f1\u00f3 el cierre del campeonato regional de triatl\u00f3n en La Ci\u00e9naga"},"content":{"rendered":"\n<p class=\"has-medium-font-size\"><strong><em>La competencia deportiva con marca registrada en el pa\u00eds congreg\u00f3 a m\u00e1s de 250 atletas en su quinta fecha en El Carmen. \u201cJujuy se posiciona entre los grandes escenarios deportivos del pa\u00eds\u201d, destac\u00f3 el gobernador.<\/em><\/strong><\/p>\n\n\n\n<p><\/p>\n\n\n<div class=\"wp-block-image\">\n<figure class=\"aligncenter size-full\"><img decoding=\"async\" loading=\"lazy\" width=\"800\" height=\"450\" src=\"https:\/\/notinor.com\/jujuy\/wp-content\/uploads\/2026\/02\/triatlon-la-cienaga.jpg\" alt=\"\" class=\"wp-image-438072\" srcset=\"https:\/\/notinor.com\/jujuy\/wp-content\/uploads\/2026\/02\/triatlon-la-cienaga.jpg 800w, https:\/\/notinor.com\/jujuy\/wp-content\/uploads\/2026\/02\/triatlon-la-cienaga-649x365.jpg 649w, https:\/\/notinor.com\/jujuy\/wp-content\/uploads\/2026\/02\/triatlon-la-cienaga-500x280.jpg 500w, https:\/\/notinor.com\/jujuy\/wp-content\/uploads\/2026\/02\/triatlon-la-cienaga-768x432.jpg 768w, https:\/\/notinor.com\/jujuy\/wp-content\/uploads\/2026\/02\/triatlon-la-cienaga-750x422.jpg 750w\" sizes=\"(max-width: 800px) 100vw, 800px\" \/><\/figure><\/div>\n\n\n<p><\/p>\n\n\n\n<p>Jujuy se posicion\u00f3 como epicentro de la competencia deportiva m\u00e1s importante del NOA en materia de triatl\u00f3n tras convertirse en la sede de la quinta fecha del Regional. El Carmen congreg\u00f3 a m\u00e1s de 250 competidores y a numerosos turistas, impulsando el deporte y el desarrollo econ\u00f3mico local.<\/p>\n\n\n\n<p>El gobernador, Carlos Sadir, acompa\u00f1\u00f3 la apertura de la competencia, celebr\u00f3 el fomento al deporte y el crecimiento local que genera. \u201cEs un lindo evento deportivo a nivel nacional\u201d, sostuvo en el inicio de su alocuci\u00f3n y destac\u00f3 el rol de la provincia: \u201cJujuy se posiciona entre los grandes escenarios deportivos del pa\u00eds\u201d.<\/p>\n\n\n\n<p>En cuanto al despliegue realizado para el desarrollo de un evento de tal magnitud, Sadir ponder\u00f3 a las diferentes instituciones del Gobierno que intervinieron para llevar adelante una competencia de relevancia nacional.<\/p>\n\n\n\n<p>Asimismo, se refiri\u00f3 al crecimiento de los deportistas juje\u00f1os y ratific\u00f3 el compromiso con el impulso al deporte como pol\u00edtica p\u00fablica. \u201cEstamos apoyando y acompa\u00f1ando a los juje\u00f1os que compiten fuera de provincia, es un honor que nos representen\u201d, sostuvo. En el cierre, destac\u00f3 las cualidades que tiene el deporte para el desarrollo personal y social. \u201cEs una actividad fundamental, el deporte es salud, es compa\u00f1erismo, es trabajo en equipo y es valor para la vida del juje\u00f1o\u201d, consider\u00f3.<\/p>\n\n\n\n<p>Por su parte, el secretario de Deportes de Jujuy, Luis Calvetti, ponder\u00f3 la realizaci\u00f3n de la quinta fecha del triatl\u00f3n en la provincia como \u201cuna manera de mostrar a Jujuy por el mundo\u201d. En ese sentido, sostuvo que \u201cestamos a la altura de grandes organizaciones deportivas\u201d. \u201cSe vienen cosas muy importantes para la provincia\u201d, augur\u00f3 y adelant\u00f3 que \u201ceste a\u00f1o vamos a tener varios eventos deportivos de primer nivel\u201d, entre los que se cuenta la presencia de la selecci\u00f3n argentina de rugby, que enfrentar\u00e1 a Australia el 29 de agosto. \u201cJujuy est\u00e1 en crecimiento\u201d, asegur\u00f3 Calvetti.<\/p>\n\n\n\n<p class=\"has-medium-font-size\"><strong>Detalles del triatl\u00f3n<\/strong><\/p>\n\n\n\n<p>La nataci\u00f3n marc\u00f3 inicio de la competencia, se nad\u00f3 en aguas abiertas en el Dique La Ci\u00e9naga sobre un circuito triangular de 750 metros. Luego se pas\u00f3 a la zona de transici\u00f3n, ubicada en la rotonda del dique, donde se realiz\u00f3 el tramo de ciclismo, aproximadamente 20 kil\u00f3metros por Ruta 62 y Ruta 9.<\/p>\n\n\n\n<p>Finalmente, los competidores regresaron al dique para completar el pedestrismo, con un recorrido de 2,5 kil\u00f3metros por Ruta 62, ida y vuelta, siendo la culminaci\u00f3n de la competencia.<\/p>\n","protected":false},"excerpt":{"rendered":"<p>La competencia deportiva con marca registrada en el pa\u00eds congreg\u00f3 a m\u00e1s de 250 atletas en su quinta fecha en El Carmen. \u201cJujuy se posiciona entre los grandes escenarios deportivos del pa\u00eds\u201d, destac\u00f3 el gobernador. Jujuy se posicion\u00f3 como epicentro de la competencia deportiva m\u00e1s importante del NOA en materia de triatl\u00f3n tras convertirse en [&hellip;]<\/p>\n","protected":false},"author":49,"featured_media":438072,"comment_status":"open","ping_status":"open","sticky":false,"template":"","format":"standard","meta":{"_stopmodifiedupdate":false,"_modified_date":"","inline_featured_image":false,"spay_email":"","jetpack_publicize_message":""},"categories":[7],"tags":[],"jetpack_featured_media_url":"https:\/\/notinor.com\/jujuy\/wp-content\/uploads\/2026\/02\/triatlon-la-cienaga.jpg","jetpack_publicize_connections":[],"_links":{"self":[{"href":"https:\/\/notinor.com\/jujuy\/wp-json\/wp\/v2\/posts\/438071"}],"collection":[{"href":"https:\/\/notinor.com\/jujuy\/wp-json\/wp\/v2\/posts"}],"about":[{"href":"https:\/\/notinor.com\/jujuy\/wp-json\/wp\/v2\/types\/post"}],"author":[{"embeddable":true,"href":"https:\/\/notinor.com\/jujuy\/wp-json\/wp\/v2\/users\/49"}],"replies":[{"embeddable":true,"href":"https:\/\/notinor.com\/jujuy\/wp-json\/wp\/v2\/comments?post=438071"}],"version-history":[{"count":1,"href":"https:\/\/notinor.com\/jujuy\/wp-json\/wp\/v2\/posts\/438071\/revisions"}],"predecessor-version":[{"id":438073,"href":"https:\/\/notinor.com\/jujuy\/wp-json\/wp\/v2\/posts\/438071\/revisions\/438073"}],"wp:featuredmedia":[{"embeddable":true,"href":"https:\/\/notinor.com\/jujuy\/wp-json\/wp\/v2\/media\/438072"}],"wp:attachment":[{"href":"https:\/\/notinor.com\/jujuy\/wp-json\/wp\/v2\/media?parent=438071"}],"wp:term":[{"taxonomy":"category","embeddable":true,"href":"https:\/\/notinor.com\/jujuy\/wp-json\/wp\/v2\/categories?post=438071"},{"taxonomy":"post_tag","embeddable":true,"href":"https:\/\/notinor.com\/jujuy\/wp-json\/wp\/v2\/tags?post=438071"}],"curies":[{"name":"wp","href":"https:\/\/api.w.org\/{rel}","templated":true}]}}