{"id":438054,"date":"2026-02-01T18:22:34","date_gmt":"2026-02-01T21:22:34","guid":{"rendered":"https:\/\/notinor.com\/jujuy\/?p=438054"},"modified":"2026-02-01T18:22:36","modified_gmt":"2026-02-01T21:22:36","slug":"el-intendente-jorge-pondero-el-avance-de-la-obra-del-multiespacio-de-santa-rita-y-anuncio-otro-en-alto-comedero","status":"publish","type":"post","link":"https:\/\/notinor.com\/jujuy\/el-intendente-jorge-pondero-el-avance-de-la-obra-del-multiespacio-de-santa-rita-y-anuncio-otro-en-alto-comedero\/","title":{"rendered":"El Intendente Jorge ponder\u00f3 el avance de la obra del Multiespacio de Santa Rita y anunci\u00f3 otro en Alto Comedero"},"content":{"rendered":"\n<p class=\"has-medium-font-size\"><strong><em>El intendente Ra\u00fal \u201cChuli\u201d Jorge destac\u00f3 el avance de la obra de construcci\u00f3n del sexto multiespacio de la ciudad, ubicado en el barrio Santa Rita, y anunci\u00f3 que durante el segundo semestre del a\u00f1o se iniciar\u00e1n los trabajos para un s\u00e9ptimo espacio de estas caracter\u00edsticas en Alto Comedero, sobre la avenida Pachamama.<\/em><\/strong><\/p>\n\n\n\n<p><\/p>\n\n\n<div class=\"wp-block-image\">\n<figure class=\"aligncenter size-full\"><img decoding=\"async\" loading=\"lazy\" width=\"800\" height=\"450\" src=\"https:\/\/notinor.com\/jujuy\/wp-content\/uploads\/2026\/02\/multiespacio-santa-rita.jpg\" alt=\"\" class=\"wp-image-438055\" srcset=\"https:\/\/notinor.com\/jujuy\/wp-content\/uploads\/2026\/02\/multiespacio-santa-rita.jpg 800w, https:\/\/notinor.com\/jujuy\/wp-content\/uploads\/2026\/02\/multiespacio-santa-rita-649x365.jpg 649w, https:\/\/notinor.com\/jujuy\/wp-content\/uploads\/2026\/02\/multiespacio-santa-rita-500x280.jpg 500w, https:\/\/notinor.com\/jujuy\/wp-content\/uploads\/2026\/02\/multiespacio-santa-rita-768x432.jpg 768w, https:\/\/notinor.com\/jujuy\/wp-content\/uploads\/2026\/02\/multiespacio-santa-rita-750x422.jpg 750w\" sizes=\"(max-width: 800px) 100vw, 800px\" \/><\/figure><\/div>\n\n\n<p><\/p>\n\n\n\n<p>El jefe del Ejecutivo municipal recorri\u00f3 los trabajos del multiespacio de Santa Rita, donde actualmente se lleva adelante el ensamblaje y montaje de la cubierta, tras la finalizaci\u00f3n del piso de hormig\u00f3n. Posteriormente, se dar\u00e1 inicio a las obras complementarias que se integrar\u00e1n al polideportivo y al paseo p\u00fablico del sector, en las inmediaciones del Centro de Participaci\u00f3n Vecinal (CPV) de Malvinas.<\/p>\n\n\n\n<p>En ese marco, Jorge afirm\u00f3, <strong>\u201ctenemos un programa que se desarrolla semestralmente y que no se detiene, que es la construcci\u00f3n de multiespacios. Vamos por el sexto, aqu\u00ed en Santa Rita, con avances m\u00e1s que significativos: ya concluimos el trabajo de hormig\u00f3n y comenzamos con el techado\u201d.<\/strong><\/p>\n\n\n\n<p>Asimismo, anticip\u00f3 que el espacio podr\u00eda incorporarse al servicio de la comunidad en el mes de mayo, <strong>\u201ces un sector al que le deb\u00edamos esta obra, muy solicitada por los vecinos de Malvinas y Santa Rita. Todo se va a integrar con el CPV de calle Mej\u00edas y va a complementar las tareas que all\u00ed se desarrollan, junto a otros polideportivos cercanos\u201d,<\/strong> explic\u00f3.<\/p>\n\n\n\n<p>En cuanto a los proyectos futuros, el Intendente se\u00f1al\u00f3 que \u201cya hay una visi\u00f3n clara de continuar en Alto Comedero\u201d y adelant\u00f3 que el pr\u00f3ximo multiespacio se construir\u00e1 sobre la avenida Pachamama, recientemente pavimentada en conjunto con el Gobierno de la Provincia. <strong>\u201cEs una arteria muy importante que a\u00fan necesita equipamiento, y all\u00ed se desarrollar\u00e1 el s\u00e9ptimo multiespacio\u201d, <\/strong>remarc\u00f3.<\/p>\n\n\n\n<p>Por su parte, el director general de Planeamiento Urbano y Ordenamiento Territorial, Marcos Santos, detall\u00f3 que la obra se encuentra en una etapa muy avanzada, \u201cestamos en el ensamblaje y armado de toda la cubierta, que fue previamente preparada en un taller, lo que facilita el montaje y nos permite trabajar con plazos m\u00e1s cortos hasta concretar la estructura final\u201d, indic\u00f3.<\/p>\n\n\n\n<p><strong>El funcionario agreg\u00f3 que el multiespacio n\u00famero seis contempla la ampliaci\u00f3n de un polideportivo ya existente, lo que duplicar\u00e1 las posibilidades de desarrollo de actividades tanto bajo techo como al aire libre \u201cesto ampl\u00eda notablemente la variedad de propuestas que se podr\u00e1n realizar en el lugar\u201d, sostuvo.<\/strong><\/p>\n","protected":false},"excerpt":{"rendered":"<p>El intendente Ra\u00fal \u201cChuli\u201d Jorge destac\u00f3 el avance de la obra de construcci\u00f3n del sexto multiespacio de la ciudad, ubicado en el barrio Santa Rita, y anunci\u00f3 que durante el segundo semestre del a\u00f1o se iniciar\u00e1n los trabajos para un s\u00e9ptimo espacio de estas caracter\u00edsticas en Alto Comedero, sobre la avenida Pachamama. El jefe del [&hellip;]<\/p>\n","protected":false},"author":49,"featured_media":438055,"comment_status":"open","ping_status":"open","sticky":false,"template":"","format":"standard","meta":{"_stopmodifiedupdate":false,"_modified_date":"","inline_featured_image":false,"spay_email":"","jetpack_publicize_message":""},"categories":[2,514],"tags":[],"jetpack_featured_media_url":"https:\/\/notinor.com\/jujuy\/wp-content\/uploads\/2026\/02\/multiespacio-santa-rita.jpg","jetpack_publicize_connections":[],"_links":{"self":[{"href":"https:\/\/notinor.com\/jujuy\/wp-json\/wp\/v2\/posts\/438054"}],"collection":[{"href":"https:\/\/notinor.com\/jujuy\/wp-json\/wp\/v2\/posts"}],"about":[{"href":"https:\/\/notinor.com\/jujuy\/wp-json\/wp\/v2\/types\/post"}],"author":[{"embeddable":true,"href":"https:\/\/notinor.com\/jujuy\/wp-json\/wp\/v2\/users\/49"}],"replies":[{"embeddable":true,"href":"https:\/\/notinor.com\/jujuy\/wp-json\/wp\/v2\/comments?post=438054"}],"version-history":[{"count":1,"href":"https:\/\/notinor.com\/jujuy\/wp-json\/wp\/v2\/posts\/438054\/revisions"}],"predecessor-version":[{"id":438056,"href":"https:\/\/notinor.com\/jujuy\/wp-json\/wp\/v2\/posts\/438054\/revisions\/438056"}],"wp:featuredmedia":[{"embeddable":true,"href":"https:\/\/notinor.com\/jujuy\/wp-json\/wp\/v2\/media\/438055"}],"wp:attachment":[{"href":"https:\/\/notinor.com\/jujuy\/wp-json\/wp\/v2\/media?parent=438054"}],"wp:term":[{"taxonomy":"category","embeddable":true,"href":"https:\/\/notinor.com\/jujuy\/wp-json\/wp\/v2\/categories?post=438054"},{"taxonomy":"post_tag","embeddable":true,"href":"https:\/\/notinor.com\/jujuy\/wp-json\/wp\/v2\/tags?post=438054"}],"curies":[{"name":"wp","href":"https:\/\/api.w.org\/{rel}","templated":true}]}}