{"id":438036,"date":"2026-01-30T20:15:04","date_gmt":"2026-01-30T23:15:04","guid":{"rendered":"https:\/\/notinor.com\/jujuy\/?p=438036"},"modified":"2026-01-30T20:15:28","modified_gmt":"2026-01-30T23:15:28","slug":"el-gobierno-designo-a-manuel-adorni-al-frente-del-directorio-de-ypf-en-reemplazo-de-guillermo-francos","status":"publish","type":"post","link":"https:\/\/notinor.com\/jujuy\/el-gobierno-designo-a-manuel-adorni-al-frente-del-directorio-de-ypf-en-reemplazo-de-guillermo-francos\/","title":{"rendered":"El Gobierno design\u00f3 a Manuel Adorni al frente del Directorio de YPF en reemplazo de Guillermo Francos"},"content":{"rendered":"\n<p class=\"has-medium-font-size\"><strong><em>El jefe de Gabinete asumir\u00e1 a la representaci\u00f3n del Estado. Renunci\u00f3 a sus honorarios de la firma y percibir\u00e1 solo el de ministro coordinador. Francos continuar\u00e1 como miembro directivo.<\/em><\/strong><\/p>\n\n\n\n<p><\/p>\n\n\n<div class=\"wp-block-image\">\n<figure class=\"aligncenter size-full\"><img decoding=\"async\" loading=\"lazy\" width=\"800\" height=\"450\" src=\"https:\/\/notinor.com\/jujuy\/wp-content\/uploads\/2026\/01\/manuel-adorni-1.jpg\" alt=\"\" class=\"wp-image-438037\" srcset=\"https:\/\/notinor.com\/jujuy\/wp-content\/uploads\/2026\/01\/manuel-adorni-1.jpg 800w, https:\/\/notinor.com\/jujuy\/wp-content\/uploads\/2026\/01\/manuel-adorni-1-649x365.jpg 649w, https:\/\/notinor.com\/jujuy\/wp-content\/uploads\/2026\/01\/manuel-adorni-1-500x280.jpg 500w, https:\/\/notinor.com\/jujuy\/wp-content\/uploads\/2026\/01\/manuel-adorni-1-768x432.jpg 768w, https:\/\/notinor.com\/jujuy\/wp-content\/uploads\/2026\/01\/manuel-adorni-1-750x422.jpg 750w\" sizes=\"(max-width: 800px) 100vw, 800px\" \/><\/figure><\/div>\n\n\n<p><\/p>\n\n\n\n<p>El jefe de Gabinete, Manuel Adorni, asumi\u00f3 esta ma\u00f1ana como miembro directivo de YPF en representaci\u00f3n del Estado, seg\u00fan confirmaron importantes fuentes. <strong>El funcionario ingresar\u00e1 a la junta como Director Titular clase A, con Acci\u00f3n de Oro, lugar que ocupaba hasta entonces Guillermo Francos, quien se quedar\u00e1 con silla del saliente Jos\u00e9 Rolandi, y al igual que su antecesor renunci\u00f3 a sus honorarios en la firma y percibir\u00e1 solo los haberes de funcionario p\u00fablico.<\/strong><\/p>\n\n\n\n<p>La incorporaci\u00f3n del exvocero se enmarca en una serie de cambios que instrument\u00f3 el Gobierno en la planta de autoridades de la firma que lidera Horacio Mar\u00edn. <strong>El Estado est\u00e1 a cargo del 51% de las acciones de la compa\u00f1\u00eda y tiene injerencia para avanzar en las designaciones.<\/strong><\/p>\n\n\n\n<p>Tras la firma que tuvo lugar est\u00e1 ma\u00f1ana en las oficinas de Puerto Madero, Adorni asumi\u00f3 la direcci\u00f3n titular con Acci\u00f3n de Oro de la compa\u00f1\u00eda energ\u00e9tica, derecho especial que otorga al Estado el poder de veto en determinas decisiones estrat\u00e9gicas. <strong>Junto a su designaci\u00f3n, tambi\u00e9n tuvo lugar el desembarco del exlegislador del PRO Mart\u00edn Maquieyra, en cumplimiento con un acuerdo con de La Libertad Avanza con el partido que -en los papeles- lidera Mauricio Macri.<\/strong><\/p>\n\n\n\n<p>Los cambios fueron posibilitados por las dos sillas vacantes en la n\u00f3mina de los 10 directores titulares que dejaron Jos\u00e9 Rolandi y Eduardo Rodriguez Chirillo, quienes dieron un paso al costado \u201cpor razones de \u00edndole personal\u201d como anticip\u00f3 este medio.<\/p>\n\n\n\n<p><strong>El procedimiento protocolar para estos casos inici\u00f3 con una reuni\u00f3n del Directorio, que tuvo lugar esta ma\u00f1ana, donde se aceptaron la renuncia de los integrantes salientes, se confirmaron las nuevas designaciones del Ejecutivo y se comunic\u00f3 la nueva integraci\u00f3n.<\/strong><\/p>\n\n\n\n<p>Hasta el momento, en la p\u00e1gina principal de la compa\u00f1\u00eda Francos y Jos\u00e9 Rolandi figuran en la lista y los nuevos integrantes todav\u00eda no fueron incluidos, pero desde la comunicaci\u00f3n de YPF aseguran que en los pr\u00f3ximos d\u00edas se ver\u00e1n reflejadas las modificaciones.<\/p>\n\n\n\n<p><strong>Al igual Nicol\u00e1s Posse y Guillermo Francos, sus antecesores en la coordinaci\u00f3n de ministros, Manuel Adorni no percibir\u00e1 el sueldo que le corresponde como director titular de YPF, dado que renunci\u00f3 al mismo, y solo cobrar\u00e1 su haber como integrante del Gabinete que es de de $5.900.000, en bruto.<\/strong><\/p>\n\n\n\n<p>En abril de 2025, la Asamblea de Accionistas de YPF aprob\u00f3 un monto total de $11.096.174.942 destinado a honorarios del Directorio y seg\u00fan las estimaciones, los contratos de las autoridades se calculan en $75 millones por mes. La cifra surge de la divisi\u00f3n del total aprobado por la cantidad de miembros, pero no tiene en cuenta gastos de funcionamiento, por lo que el monto salarial es menor.<\/p>\n\n\n\n<p>Tras la turbulenta salida del Gobierno, Francos confirm\u00f3 que mantendr\u00eda su lugar en la n\u00f3mina de autoridades de YPF y descart\u00f3 los n\u00fameros que le atribuyen a las escalas salariales. <strong>\u201cNunca cobr\u00e9 un peso de YPF porque era Jefe de Gabinete. Bueno, ahora es un trabajo y tendr\u00e9 que cobrar, pero esas cifras que se dicen son absolutamente rid\u00edculas\u201d,<\/strong> aclar\u00f3.<\/p>\n\n\n\n<p>Si bien no se trata de un traspaso l\u00edneal, Adorni y Maquieyra ingresaron tras la baja de Rodr\u00edguez Chirillo y Rolandi, y en calidad de Jefe de Gabinete adopt\u00f3 la Acci\u00f3n de Oro que hasta entonces manten\u00eda su antecesor en la administraci\u00f3n. Una vez institucionalizados los traspasos, el exfuncionario pasar\u00e1 de ser director titular clase A a ser re catalogado a la case D.<\/p>\n\n\n\n<p><strong>La diferencia entre las clases hace referencia a la representaci\u00f3n y al origen de su designaci\u00f3n. El director titular clase A es el accionista principal del Estado es poseedor de los derechos especiales contemplados en la Acci\u00f3n de Oro. <\/strong>Adem\u00e1s, es el canalizador de los interes p\u00fablicos en la conducci\u00f3n de la empresa. En la n\u00f3mina hay una solo autoridad de esta categor\u00eda.<\/p>\n\n\n\n<p>Por otra parte, los clase D, un total de 17 entre titulares y suplentes, contando al presidente de YPF, representan al sector privado y son designados por accionistas minoritarios.<\/p>\n\n\n\n<p><strong>Tras la firma de las nuevas autoridades, la compa\u00f1\u00eda hizo p\u00fablicos los cambios a trav\u00e9s de una comunicaci\u00f3n oficial para la Argentina y la Bolsa de Nueva York.<\/strong><\/p>\n\n\n\n<p>De esta forma, la firma que lidera Horacio Mar\u00edn tiene como director titular clase A con acci\u00f3n de oro a Manuel Adorni y como clase D a Guillermo Francos; Lisandro Catal\u00e1n; Mart\u00edn Maquieyra; Eduardo Alberto Ottino; Guillermo Gustavo Koenig; Emiliano Jos\u00e9 Mongilardi; C\u00e9sar Rodolfo Biffi; Andrea Mariana Confini; Gerardo Dami\u00e1n Canseco.La planta suplente est\u00e1 integrada por Santiago Mart\u00ednez Tanoira; Silvia Noem\u00ed Ayala; Mauricio Mart\u00edn; Mar\u00eda Martina Azcurra; Carla Antonela Matarese; Pamela Fernanda Verasay y Julio Alejandro Schiantarelli.<\/p>\n","protected":false},"excerpt":{"rendered":"<p>El jefe de Gabinete asumir\u00e1 a la representaci\u00f3n del Estado. Renunci\u00f3 a sus honorarios de la firma y percibir\u00e1 solo el de ministro coordinador. Francos continuar\u00e1 como miembro directivo. El jefe de Gabinete, Manuel Adorni, asumi\u00f3 esta ma\u00f1ana como miembro directivo de YPF en representaci\u00f3n del Estado, seg\u00fan confirmaron importantes fuentes. El funcionario ingresar\u00e1 a [&hellip;]<\/p>\n","protected":false},"author":49,"featured_media":438037,"comment_status":"open","ping_status":"open","sticky":false,"template":"","format":"standard","meta":{"_stopmodifiedupdate":false,"_modified_date":"","inline_featured_image":false,"spay_email":"","jetpack_publicize_message":""},"categories":[2,501],"tags":[],"jetpack_featured_media_url":"https:\/\/notinor.com\/jujuy\/wp-content\/uploads\/2026\/01\/manuel-adorni-1.jpg","jetpack_publicize_connections":[],"_links":{"self":[{"href":"https:\/\/notinor.com\/jujuy\/wp-json\/wp\/v2\/posts\/438036"}],"collection":[{"href":"https:\/\/notinor.com\/jujuy\/wp-json\/wp\/v2\/posts"}],"about":[{"href":"https:\/\/notinor.com\/jujuy\/wp-json\/wp\/v2\/types\/post"}],"author":[{"embeddable":true,"href":"https:\/\/notinor.com\/jujuy\/wp-json\/wp\/v2\/users\/49"}],"replies":[{"embeddable":true,"href":"https:\/\/notinor.com\/jujuy\/wp-json\/wp\/v2\/comments?post=438036"}],"version-history":[{"count":1,"href":"https:\/\/notinor.com\/jujuy\/wp-json\/wp\/v2\/posts\/438036\/revisions"}],"predecessor-version":[{"id":438038,"href":"https:\/\/notinor.com\/jujuy\/wp-json\/wp\/v2\/posts\/438036\/revisions\/438038"}],"wp:featuredmedia":[{"embeddable":true,"href":"https:\/\/notinor.com\/jujuy\/wp-json\/wp\/v2\/media\/438037"}],"wp:attachment":[{"href":"https:\/\/notinor.com\/jujuy\/wp-json\/wp\/v2\/media?parent=438036"}],"wp:term":[{"taxonomy":"category","embeddable":true,"href":"https:\/\/notinor.com\/jujuy\/wp-json\/wp\/v2\/categories?post=438036"},{"taxonomy":"post_tag","embeddable":true,"href":"https:\/\/notinor.com\/jujuy\/wp-json\/wp\/v2\/tags?post=438036"}],"curies":[{"name":"wp","href":"https:\/\/api.w.org\/{rel}","templated":true}]}}