{"id":438032,"date":"2026-01-30T13:21:17","date_gmt":"2026-01-30T16:21:17","guid":{"rendered":"https:\/\/notinor.com\/jujuy\/?p=438032"},"modified":"2026-01-30T13:21:31","modified_gmt":"2026-01-30T16:21:31","slug":"el-gobierno-confirmo-que-a-partir-de-febrero-las-tarifas-de-gas-aumentaran-169-y-las-de-la-luz-36","status":"publish","type":"post","link":"https:\/\/notinor.com\/jujuy\/el-gobierno-confirmo-que-a-partir-de-febrero-las-tarifas-de-gas-aumentaran-169-y-las-de-la-luz-36\/","title":{"rendered":"El Gobierno confirm\u00f3 que a partir de febrero las tarifas de gas aumentar\u00e1n 16,9% y las de la luz 3,6%"},"content":{"rendered":"\n<p class=\"has-medium-font-size\"><strong><em>Las facturas de gas de los usuarios residenciales aumentar\u00e1n entre $960 y $11.900 a partir del mes que viene. El Gobierno busca que no haya saltos bruscos en las boletas durante el invierno, cuando se incrementa el consumo.<\/em><\/strong><\/p>\n\n\n<div class=\"wp-block-image\">\n<figure class=\"aligncenter\"><img decoding=\"async\" src=\"https:\/\/tn.com.ar\/resizer\/v2\/foto-x-luiscaputoar-DBRIZJUC4FFMPGVQOMK6W6YB54.jpg?auth=3812003d8d0828c2b8d5de3442bc78f37b64c0e029b50d70b2a50ca993e43022&amp;width=767\" alt=\"(Foto: X \/ @luiscaputoAR)\"\/><figcaption class=\"wp-element-caption\">Luis Caputo y Mar\u00eda Tettamanti<\/figcaption><\/figure><\/div>\n\n\n<p>El\u00a0<strong>Gobierno<\/strong>\u00a0confirm\u00f3 que en\u00a0<strong>febrero de 2026<\/strong>\u00a0habr\u00e1 nuevos aumentos en las <strong>tarifas.<\/strong>Los ajustes promedio ser\u00e1n de\u00a0<strong>3,6% para la luz<\/strong>\u00a0y de\u00a0<strong>16,9% para el gas<\/strong>\u00a0en todo el pa\u00eds.<\/p>\n\n\n\n<p>El objetivo, seg\u00fan explicaron fuentes oficiales, es darle previsibilidad a los usuarios y&nbsp;<strong>evitar<\/strong>&nbsp;que las facturas de gas tengan<strong>&nbsp;saltos bruscos&nbsp;<\/strong>en los meses de mayor consumo, es decir, durante el invierno.<\/p>\n\n\n\n<p><strong>Cu\u00e1nto aumentan la luz y el gas en febrero de 2026<\/strong><\/p>\n\n\n\n<p>Para el\u00a0<strong>gas,<\/strong> el aumento promedio a nivel nacional ser\u00e1 del\u00a0<strong>16,86%<\/strong>. Este ajuste\u00a0<strong>impactar\u00e1 en todas las categor\u00edas residenciales<\/strong>, aunque el porcentaje y el monto final variar\u00e1n seg\u00fan el consumo y la zona.<\/p>\n\n\n<div class=\"wp-block-image\">\n<figure class=\"aligncenter\"><img decoding=\"async\" src=\"https:\/\/tn.com.ar\/resizer\/v2\/la-luz-aumentara-36-promedio-en-febrero-para-los-usuarios-de-edenor-y-edesur-foto-edesur-DSQFWKTGHREQFNGE6S7UIPHTGU.jpg?auth=98cef4358ae75280a7fa85ada9a5ef5d87b39c363d915f7b21343e0122ea5006&amp;width=767\" alt=\"La luz aumentar\u00e1 3,6% promedio en febrero para los usuarios de Edenor y Edesur. (Foto: Edesur).\"\/><figcaption class=\"wp-element-caption\">La luz aumentar\u00e1 3,6% promedio en febrero para los usuarios de Edenor y Edesur<\/figcaption><\/figure><\/div>\n\n\n<p>En el caso de la\u00a0<strong>electricidad<\/strong>, el incremento promedio ser\u00e1 del\u00a0<strong>3,59%<\/strong>\u00a0para los usuarios del\u00a0<strong>AMBA<\/strong>\u00a0(\u00e1rea metropolitana de Buenos Aires), es decir, para quienes reciben el servicio de<strong> Edeno<\/strong>r y <strong>Edesur<\/strong>. En el resto del pa\u00eds, el ajuste depender\u00e1 de cada jurisdicci\u00f3n provincial.<\/p>\n\n\n\n<p><strong>C\u00f3mo impactan los aumentos de gas en los hogares<\/strong><\/p>\n\n\n\n<p>El impacto de los aumentos ser\u00e1 diferente seg\u00fan la categor\u00eda de usuario y el nivel de consumo.<\/p>\n\n\n\n<ul>\n<li><strong>La categor\u00eda Residencial m\u00e1s numerosa (R1)<\/strong>, que representa el&nbsp;<strong>42% del total de usuarios<\/strong>&nbsp;(casi 4 millones de hogares), tendr\u00e1 aumentos de&nbsp;<strong>$3000 o menos<\/strong>.<\/li>\n\n\n\n<li><strong>Aproximadamente 1 de cada 5 usuarios<\/strong>&nbsp;ver\u00e1 un incremento menor a&nbsp;<strong>$1000<\/strong>.<\/li>\n\n\n\n<li>Para las&nbsp;<strong>primeras 4 categor\u00edas residenciales<\/strong>&nbsp;(el 70% de los usuarios de gas del pa\u00eds), los aumentos promediar\u00e1n entre&nbsp;<strong>$960 y $6400<\/strong>.<\/li>\n\n\n\n<li>Para el&nbsp;<strong>30% restante<\/strong>, que corresponde a las categor\u00edas residenciales de mayor consumo, los incrementos ir\u00e1n de&nbsp;<strong>$2900 a $11.300<\/strong>&nbsp;en promedio.<\/li>\n<\/ul>\n\n\n\n<p><strong>Las claves de los aumentos de tarifas<\/strong><\/p>\n\n\n\n<p>Seg\u00fan explic\u00f3 el Gobierno, las subas de febrero responden a varios factores:<\/p>\n\n\n\n<ul>\n<li>La cuota mensual de la<strong>&nbsp;Revisi\u00f3n Quinquenal Tarifaria<\/strong><\/li>\n\n\n\n<li><strong>Ajuste mensual por la f\u00f3rmula que sigue a la inflaci\u00f3n&nbsp;<\/strong>(IPIM+IPC), que busca que las tarifas no pierdan valor.<\/li>\n\n\n\n<li>Aplicaci\u00f3n del&nbsp;<strong>nuevo esquema de subsidios energ\u00e9ticos focalizados<\/strong>&nbsp;(SEF).<\/li>\n\n\n\n<li><strong>Unificaci\u00f3n del precio del gas durante todo el a\u00f1o<\/strong>, lo que genera un salto en febrero, un mes de bajo consumo<\/li>\n<\/ul>\n\n\n\n<p>La idea oficial es que&nbsp;<strong>los usuarios tengan mayor previsibilidad<\/strong>&nbsp;y no sufran sobresaltos estacionales en la factura, sobre todo cuando m\u00e1s necesitan consumir gas en invierno.<\/p>\n","protected":false},"excerpt":{"rendered":"<p>Las facturas de gas de los usuarios residenciales aumentar\u00e1n entre $960 y $11.900 a partir del mes que viene. El Gobierno busca que no haya saltos bruscos en las boletas durante el invierno, cuando se incrementa el consumo. El\u00a0Gobierno\u00a0confirm\u00f3 que en\u00a0febrero de 2026\u00a0habr\u00e1 nuevos aumentos en las tarifas.Los ajustes promedio ser\u00e1n de\u00a03,6% para la luz\u00a0y [&hellip;]<\/p>\n","protected":false},"author":5,"featured_media":438033,"comment_status":"open","ping_status":"open","sticky":false,"template":"","format":"standard","meta":{"_stopmodifiedupdate":false,"_modified_date":"","inline_featured_image":false,"spay_email":"","jetpack_publicize_message":""},"categories":[676],"tags":[],"jetpack_featured_media_url":"https:\/\/notinor.com\/jujuy\/wp-content\/uploads\/2026\/01\/AUMENTOS.jpg","jetpack_publicize_connections":[],"_links":{"self":[{"href":"https:\/\/notinor.com\/jujuy\/wp-json\/wp\/v2\/posts\/438032"}],"collection":[{"href":"https:\/\/notinor.com\/jujuy\/wp-json\/wp\/v2\/posts"}],"about":[{"href":"https:\/\/notinor.com\/jujuy\/wp-json\/wp\/v2\/types\/post"}],"author":[{"embeddable":true,"href":"https:\/\/notinor.com\/jujuy\/wp-json\/wp\/v2\/users\/5"}],"replies":[{"embeddable":true,"href":"https:\/\/notinor.com\/jujuy\/wp-json\/wp\/v2\/comments?post=438032"}],"version-history":[{"count":1,"href":"https:\/\/notinor.com\/jujuy\/wp-json\/wp\/v2\/posts\/438032\/revisions"}],"predecessor-version":[{"id":438034,"href":"https:\/\/notinor.com\/jujuy\/wp-json\/wp\/v2\/posts\/438032\/revisions\/438034"}],"wp:featuredmedia":[{"embeddable":true,"href":"https:\/\/notinor.com\/jujuy\/wp-json\/wp\/v2\/media\/438033"}],"wp:attachment":[{"href":"https:\/\/notinor.com\/jujuy\/wp-json\/wp\/v2\/media?parent=438032"}],"wp:term":[{"taxonomy":"category","embeddable":true,"href":"https:\/\/notinor.com\/jujuy\/wp-json\/wp\/v2\/categories?post=438032"},{"taxonomy":"post_tag","embeddable":true,"href":"https:\/\/notinor.com\/jujuy\/wp-json\/wp\/v2\/tags?post=438032"}],"curies":[{"name":"wp","href":"https:\/\/api.w.org\/{rel}","templated":true}]}}