{"id":437987,"date":"2026-01-29T13:26:51","date_gmt":"2026-01-29T16:26:51","guid":{"rendered":"https:\/\/notinor.com\/jujuy\/?p=437987"},"modified":"2026-01-29T13:26:53","modified_gmt":"2026-01-29T16:26:53","slug":"se-reprograma-la-primera-fecha-de-los-corsos-capitalinos-por-pronostico-de-lluvias","status":"publish","type":"post","link":"https:\/\/notinor.com\/jujuy\/se-reprograma-la-primera-fecha-de-los-corsos-capitalinos-por-pronostico-de-lluvias\/","title":{"rendered":"Se reprograma la primera fecha de los Corsos Capitalinos por pron\u00f3stico de lluvias"},"content":{"rendered":"\n<p class=\"has-medium-font-size\"><strong><em>La Municipalidad de San Salvador de Jujuy inform\u00f3 la reprogramaci\u00f3n de las fechas de los Corsos Capitalinos previstas originalmente para el 31 de enero y 1 de febrero, debido a la alta probabilidad de lluvias pronosticadas para ese fin de semana.<\/em><\/strong><\/p>\n\n\n<div class=\"wp-block-image\">\n<figure class=\"aligncenter\"><img decoding=\"async\" src=\"https:\/\/www.sansalvadordejujuy.gob.ar\/wp-content\/uploads\/2026\/01\/Nuevas-fechas-corsos-Prensa-Muni-Jujuy3-1024x601.jpg\" alt=\"\" class=\"wp-image-99679\"\/><\/figure><\/div>\n\n\n<p>Al respecto, el director de Cultura del municipio, <strong>Joaqu\u00edn L\u00f3pez<\/strong> explic\u00f3 que la decisi\u00f3n se tom\u00f3 tras analizar informes de distintos servicios meteorol\u00f3gicos y en di\u00e1logo con las comparsas y referentes que forman parte de la organizaci\u00f3n del evento. \u201cSabemos que en esta \u00e9poca de verano las lluvias son inevitables y es uno de los grandes temas que tenemos en cuenta a la hora de programar los Corsos. Dada la envergadura de los Corsos capitalinos, hemos decidido posponerlos\u201d, se\u00f1al\u00f3.<\/p>\n\n\n\n<p>De esta manera, los corsos previstos para el 31 de enero y 1 de febrero se realizar\u00e1n finalmente los d\u00edas 21 y 22 de febrero, sobre Avenida Savio, completando as\u00ed la segunda parte de los Corsos Capitalinos. En tanto, las fechas del 7 y 8 de febrero se mantienen sin modificaciones y se desarrollar\u00e1n como estaba previsto en Avenida Forestal, en el barrio Alto Comedero, correspondientes al primer fin de semana de los corsos.<\/p>\n\n\n\n<p>Desde la organizaci\u00f3n se record\u00f3 que el inicio del desfile est\u00e1 previsto para las 18 horas, siempre sujeto a las condiciones clim\u00e1ticas. \u201cDependemos de que no llueva, as\u00ed que crucemos los dedos para que tengamos fines de semana despejados y podamos disfrutar\u201d, agreg\u00f3 el funcionario.<\/p>\n\n\n<div class=\"wp-block-image\">\n<figure class=\"aligncenter\"><img decoding=\"async\" src=\"https:\/\/www.sansalvadordejujuy.gob.ar\/wp-content\/uploads\/2026\/01\/Nuevas-fechas-corsos-Prensa-Muni-Jujuy-1024x616.jpg\" alt=\"\" class=\"wp-image-99680\"\/><\/figure><\/div>\n\n\n<p>Finalmente, el director de Cultura destac\u00f3 y agradeci\u00f3 el trabajo de todas las personas involucradas en la realizaci\u00f3n del evento. \u201cNo solo los artistas, sino tambi\u00e9n quienes trabajan tras bambalinas, que realizan un esfuerzo descomunal. Estas situaciones son inevitables, pero seguimos trabajando para que los Corsos se desarrollen de la mejor manera posible\u201d, concluy\u00f3.<\/p>\n\n\n\n<p>Nota audiovisual:&nbsp;<a href=\"https:\/\/youtu.be\/FcKojiMW8co\">https:\/\/youtu.be\/FcKojiMW8co<\/a><\/p>\n","protected":false},"excerpt":{"rendered":"<p>La Municipalidad de San Salvador de Jujuy inform\u00f3 la reprogramaci\u00f3n de las fechas de los Corsos Capitalinos previstas originalmente para el 31 de enero y 1 de febrero, debido a la alta probabilidad de lluvias pronosticadas para ese fin de semana. Al respecto, el director de Cultura del municipio, Joaqu\u00edn L\u00f3pez explic\u00f3 que la decisi\u00f3n [&hellip;]<\/p>\n","protected":false},"author":5,"featured_media":437988,"comment_status":"open","ping_status":"open","sticky":false,"template":"","format":"standard","meta":{"_stopmodifiedupdate":false,"_modified_date":"","inline_featured_image":false,"spay_email":"","jetpack_publicize_message":""},"categories":[2],"tags":[],"jetpack_featured_media_url":"https:\/\/notinor.com\/jujuy\/wp-content\/uploads\/2026\/01\/CORSOS-1.jpg","jetpack_publicize_connections":[],"_links":{"self":[{"href":"https:\/\/notinor.com\/jujuy\/wp-json\/wp\/v2\/posts\/437987"}],"collection":[{"href":"https:\/\/notinor.com\/jujuy\/wp-json\/wp\/v2\/posts"}],"about":[{"href":"https:\/\/notinor.com\/jujuy\/wp-json\/wp\/v2\/types\/post"}],"author":[{"embeddable":true,"href":"https:\/\/notinor.com\/jujuy\/wp-json\/wp\/v2\/users\/5"}],"replies":[{"embeddable":true,"href":"https:\/\/notinor.com\/jujuy\/wp-json\/wp\/v2\/comments?post=437987"}],"version-history":[{"count":1,"href":"https:\/\/notinor.com\/jujuy\/wp-json\/wp\/v2\/posts\/437987\/revisions"}],"predecessor-version":[{"id":437989,"href":"https:\/\/notinor.com\/jujuy\/wp-json\/wp\/v2\/posts\/437987\/revisions\/437989"}],"wp:featuredmedia":[{"embeddable":true,"href":"https:\/\/notinor.com\/jujuy\/wp-json\/wp\/v2\/media\/437988"}],"wp:attachment":[{"href":"https:\/\/notinor.com\/jujuy\/wp-json\/wp\/v2\/media?parent=437987"}],"wp:term":[{"taxonomy":"category","embeddable":true,"href":"https:\/\/notinor.com\/jujuy\/wp-json\/wp\/v2\/categories?post=437987"},{"taxonomy":"post_tag","embeddable":true,"href":"https:\/\/notinor.com\/jujuy\/wp-json\/wp\/v2\/tags?post=437987"}],"curies":[{"name":"wp","href":"https:\/\/api.w.org\/{rel}","templated":true}]}}