{"id":437984,"date":"2026-01-29T13:21:41","date_gmt":"2026-01-29T16:21:41","guid":{"rendered":"https:\/\/notinor.com\/jujuy\/?p=437984"},"modified":"2026-01-29T13:21:44","modified_gmt":"2026-01-29T16:21:44","slug":"el-municipio-aclara-que-usuarios-de-beneficios-sociales-de-la-tarjeta-sube-no-deben-realizar-ningun-tramite-de-actualizacion","status":"publish","type":"post","link":"https:\/\/notinor.com\/jujuy\/el-municipio-aclara-que-usuarios-de-beneficios-sociales-de-la-tarjeta-sube-no-deben-realizar-ningun-tramite-de-actualizacion\/","title":{"rendered":"El Municipio aclara que usuarios de beneficios sociales de la tarjeta SUBE no deben realizar ning\u00fan tr\u00e1mite de actualizaci\u00f3n"},"content":{"rendered":"\n<p class=\"has-medium-font-size\"><strong><em>La Municipalidad de San Salvador de Jujuy inform\u00f3 que las personas que ya accedieron a alg\u00fan beneficio social nacional a trav\u00e9s de la tarjeta SUBE no deben realizar ning\u00fan tr\u00e1mite ni acercarse a las terminales TAS para actualizar datos, ya que la actualizaci\u00f3n de los beneficios se realiza de manera autom\u00e1tica y no tiene fecha de vencimiento.<\/em><\/strong><\/p>\n\n\n<div class=\"wp-block-image\">\n<figure class=\"aligncenter\"><img decoding=\"async\" src=\"https:\/\/www.sansalvadordejujuy.gob.ar\/wp-content\/uploads\/2026\/01\/beneficios-SUBE2-1024x541.jpg\" alt=\"\" class=\"wp-image-99673\"\/><\/figure><\/div>\n\n\n<p>En este sentido, la directora de Atributos Sociales,<strong> Cynthia Haquim,<\/strong> explic\u00f3 que la aclaraci\u00f3n surge a partir de informaci\u00f3n err\u00f3nea que gener\u00f3 confusi\u00f3n entre los usuarios, \u201ctenemos un inconveniente, porque ha salido una noticia que informa que todas las personas que tienen un beneficio social deben acercarse al municipio para actualizar la tarjeta y sus datos. Esto no es as\u00ed, no deben realizar ninguna actualizaci\u00f3n, la actualizaci\u00f3n del beneficio social nacional es autom\u00e1tica, por lo tanto, aquellos que ya lo tienen no tienen que acercarse a ning\u00fan punto, no tienen que hacer ning\u00fan tr\u00e1mite\u201d, remarc\u00f3.<\/p>\n\n\n\n<p>Asimismo, Haquim detall\u00f3 que solo deben acercarse aquellas personas que deseen realizar el tr\u00e1mite por primera vez, ya sea por jubilaci\u00f3n, pensi\u00f3n, amas de casa u otros programas sociales, \u201c\u00fanicamente deben acercarse aquellas personas que por primera vez quieran hacer este tr\u00e1mite, pero los que ya lo tienen no deben acercarse al municipio\u201d, enfatiz\u00f3.<\/p>\n\n\n<div class=\"wp-block-image\">\n<figure class=\"aligncenter\"><img decoding=\"async\" src=\"https:\/\/www.sansalvadordejujuy.gob.ar\/wp-content\/uploads\/2026\/01\/beneficios-SUBE1-1024x702.jpg\" alt=\"\" class=\"wp-image-99672\"\/><\/figure><\/div>\n\n\n<p>Por otro lado, la funcionaria inform\u00f3 que los tr\u00e1mites para pases libres por discapacidad, veteranos de guerra y adultos mayores se habilitar\u00e1n a partir del 9 de febrero, y se realizar\u00e1n de forma virtual, \u201cel tr\u00e1mite se realizar\u00e1 a trav\u00e9s de la p\u00e1gina del municipio, de la misma forma que se hace todos los a\u00f1os, descargando el CUT y el documento, que son los \u00fanicos requisitos que pedimos, adem\u00e1s de la tarjeta registrada a su nombre\u201d, explic\u00f3.<\/p>\n\n\n\n<p>Finalmente, la directora de Atributos Sociales reiter\u00f3 el pedido a la comunidad para evitar concurrir innecesariamente a los puntos de atenci\u00f3n, \u201cle pedimos a toda la gente que viene a hacer la actualizaci\u00f3n de datos que no vengan, porque no es necesario el tr\u00e1mite, el beneficio se actualiza autom\u00e1ticamente\u201d, sostuvo.<\/p>\n\n\n\n<p>Cabe recordar que los beneficiarios del 55% de descuento aplicado a trav\u00e9s de ANSES son veteranos de guerra, personas con discapacidad, beneficiarios de planes Progresar, amas de casa, Potenciar Trabajo, jubilados y pensionados.<\/p>\n\n\n\n<p>Nota audiovisual:&nbsp;<a href=\"https:\/\/youtu.be\/Z5YwmCSm69Q\">https:\/\/youtu.be\/Z5YwmCSm69Q<\/a><\/p>\n","protected":false},"excerpt":{"rendered":"<p>La Municipalidad de San Salvador de Jujuy inform\u00f3 que las personas que ya accedieron a alg\u00fan beneficio social nacional a trav\u00e9s de la tarjeta SUBE no deben realizar ning\u00fan tr\u00e1mite ni acercarse a las terminales TAS para actualizar datos, ya que la actualizaci\u00f3n de los beneficios se realiza de manera autom\u00e1tica y no tiene fecha [&hellip;]<\/p>\n","protected":false},"author":5,"featured_media":437985,"comment_status":"open","ping_status":"open","sticky":false,"template":"","format":"standard","meta":{"_stopmodifiedupdate":false,"_modified_date":"","inline_featured_image":false,"spay_email":"","jetpack_publicize_message":""},"categories":[514],"tags":[],"jetpack_featured_media_url":"https:\/\/notinor.com\/jujuy\/wp-content\/uploads\/2026\/01\/ACLARACION.jpg","jetpack_publicize_connections":[],"_links":{"self":[{"href":"https:\/\/notinor.com\/jujuy\/wp-json\/wp\/v2\/posts\/437984"}],"collection":[{"href":"https:\/\/notinor.com\/jujuy\/wp-json\/wp\/v2\/posts"}],"about":[{"href":"https:\/\/notinor.com\/jujuy\/wp-json\/wp\/v2\/types\/post"}],"author":[{"embeddable":true,"href":"https:\/\/notinor.com\/jujuy\/wp-json\/wp\/v2\/users\/5"}],"replies":[{"embeddable":true,"href":"https:\/\/notinor.com\/jujuy\/wp-json\/wp\/v2\/comments?post=437984"}],"version-history":[{"count":1,"href":"https:\/\/notinor.com\/jujuy\/wp-json\/wp\/v2\/posts\/437984\/revisions"}],"predecessor-version":[{"id":437986,"href":"https:\/\/notinor.com\/jujuy\/wp-json\/wp\/v2\/posts\/437984\/revisions\/437986"}],"wp:featuredmedia":[{"embeddable":true,"href":"https:\/\/notinor.com\/jujuy\/wp-json\/wp\/v2\/media\/437985"}],"wp:attachment":[{"href":"https:\/\/notinor.com\/jujuy\/wp-json\/wp\/v2\/media?parent=437984"}],"wp:term":[{"taxonomy":"category","embeddable":true,"href":"https:\/\/notinor.com\/jujuy\/wp-json\/wp\/v2\/categories?post=437984"},{"taxonomy":"post_tag","embeddable":true,"href":"https:\/\/notinor.com\/jujuy\/wp-json\/wp\/v2\/tags?post=437984"}],"curies":[{"name":"wp","href":"https:\/\/api.w.org\/{rel}","templated":true}]}}