{"id":437977,"date":"2026-01-29T12:26:11","date_gmt":"2026-01-29T15:26:11","guid":{"rendered":"https:\/\/notinor.com\/jujuy\/?p=437977"},"modified":"2026-01-29T12:26:14","modified_gmt":"2026-01-29T15:26:14","slug":"en-medio-de-los-incendios-en-chubut-el-gobierno-transferira-mas-de-100-000-millones-a-bomberos-voluntarios","status":"publish","type":"post","link":"https:\/\/notinor.com\/jujuy\/en-medio-de-los-incendios-en-chubut-el-gobierno-transferira-mas-de-100-000-millones-a-bomberos-voluntarios\/","title":{"rendered":"En medio de los incendios en Chubut, el Gobierno transferir\u00e1 m\u00e1s de $100.000 millones a Bomberos Voluntarios"},"content":{"rendered":"\n<p class=\"has-medium-font-size\"><strong><em>La medida fue publicada hoy en el Bolet\u00edn Oficial. Responde a un pedido de los gobernadores patag\u00f3nicos, que reclaman fondos y herramientas excepcionales para enfrentar la emergencia \u00edgnea.<\/em><\/strong><\/p>\n\n\n<div class=\"wp-block-image\">\n<figure class=\"aligncenter\"><img decoding=\"async\" src=\"https:\/\/tn.com.ar\/resizer\/v2\/cientos-de-brigadistas-trabajan-desde-hace-mas-de-una-semana-combatiendo-el-fuego-foto-efe-SSNOKZOOCNBY7MAWEJF7DFYQYM.jpg?auth=ff74f11d021c4b0cc34f0158f898f842437d7eff15c3a1abe24d3ccbbce9ed35&amp;width=767\" alt=\"Cientos de brigadistas trabajan desde hace m\u00e1s de una semana combatiendo el fuego. (Foto: EFE)\"\/><figcaption class=\"wp-element-caption\">Cientos de brigadistas combaten el fuego en Chubut desde hace tres semanas<\/figcaption><\/figure><\/div>\n\n\n<p>En medio de los <strong>incendios forestales<\/strong> que castigan a la\u00a0<strong>cordillera chubutense<\/strong>\u00a0y del reclamo de los <strong>gobernadores patag\u00f3nicos<\/strong>\u00a0por mayores recursos, el\u00a0<strong>Gobierno\u00a0<\/strong>resolvi\u00f3 transferir\u00a0<strong>m\u00e1s de $100.000 millones<\/strong>\u00a0al sistema de <strong>Bomberos Voluntarios<\/strong>.<\/p>\n\n\n\n<p>La medida qued\u00f3 formalizada a trav\u00e9s de la Resoluci\u00f3n 91\/2026 del&nbsp;<strong>Ministerio de Seguridad<\/strong>, publicada en el&nbsp;<strong>Bolet\u00edn Oficial<\/strong>, y prev\u00e9 la distribuci\u00f3n de fondos a m\u00e1s de mil entidades de todo el pa\u00eds para la&nbsp;<strong>compra de equipamiento, capacitaci\u00f3n y gastos operativos<\/strong>.<\/p>\n\n\n\n<p>Seg\u00fan el texto oficial, el monto total asignado asciende a<strong>&nbsp;$100.810.319.998,50<\/strong>&nbsp;y ser\u00e1 distribuido entre&nbsp;<strong>1062 asociaciones de bomberos voluntarios de primer grado<\/strong>. A cada una de esas entidades le corresponder\u00e1n $94.924.971,75, destinados a la adquisici\u00f3n de equipamiento, materiales, indumentaria y otros elementos vinculados a la lucha contra el fuego y a la protecci\u00f3n civil de la poblaci\u00f3n, as\u00ed como al mantenimiento de los recursos ya existentes.<\/p>\n\n\n\n<p>La resoluci\u00f3n se conoce en un contexto de<strong>&nbsp;emergencia ambiental<\/strong>&nbsp;en el sur del pa\u00eds, donde los incendios avanzan sobre el bosque nativo pese a las lluvias d\u00e9biles registradas en las \u00faltimas horas. En zonas cercanas al&nbsp;<strong>Parque Nacional Los Alerces, Cholila y Trevelin<\/strong>, el fuego contin\u00faa activo y las autoridades locales mantienen el alerta m\u00e1ximo. Desde la Federaci\u00f3n Chubutense de Bomberos advirtieron que el personal se encuentra exhausto:&nbsp;<strong>\u201cLos bomberos est\u00e1n cansados\u201d<\/strong>, se\u00f1alaron, al remarcar que algunos brigadistas llevan m\u00e1s de 20 d\u00edas de trabajo ininterrumpido.<\/p>\n\n\n\n<p>El esquema de distribuci\u00f3n de fondos dispuesto por el Ministerio de Seguridad Nacional no se limita a las asociaciones de primer grado. La norma tambi\u00e9n asigna&nbsp;<strong>$7.754.639.995,93<\/strong>&nbsp;a las&nbsp;<strong>entidades de segundo grado provinciales<\/strong>, que figuran en el Anexo II de la resoluci\u00f3n, para gastos de funcionamiento, representaci\u00f3n y cumplimiento de las obligaciones previstas en la Ley 25.054. Un monto id\u00e9ntico ser\u00e1 destinado a esas mismas entidades para&nbsp;<strong>gastos de capacitaci\u00f3n<\/strong>&nbsp;de bomberos voluntarios y directivos.<\/p>\n\n\n\n<p>Adem\u00e1s, se asignaron&nbsp;<strong>$2.584.880.009,64<\/strong>&nbsp;a la&nbsp;<strong>Agencia Federal de Emergencias<\/strong>, a trav\u00e9s de la Direcci\u00f3n Nacional de Bomberos Voluntarios, para afrontar gastos vinculados a fiscalizaci\u00f3n, adquisici\u00f3n de equipamiento, capacitaci\u00f3n, subsidios extraordinarios y otras funciones previstas en la ley. En tanto, el&nbsp;<strong>Consejo de Federaciones de Bomberos Voluntarios<\/strong>&nbsp;de la Rep\u00fablica Argentina recibir\u00e1&nbsp;<strong>$7.754.640.000<\/strong>&nbsp;para el funcionamiento y desarrollo de la Academia Nacional de Capacitaci\u00f3n, y otros $2.584.880.000 para gastos operativos y de representaci\u00f3n.<\/p>\n\n\n<div class=\"wp-block-image\">\n<figure class=\"aligncenter\"><img decoding=\"async\" src=\"https:\/\/tn.com.ar\/resizer\/v2\/hay-unas-230000-hectareas-afectadas-en-toda-la-region-foto-reuters-TD2SGRJZFS3H5LTPWZJQDQRFJI.jpg?auth=69f5d29f439280de3445ccda6d9e3b425b8300b60edaac29a7b42ee9636a2b71&amp;width=767\" alt=\"Hay unas 230.000 hect\u00e1reas afectadas en toda la regi\u00f3n. (Foto: Reuters)\"\/><figcaption class=\"wp-element-caption\">Hay unas 230.000 hect\u00e1reas afectadas en toda la regi\u00f3n<\/figcaption><\/figure><\/div>\n\n\n<p>La resoluci\u00f3n establece que&nbsp;<strong>los pagos se efectuar\u00e1n de manera progresiva<\/strong>, de acuerdo con los ingresos que se registren en la cuenta recaudadora del&nbsp;<strong>Banco Naci\u00f3n<\/strong>&nbsp;y con las cuotas presupuestarias asignadas a cada trimestre. Tambi\u00e9n se fija como criterio de prioridad el cumplimiento en tiempo y forma de las rendiciones de cuentas por parte de las entidades beneficiarias. Aquellas instituciones que presenten&nbsp;<strong>incumplimientos administrativos<\/strong>&nbsp;no percibir\u00e1n los fondos hasta regularizar su situaci\u00f3n.<\/p>\n\n\n\n<p>El texto oficial remarca, adem\u00e1s, que todos los bienes adquiridos con estos subsidios deber\u00e1n ser&nbsp;<strong>inventariados&nbsp;<\/strong>y, en determinados casos, identificados p\u00fablicamente con la leyenda: \u201cSubsidio Nacional Ley N\u00b0 25.054. Ministerio de Seguridad Nacional \u2013 Presidencia de la Naci\u00f3n\u201d. Asimismo,&nbsp;<strong>se exime a las entidades del pago de impuestos nacionales y tasas aduaneras<\/strong>&nbsp;para la importaci\u00f3n de equipamiento.<\/p>\n\n\n\n<p>La decisi\u00f3n del Gobierno se produce mientras los&nbsp;<strong>gobernadores del sur del pa\u00eds<\/strong>&nbsp;insisten en la necesidad de avanzar con la<strong>&nbsp;ley de emergencia \u00edgnea<\/strong>. En los \u00faltimos d\u00edas,&nbsp;<strong>Ignacio Torres<\/strong>, junto a otros mandatarios patag\u00f3nicos, reclam\u00f3 que el proyecto sea tratado con urgencia en el Congreso, al advertir que la magnitud del desastre \u2014con unas&nbsp;<strong>230.000 hect\u00e1reas afectadas<\/strong>&nbsp;en toda la regi\u00f3n\u2014 requiere herramientas excepcionales y fondos espec\u00edficos.<\/p>\n\n\n\n<p>Mientras tanto, el combate contra el fuego contin\u00faa en el terreno, con brigadistas llegados desde distintas provincias para reforzar a los equipos locales. En paralelo, en Chubut avanza una&nbsp;<strong>investigaci\u00f3n judicial para determinar posibles responsabilidades<\/strong>&nbsp;en el manejo inicial de los incendios.<\/p>\n","protected":false},"excerpt":{"rendered":"<p>La medida fue publicada hoy en el Bolet\u00edn Oficial. Responde a un pedido de los gobernadores patag\u00f3nicos, que reclaman fondos y herramientas excepcionales para enfrentar la emergencia \u00edgnea. En medio de los incendios forestales que castigan a la\u00a0cordillera chubutense\u00a0y del reclamo de los gobernadores patag\u00f3nicos\u00a0por mayores recursos, el\u00a0Gobierno\u00a0resolvi\u00f3 transferir\u00a0m\u00e1s de $100.000 millones\u00a0al sistema de Bomberos [&hellip;]<\/p>\n","protected":false},"author":5,"featured_media":437978,"comment_status":"open","ping_status":"open","sticky":false,"template":"","format":"standard","meta":{"_stopmodifiedupdate":false,"_modified_date":"","inline_featured_image":false,"spay_email":"","jetpack_publicize_message":""},"categories":[5],"tags":[],"jetpack_featured_media_url":"https:\/\/notinor.com\/jujuy\/wp-content\/uploads\/2026\/01\/CHUBUT-1.jpg","jetpack_publicize_connections":[],"_links":{"self":[{"href":"https:\/\/notinor.com\/jujuy\/wp-json\/wp\/v2\/posts\/437977"}],"collection":[{"href":"https:\/\/notinor.com\/jujuy\/wp-json\/wp\/v2\/posts"}],"about":[{"href":"https:\/\/notinor.com\/jujuy\/wp-json\/wp\/v2\/types\/post"}],"author":[{"embeddable":true,"href":"https:\/\/notinor.com\/jujuy\/wp-json\/wp\/v2\/users\/5"}],"replies":[{"embeddable":true,"href":"https:\/\/notinor.com\/jujuy\/wp-json\/wp\/v2\/comments?post=437977"}],"version-history":[{"count":1,"href":"https:\/\/notinor.com\/jujuy\/wp-json\/wp\/v2\/posts\/437977\/revisions"}],"predecessor-version":[{"id":437979,"href":"https:\/\/notinor.com\/jujuy\/wp-json\/wp\/v2\/posts\/437977\/revisions\/437979"}],"wp:featuredmedia":[{"embeddable":true,"href":"https:\/\/notinor.com\/jujuy\/wp-json\/wp\/v2\/media\/437978"}],"wp:attachment":[{"href":"https:\/\/notinor.com\/jujuy\/wp-json\/wp\/v2\/media?parent=437977"}],"wp:term":[{"taxonomy":"category","embeddable":true,"href":"https:\/\/notinor.com\/jujuy\/wp-json\/wp\/v2\/categories?post=437977"},{"taxonomy":"post_tag","embeddable":true,"href":"https:\/\/notinor.com\/jujuy\/wp-json\/wp\/v2\/tags?post=437977"}],"curies":[{"name":"wp","href":"https:\/\/api.w.org\/{rel}","templated":true}]}}