{"id":437964,"date":"2026-01-29T10:28:33","date_gmt":"2026-01-29T13:28:33","guid":{"rendered":"https:\/\/notinor.com\/jujuy\/?p=437964"},"modified":"2026-01-29T10:28:35","modified_gmt":"2026-01-29T13:28:35","slug":"cultura-en-7-dias-la-agenda-completa-de-actividades-en-jujuy","status":"publish","type":"post","link":"https:\/\/notinor.com\/jujuy\/cultura-en-7-dias-la-agenda-completa-de-actividades-en-jujuy\/","title":{"rendered":"Cultura en 7 d\u00edas: la agenda completa de actividades en Jujuy"},"content":{"rendered":"\n<p class=\"has-medium-font-size\"><strong><em>Entre el fervor de la Candelaria y los ablandes de Carnaval, la provincia de Jujuy cierra enero y comienza febrero con eventos en todo el territorio.<\/em><\/strong><\/p>\n\n\n<div class=\"wp-block-image\">\n<figure class=\"aligncenter\"><img decoding=\"async\" src=\"https:\/\/media.prensa.jujuy.gob.ar\/p\/9cd2c0c56054af0f27dcd9ba29e26c3f\/adjuntos\/301\/imagenes\/000\/422\/0000422609\/1200x0\/smart\/captura-pantalla-2026-01-28-las-221214.png\" alt=\"Cultura en 7 d\u00edas: la agenda completa de actividades en Jujuy\" title=\"Cultura en 7 d\u00edas: la agenda completa de actividades en Jujuy\"\/><\/figure><\/div>\n\n\n<p>La provincia entra en una de sus semanas m\u00e1s intensas a nivel cultural. Mientras el Enero Tilcare\u00f1o contin\u00faa su marcha, Humahuaca, Tumbaya y Cieneguillas se visten de fiesta para honrar a la Virgen de la Candelaria. Adem\u00e1s, los corsos y \"ablandes\" anticipan el d<strong>esentierro del Carnaval<\/strong>&nbsp;en toda la geograf\u00eda juje\u00f1a<strong>.<\/strong><\/p>\n\n\n\n<p><strong>Jueves 29: Jueves de Ahijados y Talleres<\/strong><\/p>\n\n\n\n<p>Humahuaca: Inicia el ciclo festivo con el Jueves de Ahijados en el Anfiteatro Municipal (11:00 hs).<\/p>\n\n\n\n<p>Tilcara: Espacio de creaci\u00f3n con el Taller de Amigurumis en el Hotel de Turismo (15:00 hs).<\/p>\n\n\n\n<p>San Salvador: Formaci\u00f3n t\u00e9cnica con el Taller Intensivo de Zamba y Cueca en C.A.J.A (18:00 hs).<\/p>\n\n\n\n<p><strong>Viernes 30: Lanzamientos y Noches de Cumbia<\/strong><\/p>\n\n\n\n<p>Volc\u00e1n: Lanzamiento oficial de los Carnavales en el Predio Estaci\u00f3n Tren Solar (10:00 hs).&nbsp;<\/p>\n\n\n\n<p>Ledesma: Gran noche de \"Luna de Ledesma\" (Rubro Cumbia) con La Sonora Imbatible y David y los Duendes (21:00 hs).&nbsp;<\/p>\n\n\n\n<p>San Pedro: Elecci\u00f3n de la Reina Provincial del Carnaval 2026 en la Plaza Belgrano (21:00 hs).&nbsp;<\/p>\n\n\n\n<p>Tilcara: Feria Gastron\u00f3mica (ma\u00f1ana) y muestra pict\u00f3rica de Ariel Cort\u00e9z \"Realismo M\u00e1gico\" (19:00 hs).&nbsp;<\/p>\n\n\n\n<p>Humahuaca: Danza con los Ballets Urus Virgen de la Candelaria (19:00 hs).<\/p>\n\n\n\n<p><strong>S\u00e1bado 31: Festivales en la Puna y Corsos Capitalinos<\/strong><\/p>\n\n\n\n<p>Purmamarca: XXXIX Concurso del Queso de Cabra con la m\u00fasica de Tom\u00e1s Lip\u00e1n y Memo Vilte (10:00 hs).&nbsp;<\/p>\n\n\n\n<p>San Salvador: Gran despliegue de los Corsos Capitalinos 2026 en Av. General Savio (16:00 a 00:00 hs).&nbsp;<\/p>\n\n\n\n<p>Puna y Quebrada: Festival del Cordero (Pozuelos), Festival de Artesan\u00edas (Rinconadillas) y Festival de la Marcada Taurina (Casabindo).&nbsp;<\/p>\n\n\n\n<p>El Carmen: Solemne Serenata a Jorge Cafrune en la Plaza Central con Los Cantores del Alba (21:00 hs).&nbsp;<\/p>\n\n\n\n<p>San Antonio: Carnaval en el Dique La Ci\u00e9naga con m\u00fasica en vivo y topamientos (16:00 hs).&nbsp;<\/p>\n\n\n\n<p>Tilcara: Pasacalle de Comparsas (17:00 hs) y Festival Nocturno de Doma y Folklore en Pe\u00f1a Encantada (20:00 hs).<\/p>\n\n\n\n<p><strong>Domingo 1: Historia, Tradici\u00f3n y Carnaval<\/strong><\/p>\n\n\n\n<p>Humahuaca: Recreaci\u00f3n hist\u00f3rica de la gesta del pueblo juje\u00f1o (10:00 hs), Doma y Folklore (15:00 hs) y el tradicional Baile del Torito (21:00 hs).&nbsp;<\/p>\n\n\n\n<p>San Salvador: Segunda jornada de los Corsos Capitalinos en Av. Savio (16:00 hs).&nbsp;<\/p>\n\n\n\n<p>Calilegua: Ceremonia ancestral \"Atinku\" de la Cultura Guaran\u00ed (16:00 hs).&nbsp;<\/p>\n\n\n\n<p>San Pedro: \"Ablande\" del Carnaval en Club Providencia (15:00 hs).<\/p>\n\n\n\n<p><strong>Lunes 2: D\u00eda de la Virgen de la Candelaria<\/strong><\/p>\n\n\n\n<p>Humahuaca: Fiestas Patronales con Misa, Procesi\u00f3n y Sikuris (08:30 hs). Por la noche, II Festival de la Candelaria con Erik Claros y M\u00f3nica Pantoja (Gratuito - 20:00 hs).&nbsp;<\/p>\n\n\n\n<p>Tumbaya y Cieneguillas: Celebraciones patronales en honor a la Virgen con danzas de cuartos y actos protocolares (Desde las 08:30 hs).&nbsp;<\/p>\n\n\n\n<p><strong>Santa Clara: Lunes Culturales en Av. Juan Jos\u00e9 Castro (20:00 hs).<\/strong>&nbsp;<\/p>\n\n\n\n<p><strong>Martes 3: Cierre Musical<\/strong>&nbsp;<\/p>\n\n\n\n<p>Humahuaca: Concierto de Ra\u00fal Olarte junto al Ensamble de M\u00fasica a la Carta en la explanada del Monumento (20:00 hs).&nbsp;<\/p>\n\n\n\n<p>Los eventos de Carnaval y festivales al aire libre pueden estar sujetos a cambios clim\u00e1ticos. Se recomienda llevar protector solar durante el d\u00eda y abrigo para las noches de Quebrada y Puna.&nbsp;<\/p>\n","protected":false},"excerpt":{"rendered":"<p>Entre el fervor de la Candelaria y los ablandes de Carnaval, la provincia de Jujuy cierra enero y comienza febrero con eventos en todo el territorio. La provincia entra en una de sus semanas m\u00e1s intensas a nivel cultural. Mientras el Enero Tilcare\u00f1o contin\u00faa su marcha, Humahuaca, Tumbaya y Cieneguillas se visten de fiesta para [&hellip;]<\/p>\n","protected":false},"author":5,"featured_media":437965,"comment_status":"open","ping_status":"open","sticky":false,"template":"","format":"standard","meta":{"_stopmodifiedupdate":false,"_modified_date":"","inline_featured_image":false,"spay_email":"","jetpack_publicize_message":""},"categories":[832],"tags":[],"jetpack_featured_media_url":"https:\/\/notinor.com\/jujuy\/wp-content\/uploads\/2026\/01\/AGENDA.jpg","jetpack_publicize_connections":[],"_links":{"self":[{"href":"https:\/\/notinor.com\/jujuy\/wp-json\/wp\/v2\/posts\/437964"}],"collection":[{"href":"https:\/\/notinor.com\/jujuy\/wp-json\/wp\/v2\/posts"}],"about":[{"href":"https:\/\/notinor.com\/jujuy\/wp-json\/wp\/v2\/types\/post"}],"author":[{"embeddable":true,"href":"https:\/\/notinor.com\/jujuy\/wp-json\/wp\/v2\/users\/5"}],"replies":[{"embeddable":true,"href":"https:\/\/notinor.com\/jujuy\/wp-json\/wp\/v2\/comments?post=437964"}],"version-history":[{"count":1,"href":"https:\/\/notinor.com\/jujuy\/wp-json\/wp\/v2\/posts\/437964\/revisions"}],"predecessor-version":[{"id":437966,"href":"https:\/\/notinor.com\/jujuy\/wp-json\/wp\/v2\/posts\/437964\/revisions\/437966"}],"wp:featuredmedia":[{"embeddable":true,"href":"https:\/\/notinor.com\/jujuy\/wp-json\/wp\/v2\/media\/437965"}],"wp:attachment":[{"href":"https:\/\/notinor.com\/jujuy\/wp-json\/wp\/v2\/media?parent=437964"}],"wp:term":[{"taxonomy":"category","embeddable":true,"href":"https:\/\/notinor.com\/jujuy\/wp-json\/wp\/v2\/categories?post=437964"},{"taxonomy":"post_tag","embeddable":true,"href":"https:\/\/notinor.com\/jujuy\/wp-json\/wp\/v2\/tags?post=437964"}],"curies":[{"name":"wp","href":"https:\/\/api.w.org\/{rel}","templated":true}]}}