{"id":437961,"date":"2026-01-29T10:20:23","date_gmt":"2026-01-29T13:20:23","guid":{"rendered":"https:\/\/notinor.com\/jujuy\/?p=437961"},"modified":"2026-01-29T10:20:26","modified_gmt":"2026-01-29T13:20:26","slug":"convenio-entre-seguridad-y-perico-la-policia-operara-el-centro-de-monitoreo-911","status":"publish","type":"post","link":"https:\/\/notinor.com\/jujuy\/convenio-entre-seguridad-y-perico-la-policia-operara-el-centro-de-monitoreo-911\/","title":{"rendered":"Convenio entre Seguridad y Perico: la Polic\u00eda operar\u00e1 el Centro de Monitoreo 911"},"content":{"rendered":"\n<p class=\"has-medium-font-size\"><strong><em>Autoridades del Ministerio de Seguridad, con el secretario Juan Manuel Pulleiro a la cabeza, rubricaron un acuerdo con el intendente Rolando Ficoseco.<\/em><\/strong><\/p>\n\n\n<div class=\"wp-block-image\">\n<figure class=\"aligncenter\"><img decoding=\"async\" src=\"https:\/\/media.prensa.jujuy.gob.ar\/p\/6e23334222e27b1c076b0f407b60daa8\/adjuntos\/301\/imagenes\/000\/422\/0000422605\/1200x0\/smart\/ficoseco-2.jpg\" alt=\"Convenio entre Seguridad y Perico: la Polic\u00eda operar\u00e1 el Centro de Monitoreo 911\" title=\"Convenio entre Seguridad y Perico: la Polic\u00eda operar\u00e1 el Centro de Monitoreo 911\"\/><\/figure><\/div>\n\n\n<p>Se concret\u00f3 la firma de un convenio de cooperaci\u00f3n entre el secretario de Seguridad, <strong>Juan Manuel Pulleiro;<\/strong> la Jefa del Centro de Monitoreo Unificado 911, <strong>Mirta Ramos;<\/strong> el jefe de la Oficina TIC del Ministerio de Seguridad, <strong>Fabio Aracena<\/strong>; y el intendente de la ciudad de Perico, <strong>Rolando Ficoseco,<\/strong> con el\u00a0<strong>objetivo de optimizar el funcionamiento del Centro de Monitoreo de la ciudad de Perico\u00a0<\/strong>y fortalecer las pol\u00edticas de seguridad ciudadana.<a href=\"https:\/\/media.prensa.jujuy.gob.ar\/p\/6e23334222e27b1c076b0f407b60daa8\/adjuntos\/301\/imagenes\/000\/422\/0000422605\/1200x0\/smart\/ficoseco-2.jpg\"><\/a><\/p>\n\n\n\n<figure class=\"wp-block-image\"><img decoding=\"async\" src=\"https:\/\/media.prensa.jujuy.gob.ar\/p\/98d15a8e7d3f1d494f849b0ab5af9621\/adjuntos\/301\/imagenes\/000\/422\/0000422603\/1200x0\/smart\/ficoseco.jpg\" alt=\"Convenio entre Seguridad y Perico: la Polic\u00eda operar\u00e1 el Centro de Monitoreo 911\" title=\"Convenio entre Seguridad y Perico: la Polic\u00eda operar\u00e1 el Centro de Monitoreo 911\"\/><\/figure>\n\n\n\n<p>El acuerdo apunta a promover la prevenci\u00f3n, disuasi\u00f3n y detecci\u00f3n temprana de hechos delictivos, contravenciones y faltas, as\u00ed como a mejorar la intervenci\u00f3n operativa ante emergencias y situaciones de riesgo que puedan afectar la integridad de las personas, los bienes p\u00fablicos y privados, y la convivencia social.<a href=\"https:\/\/media.prensa.jujuy.gob.ar\/p\/98d15a8e7d3f1d494f849b0ab5af9621\/adjuntos\/301\/imagenes\/000\/422\/0000422603\/1200x0\/smart\/ficoseco.jpg\"><\/a><\/p>\n\n\n\n<figure class=\"wp-block-image\"><img decoding=\"async\" src=\"https:\/\/media.prensa.jujuy.gob.ar\/p\/e7c32ff031abb179cfbf185d5687a4ba\/adjuntos\/301\/imagenes\/000\/422\/0000422604\/1200x0\/smart\/ficoseco-1.jpg\" alt=\"Convenio entre Seguridad y Perico: la Polic\u00eda operar\u00e1 el Centro de Monitoreo 911\" title=\"Convenio entre Seguridad y Perico: la Polic\u00eda operar\u00e1 el Centro de Monitoreo 911\"\/><\/figure>\n\n\n\n<p>A partir de este convenio,<strong>&nbsp;el Centro de Monitoreo de la ciudad de Perico<\/strong>, que anteriormente se encontraba bajo competencia municipal, pasar\u00e1 a ser&nbsp;<strong>operado por efectivos de la Polic\u00eda de la Provincia de Jujuy<\/strong>. Asimismo, contar\u00e1 con la colaboraci\u00f3n de agentes municipales para la intervenci\u00f3n en materia de faltas, contravenciones y violaciones a las ordenanzas locales.<\/p>\n\n\n\n<p>Asimismo, la Municipalidad de Perico asumir\u00e1 la provisi\u00f3n de equipamiento tecnol\u00f3gico destinado al funcionamiento del Centro de Monitoreo 911 local, contribuyendo al fortalecimiento de la infraestructura operativa y garantizando su actualizaci\u00f3n permanente.&nbsp;<\/p>\n\n\n\n<p>Este paso constituye una estrategia articulada entre el Ministerio de Seguridad y el municipio, orientada a optimizar los recursos tecnol\u00f3gicos, fortalecer la prevenci\u00f3n y mejorar la capacidad de respuesta operativa en el territorio.<\/p>\n","protected":false},"excerpt":{"rendered":"<p>Autoridades del Ministerio de Seguridad, con el secretario Juan Manuel Pulleiro a la cabeza, rubricaron un acuerdo con el intendente Rolando Ficoseco. Se concret\u00f3 la firma de un convenio de cooperaci\u00f3n entre el secretario de Seguridad, Juan Manuel Pulleiro; la Jefa del Centro de Monitoreo Unificado 911, Mirta Ramos; el jefe de la Oficina TIC [&hellip;]<\/p>\n","protected":false},"author":5,"featured_media":437962,"comment_status":"open","ping_status":"open","sticky":false,"template":"","format":"standard","meta":{"_stopmodifiedupdate":false,"_modified_date":"","inline_featured_image":false,"spay_email":"","jetpack_publicize_message":""},"categories":[3],"tags":[],"jetpack_featured_media_url":"https:\/\/notinor.com\/jujuy\/wp-content\/uploads\/2026\/01\/CONVENIO.jpg","jetpack_publicize_connections":[],"_links":{"self":[{"href":"https:\/\/notinor.com\/jujuy\/wp-json\/wp\/v2\/posts\/437961"}],"collection":[{"href":"https:\/\/notinor.com\/jujuy\/wp-json\/wp\/v2\/posts"}],"about":[{"href":"https:\/\/notinor.com\/jujuy\/wp-json\/wp\/v2\/types\/post"}],"author":[{"embeddable":true,"href":"https:\/\/notinor.com\/jujuy\/wp-json\/wp\/v2\/users\/5"}],"replies":[{"embeddable":true,"href":"https:\/\/notinor.com\/jujuy\/wp-json\/wp\/v2\/comments?post=437961"}],"version-history":[{"count":1,"href":"https:\/\/notinor.com\/jujuy\/wp-json\/wp\/v2\/posts\/437961\/revisions"}],"predecessor-version":[{"id":437963,"href":"https:\/\/notinor.com\/jujuy\/wp-json\/wp\/v2\/posts\/437961\/revisions\/437963"}],"wp:featuredmedia":[{"embeddable":true,"href":"https:\/\/notinor.com\/jujuy\/wp-json\/wp\/v2\/media\/437962"}],"wp:attachment":[{"href":"https:\/\/notinor.com\/jujuy\/wp-json\/wp\/v2\/media?parent=437961"}],"wp:term":[{"taxonomy":"category","embeddable":true,"href":"https:\/\/notinor.com\/jujuy\/wp-json\/wp\/v2\/categories?post=437961"},{"taxonomy":"post_tag","embeddable":true,"href":"https:\/\/notinor.com\/jujuy\/wp-json\/wp\/v2\/tags?post=437961"}],"curies":[{"name":"wp","href":"https:\/\/api.w.org\/{rel}","templated":true}]}}