{"id":437955,"date":"2026-01-28T21:48:00","date_gmt":"2026-01-29T00:48:00","guid":{"rendered":"https:\/\/notinor.com\/jujuy\/?p=437955"},"modified":"2026-01-28T09:48:41","modified_gmt":"2026-01-28T09:48:41","slug":"restriccion-parcial-del-transito-en-av-general-savio","status":"publish","type":"post","link":"https:\/\/notinor.com\/jujuy\/restriccion-parcial-del-transito-en-av-general-savio\/","title":{"rendered":"Restricci\u00f3n parcial del tr\u00e1nsito en Av. General Savio"},"content":{"rendered":"\n<p class=\"has-medium-font-size\"><strong><em>La Secretar\u00eda de Servicios P\u00fablicos, a trav\u00e9s de la Direcci\u00f3n General de Tr\u00e1nsito y Transporte, inform\u00f3 que el pr\u00f3ximo jueves 29, en el horario de 08:00 a 13:00, se llevar\u00e1 a cabo una restricci\u00f3n parcial del tr\u00e1nsito vehicular sobre la Avenida General Savio.<\/em><\/strong><\/p>\n\n\n<div class=\"wp-block-image\">\n<figure class=\"aligncenter\"><img decoding=\"async\" src=\"https:\/\/www.sansalvadordejujuy.gob.ar\/wp-content\/uploads\/2024\/10\/operativo-de-limpieza-Av.Savio-Prensa-Muni-Jujuy-3-1024x578.jpg\" alt=\"\" class=\"wp-image-79109\"\/><\/figure><\/div>\n\n\n<p>La medida se debe a tareas de limpieza y acondicionamiento que se realizar\u00e1n en el tramo comprendido entre el Servicio Penitenciario y la Estaci\u00f3n de Servicio \u201cSIGMA\u201d, afectando la circulaci\u00f3n a media calzada en el sentido de salida de la ciudad.<\/p>\n\n\n\n<p>Desde el \u00e1rea se solicita a los conductores circular con m\u00e1xima precauci\u00f3n, respetar la carteler\u00eda preventiva y atender las indicaciones del personal apostado en el lugar, a fin de evitar inconvenientes y garantizar la seguridad vial.<\/p>\n","protected":false},"excerpt":{"rendered":"<p>La Secretar\u00eda de Servicios P\u00fablicos, a trav\u00e9s de la Direcci\u00f3n General de Tr\u00e1nsito y Transporte, inform\u00f3 que el pr\u00f3ximo jueves 29, en el horario de 08:00 a 13:00, se llevar\u00e1 a cabo una restricci\u00f3n parcial del tr\u00e1nsito vehicular sobre la Avenida General Savio. La medida se debe a tareas de limpieza y acondicionamiento que se [&hellip;]<\/p>\n","protected":false},"author":5,"featured_media":437956,"comment_status":"open","ping_status":"open","sticky":false,"template":"","format":"standard","meta":{"_stopmodifiedupdate":false,"_modified_date":"","inline_featured_image":false,"spay_email":"","jetpack_publicize_message":""},"categories":[514],"tags":[],"jetpack_featured_media_url":"https:\/\/notinor.com\/jujuy\/wp-content\/uploads\/2026\/01\/LIMPIEZA-1.jpg","jetpack_publicize_connections":[],"_links":{"self":[{"href":"https:\/\/notinor.com\/jujuy\/wp-json\/wp\/v2\/posts\/437955"}],"collection":[{"href":"https:\/\/notinor.com\/jujuy\/wp-json\/wp\/v2\/posts"}],"about":[{"href":"https:\/\/notinor.com\/jujuy\/wp-json\/wp\/v2\/types\/post"}],"author":[{"embeddable":true,"href":"https:\/\/notinor.com\/jujuy\/wp-json\/wp\/v2\/users\/5"}],"replies":[{"embeddable":true,"href":"https:\/\/notinor.com\/jujuy\/wp-json\/wp\/v2\/comments?post=437955"}],"version-history":[{"count":1,"href":"https:\/\/notinor.com\/jujuy\/wp-json\/wp\/v2\/posts\/437955\/revisions"}],"predecessor-version":[{"id":437957,"href":"https:\/\/notinor.com\/jujuy\/wp-json\/wp\/v2\/posts\/437955\/revisions\/437957"}],"wp:featuredmedia":[{"embeddable":true,"href":"https:\/\/notinor.com\/jujuy\/wp-json\/wp\/v2\/media\/437956"}],"wp:attachment":[{"href":"https:\/\/notinor.com\/jujuy\/wp-json\/wp\/v2\/media?parent=437955"}],"wp:term":[{"taxonomy":"category","embeddable":true,"href":"https:\/\/notinor.com\/jujuy\/wp-json\/wp\/v2\/categories?post=437955"},{"taxonomy":"post_tag","embeddable":true,"href":"https:\/\/notinor.com\/jujuy\/wp-json\/wp\/v2\/tags?post=437955"}],"curies":[{"name":"wp","href":"https:\/\/api.w.org\/{rel}","templated":true}]}}