{"id":437952,"date":"2026-01-28T21:38:00","date_gmt":"2026-01-29T00:38:00","guid":{"rendered":"https:\/\/notinor.com\/jujuy\/?p=437952"},"modified":"2026-01-28T09:38:07","modified_gmt":"2026-01-28T09:38:07","slug":"para-contribuir-a-la-reduccion-de-emisiones-el-parque-botanico-no-abrira-los-lunes","status":"publish","type":"post","link":"https:\/\/notinor.com\/jujuy\/para-contribuir-a-la-reduccion-de-emisiones-el-parque-botanico-no-abrira-los-lunes\/","title":{"rendered":"Para contribuir a la reducci\u00f3n de emisiones, el Parque Bot\u00e1nico no abrir\u00e1 los lunes"},"content":{"rendered":"\n<p class=\"has-medium-font-size\"><strong><em>La Municipalidad de San Salvador de Jujuy reafirm\u00f3 su compromiso con la conservaci\u00f3n ambiental y, en el marco de la conmemoraci\u00f3n del D\u00eda Mundial de la Reducci\u00f3n de las Emisiones de Di\u00f3xido de Carbono, anunci\u00f3 que el Parque Bot\u00e1nico Municipal \u201cBar\u00f3n Carlos Mar\u00eda Schuel\u201d, ubicado en el barrio Los Perales, permanecer\u00e1 cerrado los d\u00edas lunes.<\/em><\/strong><\/p>\n\n\n<div class=\"wp-block-image\">\n<figure class=\"aligncenter\"><img decoding=\"async\" src=\"https:\/\/www.sansalvadordejujuy.gob.ar\/wp-content\/uploads\/2026\/01\/Dia-mundial-por-la-reduccion-de-emision-del-CO2-Prensa-Muni-Jujuy1-1024x574.jpg\" alt=\"\" class=\"wp-image-99622\"\/><\/figure><\/div>\n\n\n<p>La medida fue oficializada por <strong>Marcela Gaspar,<\/strong> directora del Parque Bot\u00e1nico Municipal, quien explic\u00f3 que la decisi\u00f3n se adopt\u00f3 en consonancia con la Resoluci\u00f3n N.\u00ba 1-DGA\/2026 de la Direcci\u00f3n General de Ambiente.<\/p>\n\n\n\n<p>\u201cHoy, en el D\u00eda Mundial de la Reducci\u00f3n de las Emisiones de Di\u00f3xido de Carbono, desde el Parque Bot\u00e1nico queremos contarle a la comunidad cu\u00e1les son las acciones que llevamos adelante desde el municipio para reducir nuestra huella de carbono y proteger el ambiente\u201d, expres\u00f3 Gaspar.<\/p>\n\n\n\n<p>En ese sentido, indic\u00f3 que a partir de dicha resoluci\u00f3n se dispuso el cierre del parque los d\u00edas lunes para realizar tareas de mantenimiento general, acondicionamiento de senderos y preservaci\u00f3n de la biodiversidad. \u201cDe esta manera evitamos una mayor intervenci\u00f3n humana y contribuimos a mantener el espacio verde lo m\u00e1s natural posible, reduciendo las emisiones asociadas a la actividad diaria\u201d, explic\u00f3.<\/p>\n\n\n<div class=\"wp-block-image\">\n<figure class=\"aligncenter\"><img decoding=\"async\" src=\"https:\/\/www.sansalvadordejujuy.gob.ar\/wp-content\/uploads\/2026\/01\/Dia-mundial-por-la-reduccion-de-emision-del-CO2-Prensa-Muni-Jujuy-1024x574.jpg\" alt=\"\" class=\"wp-image-99620\"\/><\/figure><\/div>\n\n\n<p>Asimismo, la funcionaria remarc\u00f3 que una de las principales l\u00edneas de trabajo del Parque Bot\u00e1nico es la educaci\u00f3n ambiental, orientada a concientizar a los visitantes sobre las peque\u00f1as acciones cotidianas que pueden ayudar a disminuir las emisiones de gases contaminantes y mitigar los efectos del cambio clim\u00e1tico.<\/p>\n\n\n\n<p>\u201cLos lunes no recibiremos visitas, ya que destinaremos esa jornada al mantenimiento del predio y, especialmente, a la capacitaci\u00f3n del personal, con el objetivo de seguir educando a la ciudadan\u00eda y promover pr\u00e1cticas que contribuyan a la reducci\u00f3n de las emisiones de di\u00f3xido de carbono\u201d, concluy\u00f3.<\/p>\n\n\n<div class=\"wp-block-image\">\n<figure class=\"aligncenter\"><img decoding=\"async\" src=\"https:\/\/www.sansalvadordejujuy.gob.ar\/wp-content\/uploads\/2026\/01\/Dia-mundial-por-la-reduccion-de-emision-del-CO2-Prensa-Muni-Jujuy3-1024x574.jpg\" alt=\"\" class=\"wp-image-99618\"\/><\/figure><\/div>\n\n\n<p><strong>Nota audiovisual:<\/strong>&nbsp;<a href=\"https:\/\/youtu.be\/rszrhZcIJ8k\">https:\/\/youtu.be\/rszrhZcIJ8k<\/a><\/p>\n","protected":false},"excerpt":{"rendered":"<p>La Municipalidad de San Salvador de Jujuy reafirm\u00f3 su compromiso con la conservaci\u00f3n ambiental y, en el marco de la conmemoraci\u00f3n del D\u00eda Mundial de la Reducci\u00f3n de las Emisiones de Di\u00f3xido de Carbono, anunci\u00f3 que el Parque Bot\u00e1nico Municipal \u201cBar\u00f3n Carlos Mar\u00eda Schuel\u201d, ubicado en el barrio Los Perales, permanecer\u00e1 cerrado los d\u00edas lunes. [&hellip;]<\/p>\n","protected":false},"author":5,"featured_media":437953,"comment_status":"open","ping_status":"open","sticky":false,"template":"","format":"standard","meta":{"_stopmodifiedupdate":false,"_modified_date":"","inline_featured_image":false,"spay_email":"","jetpack_publicize_message":""},"categories":[13],"tags":[],"jetpack_featured_media_url":"https:\/\/notinor.com\/jujuy\/wp-content\/uploads\/2026\/01\/parque-botanico.jpg","jetpack_publicize_connections":[],"_links":{"self":[{"href":"https:\/\/notinor.com\/jujuy\/wp-json\/wp\/v2\/posts\/437952"}],"collection":[{"href":"https:\/\/notinor.com\/jujuy\/wp-json\/wp\/v2\/posts"}],"about":[{"href":"https:\/\/notinor.com\/jujuy\/wp-json\/wp\/v2\/types\/post"}],"author":[{"embeddable":true,"href":"https:\/\/notinor.com\/jujuy\/wp-json\/wp\/v2\/users\/5"}],"replies":[{"embeddable":true,"href":"https:\/\/notinor.com\/jujuy\/wp-json\/wp\/v2\/comments?post=437952"}],"version-history":[{"count":1,"href":"https:\/\/notinor.com\/jujuy\/wp-json\/wp\/v2\/posts\/437952\/revisions"}],"predecessor-version":[{"id":437954,"href":"https:\/\/notinor.com\/jujuy\/wp-json\/wp\/v2\/posts\/437952\/revisions\/437954"}],"wp:featuredmedia":[{"embeddable":true,"href":"https:\/\/notinor.com\/jujuy\/wp-json\/wp\/v2\/media\/437953"}],"wp:attachment":[{"href":"https:\/\/notinor.com\/jujuy\/wp-json\/wp\/v2\/media?parent=437952"}],"wp:term":[{"taxonomy":"category","embeddable":true,"href":"https:\/\/notinor.com\/jujuy\/wp-json\/wp\/v2\/categories?post=437952"},{"taxonomy":"post_tag","embeddable":true,"href":"https:\/\/notinor.com\/jujuy\/wp-json\/wp\/v2\/tags?post=437952"}],"curies":[{"name":"wp","href":"https:\/\/api.w.org\/{rel}","templated":true}]}}