{"id":437933,"date":"2026-01-28T20:17:15","date_gmt":"2026-01-28T23:17:15","guid":{"rendered":"https:\/\/notinor.com\/jujuy\/?p=437933"},"modified":"2026-01-28T20:29:23","modified_gmt":"2026-01-28T23:29:23","slug":"reforma-laboral-bullrich-se-reunio-con-senadores-aliados-y-hablo-de-un-acuerdo-consolidado-pero-habra-cambios","status":"publish","type":"post","link":"https:\/\/notinor.com\/jujuy\/reforma-laboral-bullrich-se-reunio-con-senadores-aliados-y-hablo-de-un-acuerdo-consolidado-pero-habra-cambios\/","title":{"rendered":"Reforma laboral: Bullrich se reuni\u00f3 con senadores aliados y habl\u00f3 de un \u201cacuerdo consolidado\u201d, pero habr\u00e1 cambios"},"content":{"rendered":"\n<p class=\"has-medium-font-size\"><strong><em>La jefa libertaria se junt\u00f3 con sus pares dialoguistas en las oficinas de la UCR. Hubo recolecci\u00f3n de pedidos y habr\u00e1 conversaciones con el Ejecutivo hasta el martes.<\/em><\/strong><\/p>\n\n\n\n<p><\/p>\n\n\n<div class=\"wp-block-image\">\n<figure class=\"aligncenter size-full\"><img decoding=\"async\" loading=\"lazy\" width=\"800\" height=\"450\" src=\"https:\/\/notinor.com\/jujuy\/wp-content\/uploads\/2026\/01\/patricia-bullrich-y-eduardo-vischi.jpg\" alt=\"\" class=\"wp-image-437934\" srcset=\"https:\/\/notinor.com\/jujuy\/wp-content\/uploads\/2026\/01\/patricia-bullrich-y-eduardo-vischi.jpg 800w, https:\/\/notinor.com\/jujuy\/wp-content\/uploads\/2026\/01\/patricia-bullrich-y-eduardo-vischi-649x365.jpg 649w, https:\/\/notinor.com\/jujuy\/wp-content\/uploads\/2026\/01\/patricia-bullrich-y-eduardo-vischi-500x280.jpg 500w, https:\/\/notinor.com\/jujuy\/wp-content\/uploads\/2026\/01\/patricia-bullrich-y-eduardo-vischi-768x432.jpg 768w, https:\/\/notinor.com\/jujuy\/wp-content\/uploads\/2026\/01\/patricia-bullrich-y-eduardo-vischi-750x422.jpg 750w\" sizes=\"(max-width: 800px) 100vw, 800px\" \/><figcaption class=\"wp-element-caption\">La jefa de La Libertad en el Senado, Patricia Bullrich, y su par de la UCR, Eduardo Vischi<\/figcaption><\/figure><\/div>\n\n\n<p><\/p>\n\n\n\n<p><strong>La jefa de La Libertad Avanza en el Senado, Patricia Bullrich, se reuni\u00f3 con sus pares \u201cdialoguistas\u201d para recolectar y pasar en limpio los pedidos de cambios al dictamen de mayor\u00eda de la reforma laboral, que el oficialismo aspira a tratar antes que finalice la primera quincena de febrero, en sesiones extraordinarias.<\/strong> Al t\u00e9rmino del c\u00f3nclave, la ex ministra de Seguridad asegur\u00f3 a medios acreditados en el Congreso -entre ellos, Infobae- que hay un \u201cacuerdo bastante consolidado\u201d, aunque reconoci\u00f3 que habr\u00e1 modificaciones en el despacho firmado en diciembre pasado.<\/p>\n\n\n\n<p>El convite dur\u00f3 m\u00e1s de dos horas y se realiz\u00f3 en las oficinas centrales de la bancada de la Uni\u00f3n C\u00edvica Radical (UCR) en la C\u00e1mara alta, que comanda el correntino Eduardo Vischi. De hecho, Bullrich lleg\u00f3 media hora m\u00e1s temprano de lo pactado -14.30, en vez de las 15- y todo finaliz\u00f3 a las 17.30.<\/p>\n\n\n\n<p><strong>Tambi\u00e9n participaron Flavia Roy\u00f3n (Primero los Salte\u00f1os), Carlos Esp\u00ednola (Provincias Unidas-Corrientes), el renovador -no massista- Carlos Arce (Misiones) y la santacruce\u00f1a Natalia Gadano, quien fue una de las que lleg\u00f3 tarde. No se vio a nadie del PRO y al principio esto llam\u00f3 la atenci\u00f3n, aunque desde el oficialismo luego aclararon que se debi\u00f3 a problemas de log\u00edstica y con aviso correspondiente.<\/strong><\/p>\n\n\n\n<p>A partir de ahora comenzar\u00e1 un nuevo ida y vuelta entre el Senado y la Casa Rosada hasta el martes pr\u00f3ximo, cuando vuelvan a juntarse oficialistas y aliados. <strong>\u201cEstuvimos en un di\u00e1logo muy abierto con los bloques con los que hemos reunido 44 voluntades -en referencia a diciembre \u00faltimo- y estamos trabajando. Tenemos un acuerdo bastante consolidado que se conocer\u00e1 en el momento oportuno, pero realmente el trabajo en equipo se est\u00e1 logrando bien, con grandes avances\u201d,<\/strong> sentenci\u00f3 la representante por la Ciudad de Buenos Aires.<\/p>\n\n\n\n<p>Al ser consultada sobre el cap\u00edtulo fiscal -ca\u00edda de la coparticipaci\u00f3n, tanto en Naci\u00f3n y provincias, por beneficios en Ganancias a grandes empresas-, opin\u00f3: <strong>\u201cEs un tema que est\u00e1 m\u00e1s en manos del poder Ejecutivo. Por supuesto que los senadores miran que es importante que las provincias tengan sus recursos, pero todav\u00eda no se ha resuelto y est\u00e1 en discusi\u00f3n\u201d.<\/strong><\/p>\n\n\n\n<p>Sobre el primer punto, Vischi manifest\u00f3: \u201cLa verdad es que tenemos un entendimiento bastante importante, un porcentaje muy alto y estamos convencidos de que la ley laboral tiene que salir porque lo est\u00e1 esperando toda la sociedad\u201d. No obstante, a\u00f1adi\u00f3: <strong>\u201cSiempre hay algunas cuestiones desde el punto de vista federal que preocupan, como el tema positivo, pero muchas veces sabemos que hay que hacer esfuerzo para tratar de sacar a la Argentina adelante\u201d.<\/strong><\/p>\n\n\n\n<p>Al ser repreguntado por el cap\u00edtulo tributario, el correntino sostuvo: \u201cYo creo que tiene que haber alguna alternativa, as\u00ed como se plantea la posibilidad, en nuestro caso, de algunas diferenciaciones con respecto a las empresas grandes, medianas y chicas. De todos modos, lo que estamos viendo es que hay una actitud de colaborar\u201d.<\/p>\n\n\n\n<p><strong>\u201cTenemos para discutir unos d\u00edas m\u00e1s y a lo mejor, tambi\u00e9n en el entendimiento de c\u00f3mo va configur\u00e1ndose la relaci\u00f3n del Gobierno nacional con las provincias, se puede terminar de acordar y tratar lo antes posible\u201d,<\/strong> subray\u00f3 el titular de la UCR en la C\u00e1mara alta. Adem\u00e1s, habl\u00f3 de \u201calgunos art\u00edculos con palabras que hab\u00eda que sacar porque hac\u00edan ruido, pero nos parece, en general, que la ley est\u00e1 bastante bien\u201d.<\/p>\n\n\n\n<p>De nuevo con Bullrich, la legisladora explic\u00f3:<strong> \u201cEn Am\u00e9rica Latina, es el pa\u00eds -Argentina- con menos empresas cada 1000 habitantes. Nosotros tenemos 12 cada 1000 habitantes, cuando Uruguay nos quintuplica, por ejemplo. O Brasil, que nos duplica.<\/strong> Entonces, esta ley tiene como objetivo relaciones laborales m\u00e1s modernas, menos litigiosidad, generar los mismos mecanismos de nuestros vecinos para acelerar el crecimiento de las empresas, a partir de los mecanismos que tiene el RIMI -R\u00e9gimen de Incentivo para Medianas Inversiones-, como antes existi\u00f3 el RIGI. Sabemos que esto genera una discusi\u00f3n respecto a los recursos y qui\u00e9n los pone. Eso est\u00e1 bajo un paraguas y lo vamos a discutir\u201d.<\/p>\n\n\n\n<p><strong>\u201cUstedes habr\u00e1n visto que estuvimos m\u00e1s de dos horas trabajando, mirando la ley, estudi\u00e1ndola, as\u00ed que estamos seguros que vamos a llegar a un acuerdo y que el pa\u00eds va a seguir adelante con su modernizaci\u00f3n\u201d,<\/strong> enfatiz\u00f3 la jefa libertaria.<\/p>\n\n\n\n<p class=\"has-medium-font-size\"><strong>Juicios laborales<\/strong><\/p>\n\n\n\n<p>En medio del intercambio entre Bullrich, Vischi y acreditados surgi\u00f3 una duda sobre la litigiosidad. En esa l\u00ednea, la legisladora porte\u00f1a detall\u00f3: <strong>\u201cHoy, todos sabemos que los juicios laborales destruyen muchas empresas. \u00bfPor qu\u00e9? Porque se deformaron. Antes -por la actualidad- la base qued\u00f3 igual y es un salario por a\u00f1o, pero le pusieron un mont\u00f3n de otras cosas que terminaron deformando. Hoy, en realidad, estamos volviendo a la vieja ley de contrato de trabajo, que es un salario por a\u00f1o. Entonces, lo que queremos es dar previsibilidad, que el juicio no destruya empresas, que los empresarios se animen a contratar gente y que nazcan m\u00e1s empresas\".<\/strong><\/p>\n\n\n\n<p class=\"has-medium-font-size\"><strong>Incendios<\/strong><\/p>\n\n\n\n<p>Antes de la retirada de ambos, un inevitable requerimiento sobre si se incorporar\u00e1 al temario de extraordinarias -se inician el lunes pr\u00f3ximo- el drama de los incendios en el sur del pa\u00eds fue respondido por Bullrich, quien desliz\u00f3: <strong>\u201cEl Estado Nacional corre inmediatamente a ayudar y tambi\u00e9n genera mecanismos de ayuda posterior, como pas\u00f3 en -la inundaci\u00f3n de- Bah\u00eda Blanca. En eso, las provincias saben que cuentan. Lo tiene que decir el jefe de Gabinete, pero seguramente entre hoy y ma\u00f1ana esto va a aparecer en el en el temario\u201d.<\/strong><\/p>\n","protected":false},"excerpt":{"rendered":"<p>La jefa libertaria se junt\u00f3 con sus pares dialoguistas en las oficinas de la UCR. Hubo recolecci\u00f3n de pedidos y habr\u00e1 conversaciones con el Ejecutivo hasta el martes. La jefa de La Libertad Avanza en el Senado, Patricia Bullrich, se reuni\u00f3 con sus pares \u201cdialoguistas\u201d para recolectar y pasar en limpio los pedidos de cambios [&hellip;]<\/p>\n","protected":false},"author":49,"featured_media":437934,"comment_status":"open","ping_status":"open","sticky":false,"template":"","format":"standard","meta":{"_stopmodifiedupdate":false,"_modified_date":"","inline_featured_image":false,"spay_email":"","jetpack_publicize_message":""},"categories":[2,501],"tags":[],"jetpack_featured_media_url":"https:\/\/notinor.com\/jujuy\/wp-content\/uploads\/2026\/01\/patricia-bullrich-y-eduardo-vischi.jpg","jetpack_publicize_connections":[],"_links":{"self":[{"href":"https:\/\/notinor.com\/jujuy\/wp-json\/wp\/v2\/posts\/437933"}],"collection":[{"href":"https:\/\/notinor.com\/jujuy\/wp-json\/wp\/v2\/posts"}],"about":[{"href":"https:\/\/notinor.com\/jujuy\/wp-json\/wp\/v2\/types\/post"}],"author":[{"embeddable":true,"href":"https:\/\/notinor.com\/jujuy\/wp-json\/wp\/v2\/users\/49"}],"replies":[{"embeddable":true,"href":"https:\/\/notinor.com\/jujuy\/wp-json\/wp\/v2\/comments?post=437933"}],"version-history":[{"count":2,"href":"https:\/\/notinor.com\/jujuy\/wp-json\/wp\/v2\/posts\/437933\/revisions"}],"predecessor-version":[{"id":437936,"href":"https:\/\/notinor.com\/jujuy\/wp-json\/wp\/v2\/posts\/437933\/revisions\/437936"}],"wp:featuredmedia":[{"embeddable":true,"href":"https:\/\/notinor.com\/jujuy\/wp-json\/wp\/v2\/media\/437934"}],"wp:attachment":[{"href":"https:\/\/notinor.com\/jujuy\/wp-json\/wp\/v2\/media?parent=437933"}],"wp:term":[{"taxonomy":"category","embeddable":true,"href":"https:\/\/notinor.com\/jujuy\/wp-json\/wp\/v2\/categories?post=437933"},{"taxonomy":"post_tag","embeddable":true,"href":"https:\/\/notinor.com\/jujuy\/wp-json\/wp\/v2\/tags?post=437933"}],"curies":[{"name":"wp","href":"https:\/\/api.w.org\/{rel}","templated":true}]}}